{"id":17687,"date":"2023-08-27T22:58:13","date_gmt":"2023-08-27T20:58:13","guid":{"rendered":"https:\/\/www.friedenkoeln.de\/?p=17687"},"modified":"2023-08-27T22:58:13","modified_gmt":"2023-08-27T20:58:13","slug":"krieg-ist-kein-spiel-dfg-vk-aktion-vor-der-gamescom-in-koeln","status":"publish","type":"post","link":"https:\/\/www.friedenkoeln.de\/?p=17687","title":{"rendered":"Krieg ist kein Spiel &#8211; DFG-VK-Aktion vor der Gamescom in K\u00f6ln"},"content":{"rendered":"<p>Am vergangenen Freitag, den 25. August 2023, trafen Besucher*innen der Spielemesse Gamescom vor den Messehallen auf f\u00fcnf Mitglieder der DFG-VK-Ortsgruppen K\u00f6ln und D\u00fcsseldorf, die dort einen Infostand aufgebaut hatten. Die DFG-VK-Aktivisten warben f\u00fcr die Kampagne <a href=\"https:\/\/www.killer-roboter-stoppen.de\">&#8222;Killer-Roboter stoppen!&#8220;<\/a> und protestierten gegen die Anwesenheit der Bundeswehr in den Messehallen.<\/p>\n<blockquote><p>Zum Gl\u00fcck wurden die zeitweilig starken Regeng\u00fcsse immer wieder durch Sonnenschein unterbrochen,<\/p><\/blockquote>\n<p>berichtete einer der Aktivisten. So h\u00e4tte die Gruppe viele Gespr\u00e4che mit durchaus interessierten Messebesuchern f\u00fchren k\u00f6nnen. Nicht selten seien Besucher neugierig auf sie zugekommen.<\/p>\n<blockquote><p>Die Gespr\u00e4che verliefen \u00fcberwiegend angenehm, oft erfuhren wir dankbaren Zuspruch. Unsere Aufkl\u00e4rung \u00fcber KI-gesteuerte Killerroboter, die automatisch ohne menschliches Zutun und ohne Gerichtsverfahren einen T\u00f6tungsauftrag erledigen, wurde mit Interesse aufgenommen,<\/p><\/blockquote>\n<p>erg\u00e4nzte ein anderer zufrieden.<\/p>\n<div id=\"attachment_17689\" style=\"width: 528px\" class=\"wp-caption aligncenter\"><img loading=\"lazy\" decoding=\"async\" aria-describedby=\"caption-attachment-17689\" class=\"size-full wp-image-17689\" src=\"https:\/\/www.friedenkoeln.de\/wp-content\/uploads\/2023\/08\/2C91AFF7-0905-40EC-AA80-201FFE0336A5_4_5005_c.jpeg\" alt=\"\" width=\"518\" height=\"338\" srcset=\"https:\/\/www.friedenkoeln.de\/wp-content\/uploads\/2023\/08\/2C91AFF7-0905-40EC-AA80-201FFE0336A5_4_5005_c.jpeg 518w, https:\/\/www.friedenkoeln.de\/wp-content\/uploads\/2023\/08\/2C91AFF7-0905-40EC-AA80-201FFE0336A5_4_5005_c-200x131.jpeg 200w\" sizes=\"auto, (max-width: 518px) 100vw, 518px\" \/><p id=\"caption-attachment-17689\" class=\"wp-caption-text\">&#8222;Krieg ist kein Spiel&#8220; &#8211; Infostand der DFG-VK 25.8.2023 zur Gamescom vor der Messe K\u00f6ln. Foto: privat<\/p><\/div>\n<p>&nbsp;<\/p>\n","protected":false},"excerpt":{"rendered":"<p>Am vergangenen Freitag, den 25. August 2023, trafen Besucher*innen der Spielemesse Gamescom vor den Messehallen auf f\u00fcnf Mitglieder der DFG-VK-Ortsgruppen K\u00f6ln und D\u00fcsseldorf, die dort einen Infostand aufgebaut hatten. Die DFG-VK-Aktivisten warben f\u00fcr die&#46;&#46;&#46;<\/p>\n","protected":false},"author":110,"featured_media":17689,"comment_status":"open","ping_status":"open","sticky":false,"template":"","format":"standard","meta":{"footnotes":""},"categories":[105],"tags":[48,122,191],"class_list":["post-17687","post","type-post","status-publish","format-standard","has-post-thumbnail","hentry","category-bericht","tag-bundeswehr","tag-jugend","tag-kuenstliche-intelligenz"],"_links":{"self":[{"href":"https:\/\/www.friedenkoeln.de\/index.php?rest_route=\/wp\/v2\/posts\/17687","targetHints":{"allow":["GET"]}}],"collection":[{"href":"https:\/\/www.friedenkoeln.de\/index.php?rest_route=\/wp\/v2\/posts"}],"about":[{"href":"https:\/\/www.friedenkoeln.de\/index.php?rest_route=\/wp\/v2\/types\/post"}],"author":[{"embeddable":true,"href":"https:\/\/www.friedenkoeln.de\/index.php?rest_route=\/wp\/v2\/users\/110"}],"replies":[{"embeddable":true,"href":"https:\/\/www.friedenkoeln.de\/index.php?rest_route=%2Fwp%2Fv2%2Fcomments&post=17687"}],"version-history":[{"count":2,"href":"https:\/\/www.friedenkoeln.de\/index.php?rest_route=\/wp\/v2\/posts\/17687\/revisions"}],"predecessor-version":[{"id":17690,"href":"https:\/\/www.friedenkoeln.de\/index.php?rest_route=\/wp\/v2\/posts\/17687\/revisions\/17690"}],"wp:featuredmedia":[{"embeddable":true,"href":"https:\/\/www.friedenkoeln.de\/index.php?rest_route=\/wp\/v2\/media\/17689"}],"wp:attachment":[{"href":"https:\/\/www.friedenkoeln.de\/index.php?rest_route=%2Fwp%2Fv2%2Fmedia&parent=17687"}],"wp:term":[{"taxonomy":"category","embeddable":true,"href":"https:\/\/www.friedenkoeln.de\/index.php?rest_route=%2Fwp%2Fv2%2Fcategories&post=17687"},{"taxonomy":"post_tag","embeddable":true,"href":"https:\/\/www.friedenkoeln.de\/index.php?rest_route=%2Fwp%2Fv2%2Ftags&post=17687"}],"curies":[{"name":"wp","href":"https:\/\/api.w.org\/{rel}","templated":true}]}}