{"id":17692,"date":"2023-08-30T17:10:19","date_gmt":"2023-08-30T15:10:19","guid":{"rendered":"https:\/\/www.friedenkoeln.de\/?p=17692"},"modified":"2023-08-31T11:33:53","modified_gmt":"2023-08-31T09:33:53","slug":"bermuda-dreieck-fuer-steuergelder","status":"publish","type":"post","link":"https:\/\/www.friedenkoeln.de\/?p=17692","title":{"rendered":"Bermuda-Dreieck f\u00fcr Steuergelder"},"content":{"rendered":"<p><img loading=\"lazy\" decoding=\"async\" class=\"alignnone size-full wp-image-17693\" src=\"https:\/\/www.friedenkoeln.de\/wp-content\/uploads\/2023\/08\/aufruestungsspirale.jpg\" alt=\"Duden: Aufr\u00fcstungsspirale, die Wortart: substantiv, feminin\" width=\"2046\" height=\"1024\" srcset=\"https:\/\/www.friedenkoeln.de\/wp-content\/uploads\/2023\/08\/aufruestungsspirale.jpg 2046w, https:\/\/www.friedenkoeln.de\/wp-content\/uploads\/2023\/08\/aufruestungsspirale-200x100.jpg 200w, https:\/\/www.friedenkoeln.de\/wp-content\/uploads\/2023\/08\/aufruestungsspirale-768x384.jpg 768w, https:\/\/www.friedenkoeln.de\/wp-content\/uploads\/2023\/08\/aufruestungsspirale-1536x769.jpg 1536w\" sizes=\"auto, (max-width: 2046px) 100vw, 2046px\" \/><\/p>\n<p>Auf der verlinkten Seite dokumentiert die Bundesregierung den finanziellen und materiellen Umfang ihrer Kriegsbeteiligung. Zus\u00e4tzlich steht ein 26seitiges Dokument &#8222;Bilaterale Unterst\u00fctzungsleistungen der Bundesregierung f\u00fcr die Ukraine und Menschen aus der Ukraine&#8220; zur Ansicht zur Verf\u00fcgung. Mit Stand vom 11.07.2023 werden Gesamtausgaben in H\u00f6he von 22 Milliarden Euro seit dem 24.02.2022 aufgef\u00fchrt. Hinzu zu z\u00e4hlen w\u00e4ren weitere Leistungen wie Abnahmezusagen an und Subventionen f\u00fcr die R\u00fcstungsindustrie, indirekte Kosten wie die Sch\u00e4den f\u00fcr die deutsche Wirtschaft durch die gegen die Russische F\u00f6deration verh\u00e4ngten Sanktionen und der Sprengung der North Stream Pipeline durch befreundete Staaten.<\/p>\n<p><a href=\"https:\/\/www.bundesregierung.de\/breg-de\/schwerpunkte\/krieg-in-der-ukraine\/lieferungen-ukraine-2054514\" target=\"_blank\" rel=\"noopener\">https:\/\/www.bundesregierung.de\/breg-de\/schwerpunkte\/krieg-in-der-ukraine\/lieferungen-ukraine-2054514<\/a><\/p>\n","protected":false},"excerpt":{"rendered":"<p>Auf der verlinkten Seite dokumentiert die Bundesregierung den finanziellen und materiellen Umfang ihrer Kriegsbeteiligung. Zus\u00e4tzlich steht ein 26seitiges Dokument &#8222;Bilaterale Unterst\u00fctzungsleistungen der Bundesregierung f\u00fcr die Ukraine und Menschen aus der Ukraine&#8220; zur Ansicht zur&#46;&#46;&#46;<\/p>\n","protected":false},"author":110,"featured_media":17695,"comment_status":"open","ping_status":"open","sticky":false,"template":"","format":"standard","meta":{"footnotes":""},"categories":[106],"tags":[],"class_list":["post-17692","post","type-post","status-publish","format-standard","has-post-thumbnail","hentry","category-analyse"],"_links":{"self":[{"href":"https:\/\/www.friedenkoeln.de\/index.php?rest_route=\/wp\/v2\/posts\/17692","targetHints":{"allow":["GET"]}}],"collection":[{"href":"https:\/\/www.friedenkoeln.de\/index.php?rest_route=\/wp\/v2\/posts"}],"about":[{"href":"https:\/\/www.friedenkoeln.de\/index.php?rest_route=\/wp\/v2\/types\/post"}],"author":[{"embeddable":true,"href":"https:\/\/www.friedenkoeln.de\/index.php?rest_route=\/wp\/v2\/users\/110"}],"replies":[{"embeddable":true,"href":"https:\/\/www.friedenkoeln.de\/index.php?rest_route=%2Fwp%2Fv2%2Fcomments&post=17692"}],"version-history":[{"count":3,"href":"https:\/\/www.friedenkoeln.de\/index.php?rest_route=\/wp\/v2\/posts\/17692\/revisions"}],"predecessor-version":[{"id":17697,"href":"https:\/\/www.friedenkoeln.de\/index.php?rest_route=\/wp\/v2\/posts\/17692\/revisions\/17697"}],"wp:featuredmedia":[{"embeddable":true,"href":"https:\/\/www.friedenkoeln.de\/index.php?rest_route=\/wp\/v2\/media\/17695"}],"wp:attachment":[{"href":"https:\/\/www.friedenkoeln.de\/index.php?rest_route=%2Fwp%2Fv2%2Fmedia&parent=17692"}],"wp:term":[{"taxonomy":"category","embeddable":true,"href":"https:\/\/www.friedenkoeln.de\/index.php?rest_route=%2Fwp%2Fv2%2Fcategories&post=17692"},{"taxonomy":"post_tag","embeddable":true,"href":"https:\/\/www.friedenkoeln.de\/index.php?rest_route=%2Fwp%2Fv2%2Ftags&post=17692"}],"curies":[{"name":"wp","href":"https:\/\/api.w.org\/{rel}","templated":true}]}}