{"id":17709,"date":"2023-09-13T17:20:20","date_gmt":"2023-09-13T15:20:20","guid":{"rendered":"https:\/\/www.friedenkoeln.de\/?p=17709"},"modified":"2023-09-13T17:20:20","modified_gmt":"2023-09-13T15:20:20","slug":"deutschlands-sicherheit-wird-nicht-in-afrika-verteidigt-pressemitteilung-der-dfg-vk-koeln","status":"publish","type":"post","link":"https:\/\/www.friedenkoeln.de\/?p=17709","title":{"rendered":"Deutschlands Sicherheit wird nicht in Afrika verteidigt &#8211; Pressemitteilung der DFG-VK K\u00f6ln"},"content":{"rendered":"<div id=\"attachment_17708\" style=\"width: 510px\" class=\"wp-caption alignright\"><img loading=\"lazy\" decoding=\"async\" aria-describedby=\"caption-attachment-17708\" class=\"size-medium wp-image-17708\" src=\"https:\/\/www.friedenkoeln.de\/wp-content\/uploads\/2023\/09\/globe-1029213_1280-image-by-peggy-und-marco-lachmann-anke-from-pixabay-500x500.jpg\" alt=\"\" width=\"500\" height=\"500\" srcset=\"https:\/\/www.friedenkoeln.de\/wp-content\/uploads\/2023\/09\/globe-1029213_1280-image-by-peggy-und-marco-lachmann-anke-from-pixabay-500x500.jpg 500w, https:\/\/www.friedenkoeln.de\/wp-content\/uploads\/2023\/09\/globe-1029213_1280-image-by-peggy-und-marco-lachmann-anke-from-pixabay-80x80.jpg 80w, https:\/\/www.friedenkoeln.de\/wp-content\/uploads\/2023\/09\/globe-1029213_1280-image-by-peggy-und-marco-lachmann-anke-from-pixabay-320x320.jpg 320w\" sizes=\"auto, (max-width: 500px) 100vw, 500px\" \/><p id=\"caption-attachment-17708\" class=\"wp-caption-text\">Foto von Peggy und Marco Lachmann-Anke bei pixabay<\/p><\/div>\n<p>K\u00f6ln, den 13. September 2023<\/p>\n<h3>Pressemeldung<br \/>\nDeutschlands Sicherheit wird nicht in der Sahel-Zone verteidigt!<\/h3>\n<p><a href=\"https:\/\/www.friedenkoeln.de\/wp-content\/uploads\/2023\/09\/230913-Pressemeldung-Deutsche-Friedensgesellschaft-zum-Abzug-deutscher-Soldaten-aus-Afrika.pdf\" target=\"_blank\" rel=\"noopener\">Pressemitteilung herunterladen (pdf)<\/a><\/p>\n<p>Am 06. Juli hat der Bundestag gegen den Antrag der CDU\/CSU-Fraktion gestimmt, die deutschen Soldaten umgehend aus Mali abzuziehen. Entgegen der Intention der Bundesregierung, die Soldaten der Bundeswehr zumindest bis 2024 dort zu belassen, hat der Sicherheitsrat der Vereinten Nationen die Beendigung des Einsatzes zum Jahresende 2023 beschlossen. Damit kommt er der Forderung von Mali\u00b4s Regierung nach, alle fremden Truppen sp\u00e4testens bis Fr\u00fchjahr 2024 abzuziehen. Jetzt stockt der Abzug der deutschen Truppen \u00fcber das Nachbarland Niger, da auch die neue Regierung Nigers den umgehenden Abzug fremder Milit\u00e4rs w\u00fcnscht.<\/p>\n<p>Die DFG-VK, Ortsgruppe K\u00f6ln fordert die sofortige Beendigung s\u00e4mtlicher Auslandseins\u00e4tze der Bundeswehr. Viele B\u00fcrgerinnen und B\u00fcrger der Staaten West- und Zentralafrikas sehen die Anwesenheit deutscher Soldaten als Unterst\u00fctzung der Kolonialpolitik Frankreichs. Rohstoffe wie Uran, Thorium, Gold, Lithium werden deutlich unter Weltmarktpreisen nach Europa exportiert.<\/p>\n<p>Zum Hintergrund und den Ursachen dieser Misere findet im Rahmen des K\u00f6lner Afrika Film Festivals am kommenden Samstag im Filmforum Ludwig ein spezieller Themenabend statt.<br \/>\n<strong>16.09.2023 um 17:30 Uhr: L&#8217;Argent, La Libert\u00e9, une Histoire du Franc CFA<\/strong><br \/>\nIn dem Film wird anhand von Beispielen aus dem Lebensalltag der Menschen die Ungleichheit auf dem afrikanischen Kontinent hinterfragt. Die Regisseurin Katy L\u00e9na Ndiaye wird anwesend sein.<\/p>\n<p><strong>16.09.2023 um 20:00 Uhr: How Europe underdeveloped Africa<\/strong><br \/>\nDas Wirken Walter Rodneys, Historiker und Aktivist der antikolonialen Bewegung, wird in dem Film erz\u00e4hlt. Seine Witwe Patricia Rodney und die Filmemacherin Arlen Harris werden zugegen sein.<\/p>\n<hr \/>\n<p>Anschrift: DFG-VK Gruppe K\u00f6ln c\/o Friedensbildungswerk \u2022 Obenmarspforten 7-11 \u2022 50667 K\u00f6ln<br \/>\nE-Mail: kontakt@friedenkoeln.de \u2022 Internet: www.frieden-koeln.de \u2022 Frieden &amp; V\u00f6lkerverst\u00e4ndigung<\/p>\n<p><a href=\"https:\/\/www.friedenkoeln.de\/wp-content\/uploads\/2023\/09\/230913-Pressemeldung-Deutsche-Friedensgesellschaft-zum-Abzug-deutscher-Soldaten-aus-Afrika.pdf\" target=\"_blank\" rel=\"noopener\">Pressemitteilung herunterladen (pdf)<\/a><\/p>\n","protected":false},"excerpt":{"rendered":"<p>K\u00f6ln, den 13. September 2023 Pressemeldung Deutschlands Sicherheit wird nicht in der Sahel-Zone verteidigt! Pressemitteilung herunterladen (pdf) Am 06. Juli hat der Bundestag gegen den Antrag der CDU\/CSU-Fraktion gestimmt, die deutschen Soldaten umgehend aus&#46;&#46;&#46;<\/p>\n","protected":false},"author":109,"featured_media":17708,"comment_status":"open","ping_status":"open","sticky":false,"template":"","format":"standard","meta":{"footnotes":""},"categories":[87],"tags":[],"class_list":["post-17709","post","type-post","status-publish","format-standard","has-post-thumbnail","hentry","category-pressemitteilung"],"_links":{"self":[{"href":"https:\/\/www.friedenkoeln.de\/index.php?rest_route=\/wp\/v2\/posts\/17709","targetHints":{"allow":["GET"]}}],"collection":[{"href":"https:\/\/www.friedenkoeln.de\/index.php?rest_route=\/wp\/v2\/posts"}],"about":[{"href":"https:\/\/www.friedenkoeln.de\/index.php?rest_route=\/wp\/v2\/types\/post"}],"author":[{"embeddable":true,"href":"https:\/\/www.friedenkoeln.de\/index.php?rest_route=\/wp\/v2\/users\/109"}],"replies":[{"embeddable":true,"href":"https:\/\/www.friedenkoeln.de\/index.php?rest_route=%2Fwp%2Fv2%2Fcomments&post=17709"}],"version-history":[{"count":3,"href":"https:\/\/www.friedenkoeln.de\/index.php?rest_route=\/wp\/v2\/posts\/17709\/revisions"}],"predecessor-version":[{"id":17712,"href":"https:\/\/www.friedenkoeln.de\/index.php?rest_route=\/wp\/v2\/posts\/17709\/revisions\/17712"}],"wp:featuredmedia":[{"embeddable":true,"href":"https:\/\/www.friedenkoeln.de\/index.php?rest_route=\/wp\/v2\/media\/17708"}],"wp:attachment":[{"href":"https:\/\/www.friedenkoeln.de\/index.php?rest_route=%2Fwp%2Fv2%2Fmedia&parent=17709"}],"wp:term":[{"taxonomy":"category","embeddable":true,"href":"https:\/\/www.friedenkoeln.de\/index.php?rest_route=%2Fwp%2Fv2%2Fcategories&post=17709"},{"taxonomy":"post_tag","embeddable":true,"href":"https:\/\/www.friedenkoeln.de\/index.php?rest_route=%2Fwp%2Fv2%2Ftags&post=17709"}],"curies":[{"name":"wp","href":"https:\/\/api.w.org\/{rel}","templated":true}]}}