{"id":17717,"date":"2023-09-29T19:25:12","date_gmt":"2023-09-29T17:25:12","guid":{"rendered":"https:\/\/www.friedenkoeln.de\/?p=17717"},"modified":"2023-10-27T07:47:43","modified_gmt":"2023-10-27T05:47:43","slug":"einladung-die-ilias-oder-das-poem-der-gewalt-kunstinstallation-am-7-10-2023-im-literaturhaus-koeln","status":"publish","type":"post","link":"https:\/\/www.friedenkoeln.de\/?p=17717","title":{"rendered":"Einladung: &#8222;Die Ilias oder das Poem der Gewalt&#8220; &#8211; Kunstinstallation am 7.10.2023 im Literaturhaus K\u00f6ln"},"content":{"rendered":"<p><em>Wir laden herzlich ein:<\/em><\/p>\n<hr \/>\n<p style=\"text-align: center;\"><b>&#8222;Die Ilias oder das Poem der Gewalt&#8220;<\/b><b>\u00a0<\/b><\/p>\n<p style=\"text-align: center;\"><b>Eine literarisch-musikalische Kunstinstallation um einen<br \/>\nEssay von Simone Weil aus 1940\/41<br \/>\n<\/b><\/p>\n<p style=\"text-align: center;\"><b>mit Vortr\u00e4gen zur Auswirkung internationaler Sanktionen gegen \u00e4rmere L\u00e4nder<br \/>\nauf die dort lebenden Menschen<br \/>\n<\/b><\/p>\n<p style=\"text-align: center;\"><b>unter Verwendung von Einwegspritzen und einer Flugzeugt\u00fcr<br \/>\n<\/b>am<b><br \/>\nSamstag, den 7.10.2023 um 15:00 Uhr und um 18:00 Uhr<br \/>\n<\/b>im<b><br \/>\nLiteraturhaus K\u00f6ln<\/b>, Gro\u00dfer Griechenmarkt 39, 50676 K\u00f6ln<br \/>\nim Rahmen der Veranstaltungsreihe &#8222;Offenes Literaturhaus&#8220;<br \/>\nmit<br \/>\n<b><b>Hans-Achim Brand<\/b><\/b>, DFG-VK Gruppe K\u00f6ln (Einf\u00fchrung)<br \/>\n<b><b>Sabina Landwehr<\/b><\/b>, DFG-VK Gruppe K\u00f6ln (Vorstellung von Simone Weil)<b><br \/>\n<b>Andreas Erdmann <\/b><\/b>und <b><b>Carmen Biste<\/b><\/b> (Sprecher\/in)<b><br \/>\n<b>Manfred Ziegler<\/b><\/b>, Journalist (Vortrag \u00fcber Syrien)<b><br \/>\n<b>Dieter Hehr<\/b><\/b>, Regionalgruppe K\u00f6ln der Freundschaftsgesellschaft BRD &#8211; Kuba (Vortrag \u00fcber Kuba),<br \/>\n<b><b>Andreas Wagner<\/b><\/b>, Klarinette.<\/p>\n<p>Die franz\u00f6sische Philosophin und Sozialrevolution\u00e4rin Simone Weil schreibt 1940\/41 in ihrem Essay \u00fcber das antike griechische Epos der Ilias: &#8222;Die Gewalt macht jeden, der sie erleidet, zum Ding. Wird sie bis zur letzten Konsequenz ausge\u00fcbt, macht sie den Menschen zum Ding im wortw\u00f6rtlichsten Sinne (&#8230;). Da war jemand, und mit einem Mal ist da niemand.&#8220;<span class=\"Apple-converted-space\">\u00a0<\/span><\/p>\n<p>Wir laden ein zum Nachdenken \u00fcber Gewalt in unserer Gesellschaft und fragen nach den Folgen politischer Gewalt in Form internationaler Sanktionen f\u00fcr Menschen in \u00e4rmeren L\u00e4ndern.<\/p>\n<p><span style=\"text-decoration: underline;\">Programm:<\/span><\/p>\n<table cellspacing=\"0\" cellpadding=\"0\">\n<tbody>\n<tr>\n<td valign=\"top\">14:00<\/td>\n<td valign=\"top\">Einlass<\/td>\n<\/tr>\n<tr>\n<td valign=\"top\">15:00<\/td>\n<td valign=\"top\">Lesung mit 2 Stimmen und Klarinette<\/td>\n<\/tr>\n<tr>\n<td valign=\"top\">15:45<\/td>\n<td valign=\"top\">Vortrag zu Syrien<\/td>\n<\/tr>\n<tr>\n<td valign=\"top\">18:00<\/td>\n<td valign=\"top\">Lesung mit 2 Stimmen und Klarinette<\/td>\n<\/tr>\n<tr>\n<td valign=\"top\">18:45<\/td>\n<td valign=\"top\">Vortrag zu Kuba<\/td>\n<\/tr>\n<tr>\n<td valign=\"top\">22:00<\/td>\n<td valign=\"top\">Ende<\/td>\n<\/tr>\n<\/tbody>\n<\/table>\n<p>&nbsp;<\/p>\n<p><span style=\"text-decoration: underline;\">Veranstalter:<span class=\"Apple-converted-space\">\u00a0<\/span><\/span><br \/>\nDFG-VK Gruppe K\u00f6ln (Arbeitsgruppe Kunst) \u2022 kontakt@friedenkoeln.de<\/p>\n<p><span style=\"text-decoration: underline;\">Unterst\u00fctzer:<\/span><\/p>\n<p>Freundschaftsgesellschaft BRD \u2013 Kuba, Regionalgruppe K\u00f6ln<\/p>\n<p><a href=\"https:\/\/www.friedenkoeln.de\/wp-content\/uploads\/2023\/09\/Kunstaktion_07-10_Thema_Sanktionen.pdf\">Flyer zum Download.<\/a><\/p>\n<div id=\"attachment_17721\" style=\"width: 2570px\" class=\"wp-caption aligncenter\"><img loading=\"lazy\" decoding=\"async\" aria-describedby=\"caption-attachment-17721\" class=\"size-full wp-image-17721\" src=\"https:\/\/www.friedenkoeln.de\/wp-content\/uploads\/2023\/09\/Story_of_the_Iliad-Church-1892-0253-scaled.jpg\" alt=\"Eine Kampfszene in Schwarz-Wei\u00df in antikem Stil.\" width=\"2560\" height=\"1297\" srcset=\"https:\/\/www.friedenkoeln.de\/wp-content\/uploads\/2023\/09\/Story_of_the_Iliad-Church-1892-0253-scaled.jpg 2560w, https:\/\/www.friedenkoeln.de\/wp-content\/uploads\/2023\/09\/Story_of_the_Iliad-Church-1892-0253-200x101.jpg 200w, https:\/\/www.friedenkoeln.de\/wp-content\/uploads\/2023\/09\/Story_of_the_Iliad-Church-1892-0253-768x389.jpg 768w, https:\/\/www.friedenkoeln.de\/wp-content\/uploads\/2023\/09\/Story_of_the_Iliad-Church-1892-0253-1536x778.jpg 1536w, https:\/\/www.friedenkoeln.de\/wp-content\/uploads\/2023\/09\/Story_of_the_Iliad-Church-1892-0253-2048x1038.jpg 2048w\" sizes=\"auto, (max-width: 2560px) 100vw, 2560px\" \/><p id=\"caption-attachment-17721\" class=\"wp-caption-text\">Der Kampf um den K\u00f6rper von Patroklos. Buchillustration aus: The story of the Iliad, 1892.<\/p><\/div>\n","protected":false},"excerpt":{"rendered":"<p>Wir laden herzlich ein: &#8222;Die Ilias oder das Poem der Gewalt&#8220;\u00a0 Eine literarisch-musikalische Kunstinstallation um einen Essay von Simone Weil aus 1940\/41 mit Vortr\u00e4gen zur Auswirkung internationaler Sanktionen gegen \u00e4rmere L\u00e4nder auf die dort&#46;&#46;&#46;<\/p>\n","protected":false},"author":110,"featured_media":17721,"comment_status":"open","ping_status":"open","sticky":false,"template":"","format":"standard","meta":{"footnotes":""},"categories":[104,225,87],"tags":[45,146,9,57,217],"class_list":["post-17717","post","type-post","status-publish","format-standard","has-post-thumbnail","hentry","category-ankuendigung","category-kunst","category-pressemitteilung","tag-geschichte","tag-krieg","tag-frieden-und-kunst","tag-musik","tag-sanktionen"],"_links":{"self":[{"href":"https:\/\/www.friedenkoeln.de\/index.php?rest_route=\/wp\/v2\/posts\/17717","targetHints":{"allow":["GET"]}}],"collection":[{"href":"https:\/\/www.friedenkoeln.de\/index.php?rest_route=\/wp\/v2\/posts"}],"about":[{"href":"https:\/\/www.friedenkoeln.de\/index.php?rest_route=\/wp\/v2\/types\/post"}],"author":[{"embeddable":true,"href":"https:\/\/www.friedenkoeln.de\/index.php?rest_route=\/wp\/v2\/users\/110"}],"replies":[{"embeddable":true,"href":"https:\/\/www.friedenkoeln.de\/index.php?rest_route=%2Fwp%2Fv2%2Fcomments&post=17717"}],"version-history":[{"count":5,"href":"https:\/\/www.friedenkoeln.de\/index.php?rest_route=\/wp\/v2\/posts\/17717\/revisions"}],"predecessor-version":[{"id":17767,"href":"https:\/\/www.friedenkoeln.de\/index.php?rest_route=\/wp\/v2\/posts\/17717\/revisions\/17767"}],"wp:featuredmedia":[{"embeddable":true,"href":"https:\/\/www.friedenkoeln.de\/index.php?rest_route=\/wp\/v2\/media\/17721"}],"wp:attachment":[{"href":"https:\/\/www.friedenkoeln.de\/index.php?rest_route=%2Fwp%2Fv2%2Fmedia&parent=17717"}],"wp:term":[{"taxonomy":"category","embeddable":true,"href":"https:\/\/www.friedenkoeln.de\/index.php?rest_route=%2Fwp%2Fv2%2Fcategories&post=17717"},{"taxonomy":"post_tag","embeddable":true,"href":"https:\/\/www.friedenkoeln.de\/index.php?rest_route=%2Fwp%2Fv2%2Ftags&post=17717"}],"curies":[{"name":"wp","href":"https:\/\/api.w.org\/{rel}","templated":true}]}}