{"id":17732,"date":"2023-10-04T15:19:47","date_gmt":"2023-10-04T13:19:47","guid":{"rendered":"https:\/\/www.friedenkoeln.de\/?p=17732"},"modified":"2023-10-04T15:19:47","modified_gmt":"2023-10-04T13:19:47","slug":"mitmachen-nato-atomkriegsmanoever-2023-stoppen-am-14-10-2023-in-noervenich","status":"publish","type":"post","link":"https:\/\/www.friedenkoeln.de\/?p=17732","title":{"rendered":"Mitmachen: &#8222;NATO-Atomkriegsman\u00f6ver 2023 stoppen!&#8220; am 14.10.2023 in N\u00f6rvenich"},"content":{"rendered":"<h4 style=\"text-align: center;\">Kundgebung und Demo: NATO-Atomkriegsman\u00f6ver 2023 stoppen!<\/h4>\n<p style=\"text-align: center;\"><strong> 14.10.2023, 12 Uhr, Schlossplatz, N\u00f6rvenich<\/strong><\/p>\n<div id=\"attachment_17739\" style=\"width: 669px\" class=\"wp-caption aligncenter\"><img loading=\"lazy\" decoding=\"async\" aria-describedby=\"caption-attachment-17739\" class=\" wp-image-17739\" src=\"https:\/\/www.friedenkoeln.de\/wp-content\/uploads\/2023\/10\/Demo-gg-Steadfast-Noon_20221024.jpg\" alt=\"Zwei Frauen und ein Mann tragen ein orange-blau-wei\u00dfes Transparent. Dahinter ein Demozug mit Friedensfahnen vor einer Reihe Backsteinh\u00e4usern und herbstlichen B\u00e4umen.\" width=\"659\" height=\"487\" srcset=\"https:\/\/www.friedenkoeln.de\/wp-content\/uploads\/2023\/10\/Demo-gg-Steadfast-Noon_20221024.jpg 2048w, https:\/\/www.friedenkoeln.de\/wp-content\/uploads\/2023\/10\/Demo-gg-Steadfast-Noon_20221024-200x148.jpg 200w, https:\/\/www.friedenkoeln.de\/wp-content\/uploads\/2023\/10\/Demo-gg-Steadfast-Noon_20221024-768x567.jpg 768w, https:\/\/www.friedenkoeln.de\/wp-content\/uploads\/2023\/10\/Demo-gg-Steadfast-Noon_20221024-1536x1135.jpg 1536w\" sizes=\"auto, (max-width: 659px) 100vw, 659px\" \/><p id=\"caption-attachment-17739\" class=\"wp-caption-text\">Demo &#8222;Atomkriegsman\u00f6ver Steadfast Noon stoppen!&#8220; am 24.10.2022 in N\u00f6rvenich. Foto: @atomwaffenfrei<\/p><\/div>\n<p>Die Bundeswehr wird Mitte Oktober 2023 im Rahmen des NATO-Man\u00f6vers \u201eSteadfast Noon\u201c erneut \u00fcben, wie man Atombomben an Tornado-Kampfjets anbringt und diese Bomben im Einsatzziel abwirft. Dieses Man\u00f6ver findet jedes Jahr europaweit mit Beteiligung der USA und aller NATO-Staaten der \u201eNuklearen Teilhabe\u201c statt. Der Fliegerhorst N\u00f6rvenich bei D\u00fcren ist aktuell Ausweichstandort f\u00fcr die sonst auf dem Fliegerhorst B\u00fcchel (Eifel) stationierten Tornado-Kampfjets. B\u00fcchel wird bis 2026 f\u00fcr die neuen F-35-Atombomber und die neuen B61-12 Atombomben umgebaut. Wer im Jahr 2023 Atomkriege \u00fcbt, hat die Zeichen der Zeit nicht erkannt, denn bei einem Atomkrieg kann es keine Gewinner, sondern nur Verlierer geben.<\/p>\n<p>Redner*innen:<\/p>\n<p><strong>Heiner Kr\u00fcger<\/strong> (FriedensGruppe D\u00fcren),<\/p>\n<p><strong>Hildegard Slabik-M\u00fcnter<\/strong> (Kampagne \u201eB\u00fcchel ist \u00fcberall. Atomwaffenfrei jetzt!\u201c),<\/p>\n<p><strong> Ludo de Brabander<\/strong> (Friedensbewegung Belgien\/Vrede),<\/p>\n<p><strong>Nora Anicker<\/strong> (ICAN Deutschland),<\/p>\n<p><strong>Pfarrer Jens Sannig<\/strong> (Superintendent des Kirchenkreis J\u00fclich),<\/p>\n<p>Kultur:<\/p>\n<p><strong>Gerd Schinkel<\/strong> (S\u00e4nger eigener Lieder, deutschsprachiger Rootmusiker),<\/p>\n<p><strong>Maria Arians-Kronenberg<\/strong> (Akkordeon und Gesang).<\/p>\n<p>Vom Bahnhof D\u00fcren (Parkplatz Nordausgang, 11:30 Uhr) f\u00e4hrt ein Shuttlebus zum Schlossplatz und nach Abschluss der Aktion vom Luftwaffenst\u00fctzpunkt zur\u00fcck zum Bahnhof D\u00fcren. Gehbeintr\u00e4chtigte k\u00f6nnen mit dem Bus auch die Demostrecke fahren.<\/p>\n<p><a href=\"https:\/\/www.friedenkoeln.de\/wp-content\/uploads\/2023\/10\/Aufruf-noervenich-20231014_230825.pdf\">Flyer mit weiteren Infos und allen Unterst\u00fctzenden zum Download.<\/a><\/p>\n<p><img loading=\"lazy\" decoding=\"async\" class=\"size-full wp-image-17736 aligncenter\" src=\"https:\/\/www.friedenkoeln.de\/wp-content\/uploads\/2023\/10\/Aufruf-noervenich-20231014_230825_Seite-1.jpg\" alt=\"Ein Demo-Aufruf mit der grafischen Abbildung eines anfliegenden Kampfjets in Blau auf orangefarbenem Hintergrund.\" width=\"595\" height=\"841\" srcset=\"https:\/\/www.friedenkoeln.de\/wp-content\/uploads\/2023\/10\/Aufruf-noervenich-20231014_230825_Seite-1.jpg 595w, https:\/\/www.friedenkoeln.de\/wp-content\/uploads\/2023\/10\/Aufruf-noervenich-20231014_230825_Seite-1-141x200.jpg 141w\" sizes=\"auto, (max-width: 595px) 100vw, 595px\" \/><\/p>\n","protected":false},"excerpt":{"rendered":"<p>Kundgebung und Demo: NATO-Atomkriegsman\u00f6ver 2023 stoppen! 14.10.2023, 12 Uhr, Schlossplatz, N\u00f6rvenich Die Bundeswehr wird Mitte Oktober 2023 im Rahmen des NATO-Man\u00f6vers \u201eSteadfast Noon\u201c erneut \u00fcben, wie man Atombomben an Tornado-Kampfjets anbringt und diese Bomben&#46;&#46;&#46;<\/p>\n","protected":false},"author":110,"featured_media":17739,"comment_status":"open","ping_status":"open","sticky":false,"template":"","format":"standard","meta":{"footnotes":""},"categories":[116],"tags":[33,167,94],"class_list":["post-17732","post","type-post","status-publish","format-standard","has-post-thumbnail","hentry","category-aufruf","tag-atomwaffen","tag-militaermanoever","tag-nato"],"_links":{"self":[{"href":"https:\/\/www.friedenkoeln.de\/index.php?rest_route=\/wp\/v2\/posts\/17732","targetHints":{"allow":["GET"]}}],"collection":[{"href":"https:\/\/www.friedenkoeln.de\/index.php?rest_route=\/wp\/v2\/posts"}],"about":[{"href":"https:\/\/www.friedenkoeln.de\/index.php?rest_route=\/wp\/v2\/types\/post"}],"author":[{"embeddable":true,"href":"https:\/\/www.friedenkoeln.de\/index.php?rest_route=\/wp\/v2\/users\/110"}],"replies":[{"embeddable":true,"href":"https:\/\/www.friedenkoeln.de\/index.php?rest_route=%2Fwp%2Fv2%2Fcomments&post=17732"}],"version-history":[{"count":5,"href":"https:\/\/www.friedenkoeln.de\/index.php?rest_route=\/wp\/v2\/posts\/17732\/revisions"}],"predecessor-version":[{"id":17742,"href":"https:\/\/www.friedenkoeln.de\/index.php?rest_route=\/wp\/v2\/posts\/17732\/revisions\/17742"}],"wp:featuredmedia":[{"embeddable":true,"href":"https:\/\/www.friedenkoeln.de\/index.php?rest_route=\/wp\/v2\/media\/17739"}],"wp:attachment":[{"href":"https:\/\/www.friedenkoeln.de\/index.php?rest_route=%2Fwp%2Fv2%2Fmedia&parent=17732"}],"wp:term":[{"taxonomy":"category","embeddable":true,"href":"https:\/\/www.friedenkoeln.de\/index.php?rest_route=%2Fwp%2Fv2%2Fcategories&post=17732"},{"taxonomy":"post_tag","embeddable":true,"href":"https:\/\/www.friedenkoeln.de\/index.php?rest_route=%2Fwp%2Fv2%2Ftags&post=17732"}],"curies":[{"name":"wp","href":"https:\/\/api.w.org\/{rel}","templated":true}]}}