{"id":17744,"date":"2023-10-15T13:29:55","date_gmt":"2023-10-15T11:29:55","guid":{"rendered":"https:\/\/www.friedenkoeln.de\/?p=17744"},"modified":"2023-10-15T13:29:55","modified_gmt":"2023-10-15T11:29:55","slug":"demo-am-25-11-2023-in-berlin-nein-zu-kriegen-ruestungswahnsinn-stoppen-zukunft-friedlich-und-gerecht-gestalten","status":"publish","type":"post","link":"https:\/\/www.friedenkoeln.de\/?p=17744","title":{"rendered":"Demo am 25.11.2023 in Berlin: \u201eNein zu Kriegen \u2013 R\u00fcstungswahnsinn stoppen \u2013 Zukunft friedlich und gerecht gestalten!\u201c"},"content":{"rendered":"<p><em>Wir unterst\u00fctzen den folgenden Aufruf zur Friedenskundgebung am 25.11.2023 in Berlin:<\/em><\/p>\n<hr \/>\n<p>21 Kriege und 216 bewaffnete milit\u00e4rische Auseinandersetzungen bedrohen aktuell die Welt (Heidelberger Institut f\u00fcr Internationale Konfliktforschung HIIK). Die Gefahr einer Ausweitung des Krieges in der Ukraine bis hin zu einem Atomkrieg w\u00e4chst von Tag zu Tag. T\u00e4glich sterben unschuldige Menschen. Wir sind besorgt um unsere Zukunft, die Zukunft unserer Kinder und Enkelkinder. Wir brauchen eine Kultur des Friedens und eine gemeinsame Sicherheit.<\/p>\n<p>Anstatt auf Deeskalation und Diplomatie zu setzen, liefert die Bundesregierung immer mehr Waffen und r\u00fcstet massiv auf. Gro\u00dfe Teile der Politik und Medien militarisieren die Gesellschaft. Erstmals wird Deutschland das Zwei-Prozent-Ziel (nach NATO-Kriterien) erreichen. Mit 85,5 Milliarden Euro sind die Milit\u00e4rausgaben 2024 die gr\u00f6\u00dften seit Bestehen der Bundesrepublik. Das Gesundheitswesen, die Infrastruktur, Unterst\u00fctzung f\u00fcr Kinder und bezahlbare Mieten, Bildung, Wissenschaft und Ausbildung sind dagegen durch dramatische Mittelk\u00fcrzungen bedroht. F\u00fcr immer mehr Menschen zeichnet sich eine soziale und \u00f6konomische Katastrophe ab.<\/p>\n<p>Dazu tragen in erheblichem Ma\u00dfe auch die Sanktionen gegen Russland bei, die die Menschen im globalen S\u00fcden, in Europa und in Deutschland treffen: Inflation, gestiegene Energie- und Lebensmittelpreise sowie Reallohnverlust treffen die Bev\u00f6lkerungen, vor allem deren \u00e4rmere Teile, und gef\u00e4hrden die industrielle Entwicklung auch in unserem Land. Im globalen S\u00fcden drohen Hungerkrisen, weil Getreide, Mais, Pflanzen\u00f6l und D\u00fcngemittel nicht mehr ankommen und die Preise massiv gestiegen sind.<\/p>\n<p>Es ist h\u00f6chste Zeit f\u00fcr eine Friedenspolitik in der Ukraine, in Europa und weltweit. Im Vorfeld des Krieges in der Ukraine wurden Warnungen ignoriert und Lehren zur Kriegsvermeidung missachtet. Wir m\u00fcssen die Rutschbahn in Richtung 3. Weltkrieg und in ein soziales, \u00f6konomisches und \u00f6kologisches Desaster stoppen. \u201eDer Frieden ist nicht alles, aber alles ist ohne den Frieden nichts.\u201c (Willy Brandt) Nur im Frieden und nur durch gemeinsame globale Anstrengungen sind soziale Entwicklung, Schutz von Klima und Natur und eine lebenswerte Zukunft f\u00fcr alle m\u00f6glich.<\/p>\n<p>Wir verurteilen den russischen Einmarsch vom 24.2.2022 in die Ukraine. Ebenso verurteilen wir auch die vorangegangenen Vertragsbr\u00fcche und nicht eingehaltenen Zusagen der NATO-Staaten.<\/p>\n<p>Die ukrainische Bev\u00f6lkerung braucht unsere Solidarit\u00e4t. Ein Waffenstillstand und Verhandlungen zur Beendigung des Krieges statt einer weiteren Eskalation sind in ihrem Interesse. Das T\u00f6ten und Blutvergie\u00dfen und die Zerst\u00f6rung des Landes und der Umwelt m\u00fcssen umgehend gestoppt werden. Verhandlungsl\u00f6sungen und Pl\u00e4ne liegen auf dem Tisch. Verhandeln hei\u00dft nicht kapitulieren, sondern L\u00f6sungen f\u00fcr komplizierte Herausforderungen finden!<\/p>\n<p>Wir fordern von der Bundesregierung ein Ende der ungehemmten Aufr\u00fcstung sowie eine sofortige Vermittlung f\u00fcr Waffenstillstand und Friedensverhandlungen. Sie muss eigene diplomatische Initiativen entwickeln und bestehende Friedensvorschl\u00e4ge unterst\u00fctzen \u2013 besonders die des globalen S\u00fcdens.<\/p>\n<p>Es gibt keinen Grund, sich von der Entspannungspolitik zu distanzieren. Das Versagen liegt vielmehr darin, dass sie 1990 nicht zur Leitidee des neuen Europas weiterentwickelt wurde. Wir treten ein f\u00fcr eine neue Entspannungspolitik und f\u00fcr R\u00fcstungskontrolle und Abr\u00fcstung.<\/p>\n<ul>\n<li>Die Waffen m\u00fcssen schweigen. Verhandlungen und Diplomatie sind das Gebot der Stunde.<\/li>\n<li>Waffenexporte und Eskalationspolitik versch\u00e4rfen Kriege und Krisen und verl\u00e4ngern sie.<\/li>\n<li>Abr\u00fcstung! Ausgaben f\u00fcr das Milit\u00e4r senken, Milliarden in soziale Ausgaben investieren.<\/li>\n<\/ul>\n<p>Wir wollen eine soziale, \u00f6kologische und demokratische Bundesrepublik Deutschland als Teil einer gerechten Weltordnung ohne Krieg, Hunger und Ausbeutung.<\/p>\n<div id=\"attachment_17748\" style=\"width: 2570px\" class=\"wp-caption aligncenter\"><img loading=\"lazy\" decoding=\"async\" aria-describedby=\"caption-attachment-17748\" class=\"size-full wp-image-17748\" src=\"https:\/\/www.friedenkoeln.de\/wp-content\/uploads\/2023\/10\/IMG_7354-scaled.jpeg\" alt=\"Im Zentrum das obere Ende eines massiven Vierkantturms im Stil der Neorenaissance mit Deutschland-Flagge vor einem blauen Himmel mit wei\u00dfen Wolken. Im Hintergrund ist ein schlanker Fernsehturm mit einer gl\u00e4nzenden Kugel zu sehen (ehem. Fernsehturm der DDR auf dem Alexanderplatz).\" width=\"2560\" height=\"1920\" srcset=\"https:\/\/www.friedenkoeln.de\/wp-content\/uploads\/2023\/10\/IMG_7354-scaled.jpeg 2560w, https:\/\/www.friedenkoeln.de\/wp-content\/uploads\/2023\/10\/IMG_7354-200x150.jpeg 200w, https:\/\/www.friedenkoeln.de\/wp-content\/uploads\/2023\/10\/IMG_7354-768x576.jpeg 768w, https:\/\/www.friedenkoeln.de\/wp-content\/uploads\/2023\/10\/IMG_7354-1536x1152.jpeg 1536w, https:\/\/www.friedenkoeln.de\/wp-content\/uploads\/2023\/10\/IMG_7354-2048x1536.jpeg 2048w\" sizes=\"auto, (max-width: 2560px) 100vw, 2560px\" \/><p id=\"caption-attachment-17748\" class=\"wp-caption-text\">Auf der Dachterrasse des Reichtagsgeb\u00e4udes in Berlin, 11.5.2023. Foto: Stefanie Intveen<\/p><\/div>\n<p><strong>Es ist Zeit, dass wir B\u00fcrgerinnen und B\u00fcrger uns wieder st\u00e4rker in die politischen Auseinandersetzungen einmischen. Deshalb rufen wir auf, am 25.11. \u2013 am Samstag vor der Verabschiedung des Bundeshaushaltes \u2013 gemeinsam f\u00fcr Frieden und Abr\u00fcstung, Waffenstillstand zwischen Russland und der Ukraine und Friedensverhandlungen zu demonstrieren.<\/strong><\/p>\n<p><em>Initiiert von der \u201eUkraine Initiative \u2013 die Waffen nieder\u201c: Yusuf As, Reiner Braun, Wiebke Diehl, Andreas Gr\u00fcnwald, Claudia Haydt, Rita-Sybille Heinrich, Jutta Kausch-Henken, Ralf Kr\u00e4mer, Willi van Ooyen, Christof Ostheimer, Hanna Rothe, Peter Wahl<\/em><\/p>\n<p><a href=\"https:\/\/www.friedenkoeln.de\/wp-content\/uploads\/2023\/10\/2023-10-08_Aufruf_25.11.2023__mitErstunterzeichner.pdf\">Aufruf zum Download mit allen Erstunterzeichner*innen.<\/a><\/p>\n","protected":false},"excerpt":{"rendered":"<p>Wir unterst\u00fctzen den folgenden Aufruf zur Friedenskundgebung am 25.11.2023 in Berlin: 21 Kriege und 216 bewaffnete milit\u00e4rische Auseinandersetzungen bedrohen aktuell die Welt (Heidelberger Institut f\u00fcr Internationale Konfliktforschung HIIK). Die Gefahr einer Ausweitung des Krieges&#46;&#46;&#46;<\/p>\n","protected":false},"author":110,"featured_media":17748,"comment_status":"open","ping_status":"open","sticky":false,"template":"","format":"standard","meta":{"footnotes":""},"categories":[116],"tags":[42,133,88],"class_list":["post-17744","post","type-post","status-publish","format-standard","has-post-thumbnail","hentry","category-aufruf","tag-abruestung","tag-diplomatie","tag-sozialpolitik"],"_links":{"self":[{"href":"https:\/\/www.friedenkoeln.de\/index.php?rest_route=\/wp\/v2\/posts\/17744","targetHints":{"allow":["GET"]}}],"collection":[{"href":"https:\/\/www.friedenkoeln.de\/index.php?rest_route=\/wp\/v2\/posts"}],"about":[{"href":"https:\/\/www.friedenkoeln.de\/index.php?rest_route=\/wp\/v2\/types\/post"}],"author":[{"embeddable":true,"href":"https:\/\/www.friedenkoeln.de\/index.php?rest_route=\/wp\/v2\/users\/110"}],"replies":[{"embeddable":true,"href":"https:\/\/www.friedenkoeln.de\/index.php?rest_route=%2Fwp%2Fv2%2Fcomments&post=17744"}],"version-history":[{"count":3,"href":"https:\/\/www.friedenkoeln.de\/index.php?rest_route=\/wp\/v2\/posts\/17744\/revisions"}],"predecessor-version":[{"id":17749,"href":"https:\/\/www.friedenkoeln.de\/index.php?rest_route=\/wp\/v2\/posts\/17744\/revisions\/17749"}],"wp:featuredmedia":[{"embeddable":true,"href":"https:\/\/www.friedenkoeln.de\/index.php?rest_route=\/wp\/v2\/media\/17748"}],"wp:attachment":[{"href":"https:\/\/www.friedenkoeln.de\/index.php?rest_route=%2Fwp%2Fv2%2Fmedia&parent=17744"}],"wp:term":[{"taxonomy":"category","embeddable":true,"href":"https:\/\/www.friedenkoeln.de\/index.php?rest_route=%2Fwp%2Fv2%2Fcategories&post=17744"},{"taxonomy":"post_tag","embeddable":true,"href":"https:\/\/www.friedenkoeln.de\/index.php?rest_route=%2Fwp%2Fv2%2Ftags&post=17744"}],"curies":[{"name":"wp","href":"https:\/\/api.w.org\/{rel}","templated":true}]}}