{"id":17750,"date":"2023-10-15T14:13:32","date_gmt":"2023-10-15T12:13:32","guid":{"rendered":"https:\/\/www.friedenkoeln.de\/?p=17750"},"modified":"2023-10-15T14:13:32","modified_gmt":"2023-10-15T12:13:32","slug":"dfg-vk-gewalteskalation-in-nahost-stoppen","status":"publish","type":"post","link":"https:\/\/www.friedenkoeln.de\/?p=17750","title":{"rendered":"DFG-VK: &#8222;Gewalteskalation in Nahost stoppen!&#8220;"},"content":{"rendered":"<p><em>Stellungnahme des Bundesverbandes der DFG-VK vom 12. Oktober 2023:<\/em><\/p>\n<hr \/>\n<p>Der DFG-VK Bundesverband verurteilt aufs Sch\u00e4rfste die Gewalteskalation in Nahost durch den Angriff der Hamas und den Gegenangriff durch das israelische Milit\u00e4r. Bereits \u00fcber 1.000 Tote binnen weniger Tage auf beiden Seiten sind das bisherige Resultat dieser kriegerischen Auseinandersetzung.<\/p>\n<p>F\u00fcr diesen Angriff der Hamas gibt es keine Rechtfertigung oder Entschuldigung. Weder die st\u00e4ndigen Einschr\u00e4nkungen der Rechte der Pal\u00e4stinenser*innen durch Besatzung noch Siedlungsbau jenseits der gr\u00fcnen Linie oder die sehr schwierigen Lebensbedingungen in Gaza und der Westbank. Bomben und Raketen auf St\u00e4dte, ein Angriff auf ein friedliches Musikfest, bei dem Feiernde get\u00f6tet oder verschleppt wurden, sind ein Verbrechen.<\/p>\n<p>In der israelischen Zivilgesellschaft gibt es auch Milit\u00e4rdienstverweigernde, die aus Protest gegen die Unterdr\u00fcckung der pal\u00e4stinensischen Menschen ihren Reservistenstatus aufk\u00fcndigten. Massenproteste gegen die Netanjahu-Regierung gab es in den letzten Monaten nicht nur wegen deren Pl\u00e4nen, die Rechtsstaatlichkeit st\u00fcckchenweise abzubauen. F\u00fcr diese Protestbewegung in Israel bedeutet der Angriff und der nun ausgerufene Kriegszustand die deutliche Einschr\u00e4nkung ihrer Handlungsm\u00f6glichkeiten.<\/p>\n<p>Der DFG-VK Bundesverband verlangt die sofortige und bedingungslose Freilassung aller Geiseln. Geiselnahme ist ein Kriegsverbrechen.<\/p>\n<p>Die Gewaltspirale muss sofort gestoppt werden. Die Drohung des Ministerpr\u00e4sidenten Benjamin Netanjahu, alle Orte in Schutt und Asche zu legen, von denen er annimmt, dass sich dort die Hamas versteckt, ist ebenso unertr\u00e4glich wie die Eskalationsdrohungen und die Angriffe der Hisbollah aus dem Libanon und weitere Angriffe aus Syrien. Keine*r der Toten wird durch Vergeltung wieder lebendig.<\/p>\n<p>Als politische Pazifist*innen lehnen wir die Gewalteskalation nicht nur aus moralischen Gr\u00fcnden ab, sondern sehen einmal mehr, dass sie das vermeintlich verfolgte politische Ziel konterkariert. Der Angriff der Hamas wird die Lage der Pal\u00e4stinenser*innen ebenso wenig verbessern wie der Gegenschlag des israelischen Milit\u00e4rs den Menschen in Israel dauerhaft Sicherheit bringen wird.<\/p>\n<p>Bis auf religi\u00f6se und politische Extremist*innen und Waffenhersteller wird es \u2013 wie in allen Konflikten \u2013 nur Verlierer*innen geben. Dabei f\u00fchrt der Konflikt \u00fcber den Nahen Osten hinaus zu mehr Unfrieden: Menschen j\u00fcdischen Glaubens werden \u2013 auch in Deutschland \u2013 von vielen Seiten zunehmend bedroht und Pal\u00e4stinenser*innen mit legitimen politischen Forderungen drohen pauschal als mit der Hamas sympathisierend diffamiert zu werden.<\/p>\n<p>Es hat sich gezeigt, dass Einflussnahme aus der Weltgemeinschaft auch im Nahostkonflikt deeskalierend wirken kann. So beteiligt sich die einst kriegerische Fatah seit Jahren nicht mehr milit\u00e4risch an dem Konflikt. Unparteiische Vermittlung mit dem Ziel eines dauerhaften Waffenstillstands ist jetzt dringend geboten.<\/p>\n<p>Die Lieferung von Waffen in Krisen- und Kriegsgebiete lehnen wir ab &#8211; auch in diesem Konflikt. Die Gewalt in Nahost muss beendet werden. Eine israelische Bodenoffensive in Gaza, die Ausweitung des Konflikts auf den Libanon und auf weitere Teile der Region w\u00fcrde zahlreiche weitere Opfer, vor allem unter der Zivilbev\u00f6lkerung, zur Folge haben. Die Bundesregierung sollte hier m\u00e4\u00dfigend eingreifen und diplomatische Initiativen starten.<\/p>\n<div id=\"attachment_9199\" style=\"width: 1290px\" class=\"wp-caption alignnone\"><img loading=\"lazy\" decoding=\"async\" aria-describedby=\"caption-attachment-9199\" class=\"size-full wp-image-9199\" src=\"https:\/\/www.friedenkoeln.de\/wp-content\/uploads\/2016\/03\/Ostermarsch-2016-Dom1.jpg\" alt=\"Zwei Friedensaktivisten halten ein wei\u00dfes Stofftransparent , auf dem in schwarzer und roter Farbe der &quot;Krieg gegen den Terror&quot; durch immer gr\u00f6\u00dfer werdende Schriftzeichen &quot;Terror Krieg Terror Krieg&quot;, fallende Blutstropfen, Raketen und die L\u00e4ndernamen &quot;Afghanistan - Irak - Libyen - Syrien&quot; symbolisiert wird.\" width=\"1280\" height=\"779\" srcset=\"https:\/\/www.friedenkoeln.de\/wp-content\/uploads\/2016\/03\/Ostermarsch-2016-Dom1.jpg 1280w, https:\/\/www.friedenkoeln.de\/wp-content\/uploads\/2016\/03\/Ostermarsch-2016-Dom1-1024x623.jpg 1024w\" sizes=\"auto, (max-width: 1280px) 100vw, 1280px\" \/><p id=\"caption-attachment-9199\" class=\"wp-caption-text\">Beim Ostermarsch 2016 in K\u00f6ln: Krieg gegen den Terror. Foto: Herbert Sauerwein.<\/p><\/div>\n<hr \/>\n<p>Der Landesverband NRW der DFG-VK hatte am 11.10.2023 ebenfalls <a href=\"https:\/\/nrw.dfg-vk.de\/gewalteskalation-in-nahost-stoppen\/\">appelliert<\/a>, die Gewalt zu stoppen.<\/p>\n","protected":false},"excerpt":{"rendered":"<p>Stellungnahme des Bundesverbandes der DFG-VK vom 12. Oktober 2023: Der DFG-VK Bundesverband verurteilt aufs Sch\u00e4rfste die Gewalteskalation in Nahost durch den Angriff der Hamas und den Gegenangriff durch das israelische Milit\u00e4r. Bereits \u00fcber 1.000&#46;&#46;&#46;<\/p>\n","protected":false},"author":110,"featured_media":9199,"comment_status":"open","ping_status":"open","sticky":false,"template":"","format":"standard","meta":{"footnotes":""},"categories":[107],"tags":[240,66,218],"class_list":["post-17750","post","type-post","status-publish","format-standard","has-post-thumbnail","hentry","category-kommentar","tag-gewalt","tag-israel-palaestina","tag-kriegsdienstverweigerung"],"_links":{"self":[{"href":"https:\/\/www.friedenkoeln.de\/index.php?rest_route=\/wp\/v2\/posts\/17750","targetHints":{"allow":["GET"]}}],"collection":[{"href":"https:\/\/www.friedenkoeln.de\/index.php?rest_route=\/wp\/v2\/posts"}],"about":[{"href":"https:\/\/www.friedenkoeln.de\/index.php?rest_route=\/wp\/v2\/types\/post"}],"author":[{"embeddable":true,"href":"https:\/\/www.friedenkoeln.de\/index.php?rest_route=\/wp\/v2\/users\/110"}],"replies":[{"embeddable":true,"href":"https:\/\/www.friedenkoeln.de\/index.php?rest_route=%2Fwp%2Fv2%2Fcomments&post=17750"}],"version-history":[{"count":5,"href":"https:\/\/www.friedenkoeln.de\/index.php?rest_route=\/wp\/v2\/posts\/17750\/revisions"}],"predecessor-version":[{"id":17755,"href":"https:\/\/www.friedenkoeln.de\/index.php?rest_route=\/wp\/v2\/posts\/17750\/revisions\/17755"}],"wp:featuredmedia":[{"embeddable":true,"href":"https:\/\/www.friedenkoeln.de\/index.php?rest_route=\/wp\/v2\/media\/9199"}],"wp:attachment":[{"href":"https:\/\/www.friedenkoeln.de\/index.php?rest_route=%2Fwp%2Fv2%2Fmedia&parent=17750"}],"wp:term":[{"taxonomy":"category","embeddable":true,"href":"https:\/\/www.friedenkoeln.de\/index.php?rest_route=%2Fwp%2Fv2%2Fcategories&post=17750"},{"taxonomy":"post_tag","embeddable":true,"href":"https:\/\/www.friedenkoeln.de\/index.php?rest_route=%2Fwp%2Fv2%2Ftags&post=17750"}],"curies":[{"name":"wp","href":"https:\/\/api.w.org\/{rel}","templated":true}]}}