{"id":17758,"date":"2023-10-19T15:14:38","date_gmt":"2023-10-19T13:14:38","guid":{"rendered":"https:\/\/www.friedenkoeln.de\/?p=17758"},"modified":"2023-10-19T15:14:38","modified_gmt":"2023-10-19T13:14:38","slug":"versoehnungsbund-zur-eskalation-der-gewalt-im-nahost-konflikt","status":"publish","type":"post","link":"https:\/\/www.friedenkoeln.de\/?p=17758","title":{"rendered":"Vers\u00f6hnungsbund: Zur Eskalation der Gewalt im Nahost-Konflikt"},"content":{"rendered":"<p><em>Wir ver\u00f6ffentlichen die\u00a0Stellungnahme des gesch\u00e4ftsf\u00fchrenden Vorstandes des deutschen Zweiges des Internationalen Vers\u00f6hnungsbundes zur aktuellen Eskalation der Gewalt im Nahost-Konflikt:<\/em><\/p>\n<hr \/>\n<p><em>Minden, 18.10.2023. <\/em>Der gesch\u00e4ftsf\u00fchrende Vorstand des deutschen Zweiges des Internationalen Vers\u00f6hnungsbundes hat sich auf seiner heutigen Sitzung mit der aktuellen Eskalation der Gewalt im Nahost-Konflikt befasst.<\/p>\n<p>Der Vers\u00f6hnungsbund ist entsetzt \u00fcber das von der Hamas ausgef\u00fchrte Massaker vom 7. Oktober 2023 und die Verschleppung von israelischen Geiseln. Nichts kann diesen Terror und dieses unfassbare Leid rechtfertigen. Der Vers\u00f6hnungsbund ruft die Hamas-Verantwortlichen auf, alle Raketenangriffe auf Israel umgehend einzustellen und alle Geiseln freizulassen.<\/p>\n<p>Der Vers\u00f6hnungsbund ist entsetzt \u00fcber die massiven Angriffe der israelischen Regierung im Gazastreifen, die unterschiedslos t\u00f6ten und zu unfassbarem Leid gef\u00fchrt haben und ruft die israelische Regierung auf, diese Bombardierungen umgehend einzustellen.<\/p>\n<p>Nach der Bombardierung eines Krankenhauses sowie einer UN-Schule im Gazastreifen sind internationale Untersuchungen einzuleiten bez\u00fcglich der Verantwortlichkeiten.<\/p>\n<p>Die deutsche Bundesregierung, die in der Vergangenheit bereits zwischen Hamas und Israel vermittelt hat, fordert unser Verband auf, alle ihre Kan\u00e4le zu nutzen, um die Freilassung der israelischen Geiseln zu erwirken und eine Ausweitung der Eskalation zu verhindern.<\/p>\n<p>Der Vers\u00f6hnungsbund ruft die Verantwortlichen im Libanon auf, den Beschuss Israels einzustellen, ebenso die israelische Regierung, keine Milit\u00e4raktionen auf libanesischem Gebiet durchzuf\u00fchren.<\/p>\n<p>Der Vers\u00f6hnungsbund fordert die iranische Regierung auf, jegliche weitere finanzielle und milit\u00e4rische Unterst\u00fctzung f\u00fcr Hamas und Hizbollah einzustellen.<\/p>\n<p>Von der US-Regierung fordert der Vers\u00f6hnungsbund, eine Ausweitung der Gewalt zu verhindern und unverz\u00fcglich Schritte zur Deeskalation durch diplomatische Ma\u00dfnahmen einzuleiten.<\/p>\n<p>Um einen Fl\u00e4chenbrand in der Region zu vermeiden, fordert der Vers\u00f6hnungsbund den UN-Generalsekret\u00e4r auf, durch geeignete Deeskalations-Ma\u00dfnahmen unverz\u00fcglich ein Ende der Gewalt in der Region anzustreben.<\/p>\n<p>Der Nahost-Konflikt braucht endlich eine dauerhafte L\u00f6sung, welche das Lebensrecht aller zwischen Mittelmeer und Jordan lebenden Menschen achtet.<\/p>\n<p>Seit 1914 ist der Internationale Vers\u00f6hnungsbund aktiv gegen Unrecht und Krieg und f\u00fcr Gerechtigkeit und Frieden. Darum unterst\u00fctzen wir seit vielen Jahrzehnten Menschen in Israel und Pal\u00e4stina, die sich gemeinsam f\u00fcr Gerechtigkeit, Frieden und die gleiche W\u00fcrde aller Menschen einsetzen.<\/p>\n<p>Wir stehen weiterhin an der Seite derer, die trotz ihrer Trauer und Verzweiflung auch jetzt die Hoffnung auf eine Zukunft in gegenseitigem Respekt, Gerechtigkeit und Frieden nicht aufgegeben haben. Frieden im Nahostkonflikt wird die Frucht der Gerechtigkeit sein.<\/p>\n<div id=\"attachment_17761\" style=\"width: 810px\" class=\"wp-caption aligncenter\"><img loading=\"lazy\" decoding=\"async\" aria-describedby=\"caption-attachment-17761\" class=\"size-full wp-image-17761\" src=\"https:\/\/www.friedenkoeln.de\/wp-content\/uploads\/2023\/10\/20231012_Innocent_Civilians.jpg\" alt=\"Links und rechts einer gestrichelten Linie sind Israel und Gaza markiert; auf beiden Seiten steht eine entsetzt blickende Familie mit einem Protestplakat in den H\u00e4nden, w\u00e4hrend im Hintergrund die ruinen einer zerschossenen Stadt rauchen.\" width=\"800\" height=\"567\" srcset=\"https:\/\/www.friedenkoeln.de\/wp-content\/uploads\/2023\/10\/20231012_Innocent_Civilians.jpg 800w, https:\/\/www.friedenkoeln.de\/wp-content\/uploads\/2023\/10\/20231012_Innocent_Civilians-200x142.jpg 200w, https:\/\/www.friedenkoeln.de\/wp-content\/uploads\/2023\/10\/20231012_Innocent_Civilians-768x544.jpg 768w\" sizes=\"auto, (max-width: 800px) 100vw, 800px\" \/><p id=\"caption-attachment-17761\" class=\"wp-caption-text\">&#8222;Wir sind nicht Netanyahu!&#8220; &#8211; &#8222;Wir sind nicht die Hamas!&#8220;. Karikatur &#8222;Unschuldige Zivilisten&#8220; von Rob Rogers, 12.10.2023<\/p><\/div>\n","protected":false},"excerpt":{"rendered":"<p>Wir ver\u00f6ffentlichen die\u00a0Stellungnahme des gesch\u00e4ftsf\u00fchrenden Vorstandes des deutschen Zweiges des Internationalen Vers\u00f6hnungsbundes zur aktuellen Eskalation der Gewalt im Nahost-Konflikt: Minden, 18.10.2023. Der gesch\u00e4ftsf\u00fchrende Vorstand des deutschen Zweiges des Internationalen Vers\u00f6hnungsbundes hat sich auf seiner&#46;&#46;&#46;<\/p>\n","protected":false},"author":110,"featured_media":17761,"comment_status":"open","ping_status":"open","sticky":false,"template":"","format":"standard","meta":{"footnotes":""},"categories":[87],"tags":[66],"class_list":["post-17758","post","type-post","status-publish","format-standard","has-post-thumbnail","hentry","category-pressemitteilung","tag-israel-palaestina"],"_links":{"self":[{"href":"https:\/\/www.friedenkoeln.de\/index.php?rest_route=\/wp\/v2\/posts\/17758","targetHints":{"allow":["GET"]}}],"collection":[{"href":"https:\/\/www.friedenkoeln.de\/index.php?rest_route=\/wp\/v2\/posts"}],"about":[{"href":"https:\/\/www.friedenkoeln.de\/index.php?rest_route=\/wp\/v2\/types\/post"}],"author":[{"embeddable":true,"href":"https:\/\/www.friedenkoeln.de\/index.php?rest_route=\/wp\/v2\/users\/110"}],"replies":[{"embeddable":true,"href":"https:\/\/www.friedenkoeln.de\/index.php?rest_route=%2Fwp%2Fv2%2Fcomments&post=17758"}],"version-history":[{"count":3,"href":"https:\/\/www.friedenkoeln.de\/index.php?rest_route=\/wp\/v2\/posts\/17758\/revisions"}],"predecessor-version":[{"id":17762,"href":"https:\/\/www.friedenkoeln.de\/index.php?rest_route=\/wp\/v2\/posts\/17758\/revisions\/17762"}],"wp:featuredmedia":[{"embeddable":true,"href":"https:\/\/www.friedenkoeln.de\/index.php?rest_route=\/wp\/v2\/media\/17761"}],"wp:attachment":[{"href":"https:\/\/www.friedenkoeln.de\/index.php?rest_route=%2Fwp%2Fv2%2Fmedia&parent=17758"}],"wp:term":[{"taxonomy":"category","embeddable":true,"href":"https:\/\/www.friedenkoeln.de\/index.php?rest_route=%2Fwp%2Fv2%2Fcategories&post=17758"},{"taxonomy":"post_tag","embeddable":true,"href":"https:\/\/www.friedenkoeln.de\/index.php?rest_route=%2Fwp%2Fv2%2Ftags&post=17758"}],"curies":[{"name":"wp","href":"https:\/\/api.w.org\/{rel}","templated":true}]}}