{"id":17770,"date":"2023-11-01T12:30:31","date_gmt":"2023-11-01T11:30:31","guid":{"rendered":"https:\/\/www.friedenkoeln.de\/?p=17770"},"modified":"2023-11-01T12:30:31","modified_gmt":"2023-11-01T11:30:31","slug":"arzt-und-friedensaktivist-ernst-ludwig-elu-iskenius-mit-dem-siegfried-pater-preis-ausgezeichnet","status":"publish","type":"post","link":"https:\/\/www.friedenkoeln.de\/?p=17770","title":{"rendered":"Arzt und Friedensaktivist Ernst Ludwig \u201eElu\u201c Iskenius mit dem Siegfried-Pater-Preis ausgezeichnet"},"content":{"rendered":"<div style=\"width: 574px\" class=\"wp-caption alignright\"><img loading=\"lazy\" decoding=\"async\" src=\"https:\/\/www.friedenkoeln.de\/wp-content\/uploads\/2018\/03\/DSC_0066-e1522188262597.jpg\" alt=\"\" width=\"564\" height=\"846\" \/><p class=\"wp-caption-text\">Ernst-Ludwig &#8222;Elu&#8220; Iskenius (IPPNW) bei einem Vortrag am 4.3.2017 im Friedensbildungswerk K\u00f6ln. Foto: Stefanie Intveen.<\/p><\/div>\n<p>Der Arzt und Friedensaktivist Ernst Ludwig \u201eElu\u201c Iskenius erhielt am 22. Oktober 2023 den Siegfried-Pater-Preis. Elu ist unserer K\u00f6lner DFG-VK-Gruppe von gemeinsamen Kundgebungen und Aktionen Zivilen Ungehorsams in B\u00fcchel (Eifel) bekannt, mit denen wir mehrfach auf die illegal in Deutschland befindlichen US-Atombomben aufmerksam gemacht haben. Wir gratulieren und freuen uns, seine Rede und die Laudatio von Katja Tempel hier ver\u00f6ffentlichen zu d\u00fcrfen.<\/p>\n<h1>Laudatio von Katja Tempel<\/h1>\n<p><a href=\"https:\/\/www.friedenkoeln.de\/wp-content\/uploads\/2023\/11\/EluLaudatio_KatjaTempel-2.pdf\" target=\"_blank\" rel=\"noopener\">Laudatio als pdf-Datei herunterladen<\/a><\/p>\n<p>Lieber Elu, liebe Familie Pater, liebe G\u00e4ste,<br \/>\nzum ersten Mal getroffen habe ich dich 2012 im Refugio, dem Psychosozialen Zentrum f\u00fcr traumatisierte Gefl\u00fcchtete in Villingen. Diese Anlaufstelle hattest Du seit 1998 zusammen mit Monika von Mirbach aufgebaut. Die Kriege auf dem Balkan f\u00fchrten zu Millionen Gefl\u00fcchteter. Verfolgte aus der T\u00fcrkei, Syrien, Sri Lanka und dem Kaukasus kommen auch im Schwarzwald an und brachten ihre psychischen Verletzungen mit in ein neues Land, das erst langsam zur neuen Heimat werden kann.<\/p>\n<p>Die Lebenslaute, eine Gewaltfreie Aktionsgruppe, die Musik und Zivilen Ungehorsam seit 1986 an unm\u00f6glichen Orten verbindet, war von Dir und dem Friedensb\u00fcndnis in Villingen-Schwenningen eingeladen worden, die Waffenfabrik Heckler &amp; Koch in Oberndorf zu blockieren. Wir berieten \u00fcber m\u00f6gliche Aktionsstrategien und Du berichtetest lebendig, empathisch und mit innerem Feuer von deiner Arbeit. Sehr deutlich wurde der Zusammenhang zwischen Waffenproduktion und Exporten und dem Schaffen von Fluchtursachen auf der anderen Seite.<\/p>\n<p>Das n\u00e4chste Mal trafen wir uns kurz danach bei einer Pressekonferenz. Du, als Vertreter des Friedensb\u00fcndnisses und ich als Pressesprecherin der Lebenslaute sa\u00dfen in einem kleinen Raum in Stuttgart und standen den anwesenden wenigen Pressevertreter:innen Rede und Antwort. Und wie Du antworten konntest: Du kanntest dich aus mit den sogenannten Kleinwaffen (Gewehre, MG, Pistolen usw. an dieser Stelle sagst du jetzt bescheiden: nee; ich kenne mich gar nicht so gut aus), welche von hier als profitable Exportschlager in die Welt hinausgehen, um dann in allen nur denkbaren Kriegs- und Krisengebieten wieder aufzutauchen. Nach UN-Angaben sind diese \u201eKleinwaffen\u201c 2012 die gr\u00f6\u00dfte Massenvernichtungswaffe auf der Welt, alle elf Sekunden stirbt ein Mensch an deren Anwendung. Es gibt sogar Gegenden, wo ein deutsches Gewehr billiger und leichter zu kaufen ist als ein Sack Grundnahrungsmittel. Diese Waffen sind dann auch eine wesentliche Ursache daf\u00fcr, dass mehr und mehr traumatisierte Fl\u00fcchtlinge zu uns kommen, von denen die meisten dann wieder unter besch\u00e4menden Umst\u00e4nden in ihre Herkunftsl\u00e4nder abgeschoben und zur\u00fcckgeschickt werden. Deine Fachexpertise erg\u00e4nzte sich gut mit meinem Wissen \u00fcber Zivilen Ungehorsam und die Aktionsgruppe Lebenslaute.<br \/>\nSp\u00e4ter lernte ich dann, dass Du auch ein Spezialist in Sachen Ziviler Ungehorsam bist &#8211; aber dazu sp\u00e4ter.<\/p>\n<p>Am 26.3.1952 wurdest Du in Marsberg im Sauerland geboren. Umgeben von vier Schwestern und einem schon verstorbenen Bruder wuchst Du in einem katholischen liebevollen Elternhaus auf.<\/p>\n<p>Aus dieser heilen Welt ri\u00df dich die klare Analyse deines Religionslehrers. Er \u00f6ffnete dir die Augen f\u00fcr die sozialen Widerspr\u00fcchlichkeiten, brachte dich mit der Befreiungstheologie in Kontakt. Du warst w\u00fctend. Deine heile Welt hatte Risse bekommen- die dich nicht mit in den Abgrund rissen, sondern Aufruf zum Handeln waren. Martin Luther King und andere best\u00e4rkten dich in dem Bewu\u00dftsein, dass soziale Ungerechtigkeit nicht hingenommen werden mu\u00df, sondern dass es sich lohnt, gemeinsam auf die Stra\u00dfe zu gehen, und das Unrecht zu benennen. Du lerntest das Konzept der Sozialen Verteidigung kennen, tauchtest zu Nachzeiten der 68er w\u00e4hrend des Studiums zum Arzt zeitweise in die linksradikale Frankfurter Szene ein, die sich solidarisch mit Holger Meins zeigte, der sich der RAF angeschlossen hatte. Vielleicht ist ein Satz von Holger Meins trotz aller Unterschiede zu seinen Mitteln unbewu\u00dft wichtig geworden f\u00fcr dich: \u201eEntweder du bist ein Teil des Problems oder du bist ein Teil der L\u00f6sung\u201c. Du, lieber Elu, versuchst in den letzten Jahrzehnten immer ein Teil der L\u00f6sung zu sein, a (auch wenn alle von uns nat\u00fcrlich auch Teil des Problems sind, z.b. in unserem Konsumverhalten) auch wenn Du den scheinbar M\u00e4chtigen immer wieder Probleme bereitet hast- oder vielleicht gerade deswegen.<\/p>\n<p>Du warst 1975 in Wyhl bei der Bauplatzbesetzung von Anfang an dabei. 1980, gerade frisch approbiert als Arzt, hast Du das Bohrloch 1004 mit vielen anderen Aktiven aus dem Wendland und den St\u00e4dten besetzt und die Republik Freies Wendland mit ausgerufen. 1981 hast Du den Hamburger Kongress \u201e\u00c4rzte warnen vor dem Atomkrieg\u201c mitorganisiert und damit die Basis gelegt, dass die IPPNW sich gr\u00fcnden konnte. 1984 kam es dann zu einer weiteren inneren Entwicklung. Die Seniorenblockade in Mutlangen, einem amerikanischen Atomwaffenstandort, begeisterte dich so stark, dass Du alles bisher Erlernte, Gelesene und Gef\u00fchlte ins konkrete Handeln umsetztest und dich selber zivil ungehorsam auf die Stra\u00dfe vor das Raketendepot setztest Im Rahmen der Kampagne Ziviler Ungehorsam bis zu Abr\u00fcstung kam es dann auch zu 3000 Verurteilung wegen N\u00f6tigung und 200 vollstreckten Ersatzfreiheitstrafen. Auch Du hast deine erste Gerichtsverhandlung genutzt, um auf die Gefahren der Abschreckungspolitik aufmerksam zumachen. 1990 folgte dann logischerweise ein erster Gef\u00e4ngnisaufenthalt wegen Man\u00f6verbehinderung von franz\u00f6sischen Streitkr\u00e4ften. Dein Job als Arzt im Krankenhaus w\u00e4rst Du fast losgewesen, doch dein Chef stellte sich hinter dich.<\/p>\n<p>1993 bis 1995 hast Du zusammen mit Suncukret (\u00fcbers. Sonnenblume) und anderen internationalen Freiwilligen Fl\u00fcchtlinge in Kroatien und Bosnien unterst\u00fctzt. Du trafst auf traumatisierte Menschen,<br \/>\nBedrohungslagen, in denen das Milit\u00e4r hilflos daneben stand, erlebtest die etnische S\u00e4uberung von Caplinijia. Mit eurer Pr\u00e4senz konnten ihr auch verhindern, das ein Lager, das bei Vertreibungsma\u00dfnahmen<br \/>\nvon der Hilfsorganisation Cap Anamur glattweg vergessen wurde, sp\u00e4ter noch ger\u00e4umt werden sollte. Monatelanges Engagement erm\u00f6glichte, dass die Menschen bleiben konnten und nicht schon wieder vertrieben wurden.<\/p>\n<p>2013 entschiedst Du dich, noch einmal in den Norden zu ziehen und nahmst eine Stelle in der ambulanten palliativen Versorgung von sterbenden Kindern und ihren Familien an.<\/p>\n<p>2017 kam dann dein Ende des Berufslebens. Doch begann ein neuer Lebensabschnitt, der gepr\u00e4gt war und ist vom Gemeinschaftsaufbau und von einer neuen Freisetzung von Kr\u00e4ften f\u00fcr den Zivilen Ungehorsam.<\/p>\n<p>Deine Beruf als kritischer Arzt bildet das Fundament f\u00fcr eine Begr\u00fcndung und Rechtfertigung von Aktionen<br \/>\nZivilen Ungehorsams:<\/p>\n<p>1. st\u00e4rkt Ziviler Ungehorsam die Heilkr\u00e4fte der Demokratie<br \/>\n2. bek\u00e4mpft Ziviler Ungehorsam die \u201eKrankheit\u201c die an gesellschaftlichen Konfliktlinien manifest wird<br \/>\n3. ist deine \u00dcberzeugung: Ohnmacht macht krank- ZU macht gesund.<\/p>\n<p>Ja, lieber Elu, liebe Zuh\u00f6rende,<br \/>\ndas habe ich immer wieder zusammen mit Dir erleben d\u00fcrfen:<\/p>\n<p>Wir stark m\u00fcssen wir leiden an den politischen Verh\u00e4ltnissen, in Deutschland, der Ukraine, in Kurdistan, in Syrien, in Israel oder in Gaza. Aber die gemeinsame Analyse und die Betroffenheit setzt Kr\u00e4fte frei, die Du<br \/>\nimmer mit anderen in gemeinsames Handeln umzusetzen versuchst. Heraus aus der Ohnmacht, dem hilflosen Konsumieren von schlechten Nachrichten, hin zu: wir k\u00f6nnen etwas machen; wir k\u00f6nnen etwas \u00e4ndern. Und<br \/>\nwir ver\u00e4ndern nicht nur Lebensrealit\u00e4ten, wir ver\u00e4ndern uns auch selber. Wir machen uns gesund, in dem wir gerade nicht an dem Zustand der Welt verzweifeln. Well being is Resistance.<\/p>\n<p>Ziviler Ungehorsam nach deiner und meiner Auffassung (und Verfassungsrechtler:innen schlie\u00dfen sich uns da an) ist ein aufr\u00fcttelndes und gleichsam heilendes Element des Verfassungsschutzes. Er benennt deutlich<br \/>\ndas nicht hinzunehmende Unrecht, unterbricht es durch direkte eingreifende gewaltfreie Aktionen und bringt die Auseinandersetzung nach der Aktion vor die Gerichte. Schon alleine die Aktion an sich, kann Menschen,<br \/>\ndie das Unrecht als Mitarbeiter:innen, Entscheidungstr\u00e4ger:innen und Nutznie\u00dfer:innen mittragen, anregen, \u00fcber ihre Rolle nachzudenken. Gleichzeitig unterbricht die Aktion die menschenfeindliche Handlung. Immer<br \/>\ndann, wenn wir zum Stein des Ansto\u00dfes werden, setzt sich der Stein in Bewegung und rei\u00dft andere Steine mit sich. Oder um in einem sch\u00f6neren Bild zu bleiben: Das weiche Wasser bricht den Stein. Es rei\u00dft die st\u00e4rksten Mauern ein und sind wir klein und sind wir schwach, wir werden wie das Wasser sein, das weiche Wasser bricht den Stein.<\/p>\n<p>Szenenwechsel: Im Morgengrauen betraten wir zu siebt die Startbahn des Fliegerhorstes in B\u00fcchel und verhinderten so den Start der morgendlichen Atombomben\u00fcbungsfl\u00fcge der Tornados in der Eifel.<br \/>\nUm auf die Startbahn zu gelangen, \u00fcberwanden wir den einfachen Zaun, f\u00fchrten Luftballons mit uns, um gut sichtbar zu sein und uns und andere nicht zu gef\u00e4hrden und informierten telefonisch die Bundeswehr und Polizei.<\/p>\n<p>Der Richter warf uns vor, es w\u00e4re ja nur symbolisch gewesen. Wir konterten: Wenn zu jeder Stunde an jedem Tag der \u00dcbungswoche Menschen auf die Startbahn gingen,k\u00f6nnte der Atomkrieg nicht l\u00e4nger ge\u00fcbt werden.<br \/>\nZiviler Ungehorsam greift ein, er unterbindet das schadhafte Verhalten, seien es atomare \u00dcbungsfl\u00fcge, Individualverkehr in der Stadt, Abbau von Kohle, die Pr\u00e4senz von Rechten auf unseren Stra\u00dfen und Schulen. Immerhin f\u00fcr ein paar Stunden. Und so kann kollektiver ZU falsche politische Entscheidungen thematisieren und Heilung voranbringen.<\/p>\n<p>Deine \u00dcberzeugung, wir m\u00fcssen hier auf der Erde etwas tun, wir k\u00f6nnen etwas ver\u00e4ndern bringt andere und nicht nur dich und mich raus aus der Ohnmacht. Du ermutigst zum Handeln, zum Unbequemsein. Du<br \/>\nverl\u00e4sst deine Comfort Zone, nicht nur, wenn du im Morgengrauen auf eine Startbahn gehst, auch wenn Du in einer Gef\u00e4ngniszelle sitzt und keine B\u00fccher zum Lesen hast und keinen Besuch empfangen darfst.<br \/>\nDu arbeitest dich intensiv in Fachthemen hinein, wirst zusammen mit anderen zur Fachperson z.B. f\u00fcr den Rechtfertigenden Notstand. Du bleibst dran an den Themen. Du motivierst anderen, zum Dranbleiben. Denn<br \/>\nmit dir macht es Spa\u00df, Gesetzestexte zu studieren und auszulegen, Aktionspl\u00e4ne auszut\u00fcfteln, in einer Blockade stundenlang auf der Erde zu sitzen. Du strahlst Gelassenheit aus, auch wenn andere in Aufregung<br \/>\ngeraten. Du deeskalierst, wenn andere schon laut am Diskutieren und Streiten sind. Mit deiner brennenden Geduld steckst Du andere an.<\/p>\n<p>Es gibt viele wie dich, lieber Elu. Sie sind namenlos \u00fcberall auf der Welt und doch sind sie da. Du wirst heute geehrt, weil wir das Gl\u00fcck hatten, dir hier und jetzt zu begegnen. Aber es ist ein Preis f\u00fcr alle, die sich<br \/>\ngegen Ungerechtigkeit auflehnen und zusammen mit anderen gewaltfreie Revolution\u00e4re sind. Du legst so wie tausende anderer Aktivist:innen ein Samenkorn in den Humus, der irgendwann aufgehen wird. In diesem Sinne w\u00fcnsche ich dir und uns viele Mitstreiter:innen, die Samenk\u00f6rner pflanzen und die kleinen Samen d\u00fcngen- auf das wir gemeinsam eine bessere Welt schaffen k\u00f6nnen.<\/p>\n<p>Katja Tempel, 22.10.23<\/p>\n<h1>Dankesrede von Ernst Ludwig \u201eElu\u201c Iskenius zur Siegfried-Pater-Preisverleihung am 22.10.2023<\/h1>\n<p><a href=\"https:\/\/www.friedenkoeln.de\/wp-content\/uploads\/2023\/11\/Elu-Rede-zur-Preisverleihung.pdf\" target=\"_blank\" rel=\"noopener\">Rede als pdf herunterladen<\/a><\/p>\n<p>Liebe Frau Pater,<br \/>\nLieber Herr Pater,<br \/>\nLiebe Katja,<br \/>\nLiebe Anwesende,<br \/>\nLiebe Familie, Freunde und Freundinnen,Unterst\u00fctzer*innen,<\/p>\n<p>Vielen Dank f\u00fcr die Zuerkennung des Siegfried-Pater Preises, die Organisation dieser kleinen Feier, die wunderbare Rede von Dir Katja und schlie\u00dflich auch, dass Ihr alle Euch heute die Zeit genommen habt, zu dieser sch\u00f6nen Feier zu kommen.<\/p>\n<p>Nach meinem Verst\u00e4ndnis nehme ich diesen Preis stellvertretend f\u00fcr die vielen, unbeugsamen Menschen, die sich staatlichen Unrecht durch gewaltfreien zivilen Ungehorsam bewusst entgegenstellen.Sie m\u00fcssen oft sehr viel mehr Repression erleiden als ich. Davon gibt es viele, auf allen Kontinenten,wie Du Katja eben schon erw\u00e4hnt hast. Einige von ihnen haben mir als inspirierendes Vorbild gegolten, einigen bin ich pers\u00f6nlich<br \/>\nbegegnet.<\/p>\n<p>Stellvertretend f\u00fcr die vielen m\u00f6chte ich folgende Personen herausheben, die genauso gut an dieser Stelle stehen k\u00f6nnten:<\/p>\n<p><strong>Clara Tempel<\/strong> mit ihrem Jugendnetzwerk f\u00fcr politische Aktion. Mehrere 100 junge Menschen sind an den gewaltfreien zivilen Ungehorsam herangef\u00fchrt worden. Mit Ihr war ich auf dem Atomwaffengel\u00e4nde in B\u00fcchel, sie selbst war deshalb schon vor 3 Jahren zu 8 Tage in Hildesheim im Gef\u00e4ngnis wegen einer Startund Landebahnbesetzung, um die v\u00f6lkerrechtswidrigen \u00dcbungen zum Abwurf von Atomwaffen durch deutsches Milit\u00e4r zu<br \/>\nunterbinden. Mit ihr haben wir von der Prozessgruppe Widerspruch den Proze\u00dfmarathon durch alle Instanzen durchgestanden, damit wir unsere Verfassungsklagen (bisher insgesamt 21) einreichen zu k\u00f6nnen.Ich bin ihr h\u00e4ufiger begegnet, bei Blockadeaktionen, vor Gerichten, in vielen gemeinsamen Vorbereitungen derartiger Aktionen. In ihrem Alter hatte ich nur getr\u00e4umt, aber noch keinen Zivilen Ungehorsam praktiziert bzw. mit organisiert.<\/p>\n<p>Der<strong> B\u00fcrgermeister von Riace Domenico Lucano<\/strong>: Als B\u00fcrgermeister eines kleinen italienischen Bergdorfes hat er viele in Italien angekommene Gefl\u00fcchtete gegen den Willen seiner Regierung willkommen gehei\u00dfen. Damit hat er in weiser Voraussicht sein aussterbendes Dorf belebt Daf\u00fcr wurde er in einem unfairen Prozess mit absurden Vorw\u00fcrfen angeklagt, 2021 in erster Instanz zu hoher Gef\u00e4ngnisstrafe verurteilt, Gott sei Dank dann in h\u00f6heren Instanzen k\u00fcrzlich freigesprochen. In seinem Buch: &#8222;Dorf des Willkommens&#8220; schrieb er: &#8222;Durch ein absurdes Zusammentreffen , durch eine Laune des Windes, ist die Geschichte auf ein Dorf gesto\u00dfen, das mit dem Virus der &#8222;Menschlichkeit&#8220; infiziert war, einen Ort, an dem es m\u00f6glich war, sich vorzustellen, dass <strong>wir alle<\/strong> Menschen sind. Das hat eine tiefe Spur hinterlassen, das ist das Erbe, das wir weitergeben, <strong>der <\/strong><strong>Traum<\/strong>, dessen Verwirklichung noch aussteht&#8220;. Ja Ziviler Ungehorsam nimmt manchmal genau das vorweg, was wir in Zukunft dringend brauchen. Er ist die Medizin gegen das Unrecht. Er nimmt h\u00e4ufig unsere Utopien vorweg.<\/p>\n<p><strong>Die junge kurdische \u00c4rztin aus Diyarbakir, Dr. Elif Turan<\/strong>, die vom t\u00fcrkischen Staat mit Berufsverbot belegt wurde, weil sie sich weigerte, Gefangene in Fu\u00df- und Handschellen \u00e4rztlich zu untersuchen. Diese f\u00fcr Gefangene unw\u00fcrdige Behandlung wird auch in deutschen Gef\u00e4ngnissen praktiziert, wie ich in meiner Gef\u00e4ngniszeit erfahren konnte, bisher stillschweigend und ohne Proteste von \u00e4rztlichen Kollegen und Kolleginnen.Sie ist dagegen<br \/>\nt\u00e4glich mit Verhaftung bedroht, weil sie als Vorsitzende der \u00c4rztekammer immer wieder mit der dortigen Zwangsverwaltung in Konflikt ger\u00e4t. Ziviler Ungehorsam ist h\u00e4ufig ein herausforderndes Vorbild, ein Spiegel unseres eigenen kleinm\u00fctigen Handelns.<\/p>\n<p><strong>Ihr \u00e4lterer Kollege, der Chirurg Dr. Adnan Selcuk Mizrakli<\/strong>, ahnte schon vor seiner Wahl zum Oberb\u00fcrgermeister von Diyarbakir, was ihm sp\u00e4ter dann widerfahren ist: Zwangsabsetzung, Verhaftung, Gef\u00e4ngnisstrafe von 18 Jahren. Wir hatten ihn kurz vor seiner Wahl in Diyarbakir getroffen.Wir hatten ihn auf die m\u00f6gliche kommende Repression gegen ihn angesprochen. Seine Antwort: &#8222;Das darf mich nicht abhalten, f\u00fcr das einzustehen und zu handeln, was ich f\u00fcr meine \u00e4rztliche Aufgabe f\u00fcr richtig halte.&#8220; Ob ich auch diesen Mut gehabt h\u00e4tte?<\/p>\n<p>Am Freitag erst traf ich <strong>Frau Steffi Pulz-Debler<\/strong>, Landtagsabgeordnete in meinem Bundesland, die im Sommer 4 Wochen auf einem Seenotrettungsschiff praktisch mit geholfen hat. Sie muss seitdem nicht nur geh\u00e4ssige Briefe und e-mails lesen oder Telefonate anh\u00f6ren, sondern wird auf offener Stra\u00dfe bespuckt, beschimpft und bedroht, weil sie sich \u00f6ffentlich vor die Gefl\u00fcchteten stellt und die an ihnen ver\u00fcbten Menschenrechtsverletzungen \u00f6ffentlich gei\u00dfelt. Wie ihr ergeht es auch manchen mutigen Kommunalpolitiker. Personen, die zivilen Ungehorsam und den Widerstand grgrn das strukturelle Unrecht praktizieren, brauchen Schutz und solidarit\u00e4t durch ein soziales Umfeld.<\/p>\n<p>Im letzten Jahr sa\u00dfen allein hier in Deutschland <strong>6 Menschen <\/strong>wegen ihrem Zivilen Ungehorsam im Rahmen der Atomwaffenproteste in B\u00fcchel im Gef\u00e4ngnis, weitere werden folgen. Die Gef\u00e4ngnisstrafen sind\u00a0 vergleichsweise noch milde im Vergleich zu den gewaltfreien Aktivist*innen in den USA, die nichts anderes getan haben wie wir hier, aber daf\u00fcr hohe mehrj\u00e4hrige Gef\u00e4ngnisstrafen in Kauf nehmen mussten. Ziviler Ungehorsam, das mu\u00df klar sein, hat Konsequenzen.<\/p>\n<p>Oder <strong>die jungen Menschen von der Letzten Generation<\/strong>, die nicht nur physische Gewalt von aufgebrachten Autofahrern f\u00fcr ihren Zivilen Ungehorsam stoisch in Kauf nehmen , sondern mittlerweile sogar in Pr\u00e4ventivhaft genommen werden. Sie werden mit Strafprozessen \u00fcberzogen, die meist mit empfindlichen Geld und Gef\u00e4ngnisstrafen enden. Egal, wie wir pers\u00f6nlich zu ihren Aktionen stehen, wir als \u00e4ltere m\u00fcssen uns \u00f6ffentlich vor sie<br \/>\nstellen, denn es geht um ihre zuk\u00fcnftige Existenz, deren Bedrohung <strong>wir<\/strong> bisher nicht verhindern konnten.<\/p>\n<p>Ich danke den Organisatoren des Siegfried-Pater-Preises, dass ich f\u00fcr all diese inspirierenden und mutigen Menschen diesen Preis entgegen nehmen darf.<\/p>\n<p>Sie sehen, Ziviler Ungehorsam ist bunt und vielf\u00e4ltig. Er kommt in verschiedensten Lebenslagen vor.<\/p>\n<p>Warum gewaltfreier Ziviler Ungehorsam in diesen Tagen so notwendig ist, hat schon Katja vorhin angedeutet. Ich m\u00f6chte sogar behaupten, dass ohne t\u00e4glich praktizierten Zivilen Ungehorsam unsere Demokratie aus dem Ruder laufen w\u00fcrde und das Unrecht zum Recht w\u00fcrde.<\/p>\n<p>Wenn wir uns bewusst f\u00fcr eine Gef\u00e4ngnisstrafe entscheiden, dann deshalb, um auf bestehendes Unrecht oder gravierende Fehlentwicklungen zugespitzt aufmerksam zu machen. Wir nennen das deshalb auch <strong>&#8222;Mahnwachen hinter Gittern&#8220;<\/strong>.<\/p>\n<p>Ich bin dankbar, dass ich Teil dieses Widerstandes bin.Ich habe dadurch gelernt, viele \u00c4ngste ablegen zu k\u00f6nnen und brauche auch nicht zu verzweifeln, wenn wir scheinbar so ohnm\u00e4chtig der Gewalt, den Rechtsbr\u00fcchen und dem Unrecht nur zuschauen. Meist h\u00e4tten wir sie pr\u00e4ventiv verhindern k\u00f6nnen, wenn wir <strong>rechtzeitig<\/strong> der dahinter stehenden &#8222;strukturellen Gewalt&#8220; praktisch und konsequent widersprochen h\u00e4tten. Ich bin davon \u00fcberzeugt, dass unser scheinbar ohnm\u00e4chtiges Handeln den <strong>Humus<\/strong> f\u00fcr die dringend notwendigen Ver\u00e4nderungen bildet, aus dem dann eines Tages eine gerechte, friedvolle und \u00f6kologisch angepasste neue Gesellschaft entsteht. Diese Hoffnung lasse ich mir auch nicht nehmen angesichts der multiplen Krisen, Kriegs- und Gewaltausbr\u00fcche, auf die in diesen Tagen viele Regierungen und Staaten mit Gewalt und Gegengewalt glauben reagieren zu m\u00fcssen. Wir k\u00f6nnen dem entgegentreten, und das macht mich immer wieder froh und stark.<\/p>\n<p>Das Preisgeld geht an zwei Organisationen, die Menschen beistehen, der kriegerischen Gewalt etwas entgegen zu setzen, sei es im b\u00fcrokratischen Krieg gegen unbewaffnete Gefl\u00fcchtete, sei es durch Desertation, Verweigerung und Kriegsgegnerei den milit\u00e4risch gef\u00fchrten Krieg den R\u00fccken zu kehren. Entsprechende Informationen liegen aus.<\/p>\n<p>Ich danke Ihnen alle f\u00fcr das geduldige Zuh\u00f6ren und den Organisatoren dieses Preises f\u00fcr die Gelegenheit, unseren gewaltfreien zivilen Ungehorsam \u00f6ffentlich zu w\u00fcrdigen. Lasst uns weiter Humus bilden und Samen des Widerstandes s\u00e4en, <strong>damit<\/strong> verteidigen wir unsere demokratischen Werte.<\/p>\n","protected":false},"excerpt":{"rendered":"<p>Der Arzt und Friedensaktivist Ernst Ludwig \u201eElu\u201c Iskenius erhielt am 22. Oktober 2023 den Siegfried-Pater-Preis. Elu ist unserer K\u00f6lner DFG-VK-Gruppe von gemeinsamen Kundgebungen und Aktionen Zivilen Ungehorsams in B\u00fcchel (Eifel) bekannt, mit denen wir&#46;&#46;&#46;<\/p>\n","protected":false},"author":109,"featured_media":11870,"comment_status":"open","ping_status":"open","sticky":false,"template":"","format":"standard","meta":{"footnotes":""},"categories":[105,111],"tags":[115],"class_list":["post-17770","post","type-post","status-publish","format-standard","has-post-thumbnail","hentry","category-bericht","category-rede","tag-ziviler-ungehorsam"],"_links":{"self":[{"href":"https:\/\/www.friedenkoeln.de\/index.php?rest_route=\/wp\/v2\/posts\/17770","targetHints":{"allow":["GET"]}}],"collection":[{"href":"https:\/\/www.friedenkoeln.de\/index.php?rest_route=\/wp\/v2\/posts"}],"about":[{"href":"https:\/\/www.friedenkoeln.de\/index.php?rest_route=\/wp\/v2\/types\/post"}],"author":[{"embeddable":true,"href":"https:\/\/www.friedenkoeln.de\/index.php?rest_route=\/wp\/v2\/users\/109"}],"replies":[{"embeddable":true,"href":"https:\/\/www.friedenkoeln.de\/index.php?rest_route=%2Fwp%2Fv2%2Fcomments&post=17770"}],"version-history":[{"count":4,"href":"https:\/\/www.friedenkoeln.de\/index.php?rest_route=\/wp\/v2\/posts\/17770\/revisions"}],"predecessor-version":[{"id":17776,"href":"https:\/\/www.friedenkoeln.de\/index.php?rest_route=\/wp\/v2\/posts\/17770\/revisions\/17776"}],"wp:featuredmedia":[{"embeddable":true,"href":"https:\/\/www.friedenkoeln.de\/index.php?rest_route=\/wp\/v2\/media\/11870"}],"wp:attachment":[{"href":"https:\/\/www.friedenkoeln.de\/index.php?rest_route=%2Fwp%2Fv2%2Fmedia&parent=17770"}],"wp:term":[{"taxonomy":"category","embeddable":true,"href":"https:\/\/www.friedenkoeln.de\/index.php?rest_route=%2Fwp%2Fv2%2Fcategories&post=17770"},{"taxonomy":"post_tag","embeddable":true,"href":"https:\/\/www.friedenkoeln.de\/index.php?rest_route=%2Fwp%2Fv2%2Ftags&post=17770"}],"curies":[{"name":"wp","href":"https:\/\/api.w.org\/{rel}","templated":true}]}}