{"id":17817,"date":"2023-12-12T14:55:04","date_gmt":"2023-12-12T13:55:04","guid":{"rendered":"https:\/\/www.friedenkoeln.de\/?p=17817"},"modified":"2023-12-12T14:55:31","modified_gmt":"2023-12-12T13:55:31","slug":"tag-der-menschenrechte-performance-fuer-julian-assange-vor-dem-koelner-dom","status":"publish","type":"post","link":"https:\/\/www.friedenkoeln.de\/?p=17817","title":{"rendered":"Tag der Menschenrechte: Performance f\u00fcr Julian Assange vor dem K\u00f6lner Dom"},"content":{"rendered":"<p>Mitglieder unserer Arbeitsgruppe &#8222;FreeAssangeK\u00f6ln&#8220; haben am vergangenen Sonntag, den 10.12.2023, dem &#8222;Tag der Menschenrechte&#8220;, vor dem K\u00f6lner Dom eine Performance zur Unterst\u00fctzung des australischen Journalisten Julian Assange aufgef\u00fchrt.<\/p>\n<div id=\"attachment_17825\" style=\"width: 2570px\" class=\"wp-caption alignleft\"><img loading=\"lazy\" decoding=\"async\" aria-describedby=\"caption-attachment-17825\" class=\"size-full wp-image-17825\" src=\"https:\/\/www.friedenkoeln.de\/wp-content\/uploads\/2023\/12\/20231210-_DSC3106-kompr-scaled.jpg\" alt=\"Acht Leute, zum Teil in orangefarbenen Overalls, stehen nebeneinander auf je einem leeren Getr\u00e4nkekasten und halten je ein Schild in die H\u00f6he mit den Aufschriften &quot;Wissen&quot;, &quot;Respekt&quot;, &quot;Freiheit&quot;, &quot;Julian Assnage&quot;, &quot;Kunstfreiheit&quot;, &quot;Menwschenrechte&quot;, &quot;Frieden&quot;. Im Hintergrund ist das Hauptportal des K\u00f6lner Doms zu sehen.\" width=\"2560\" height=\"1437\" srcset=\"https:\/\/www.friedenkoeln.de\/wp-content\/uploads\/2023\/12\/20231210-_DSC3106-kompr-scaled.jpg 2560w, https:\/\/www.friedenkoeln.de\/wp-content\/uploads\/2023\/12\/20231210-_DSC3106-kompr-200x112.jpg 200w, https:\/\/www.friedenkoeln.de\/wp-content\/uploads\/2023\/12\/20231210-_DSC3106-kompr-768x431.jpg 768w, https:\/\/www.friedenkoeln.de\/wp-content\/uploads\/2023\/12\/20231210-_DSC3106-kompr-1536x862.jpg 1536w, https:\/\/www.friedenkoeln.de\/wp-content\/uploads\/2023\/12\/20231210-_DSC3106-kompr-2048x1149.jpg 2048w\" sizes=\"auto, (max-width: 2560px) 100vw, 2560px\" \/><p id=\"caption-attachment-17825\" class=\"wp-caption-text\">&#8222;Free Julian Assange&#8220;: Performance von Mitgliedern der DFG-VK am Tag der Menschenrechte, Domplatte K\u00f6ln, 10.12.2023. Foto: Herbert Sauerwein<\/p><\/div>\n<p>&nbsp;<\/p>\n<p>&nbsp;<\/p>\n<p>&nbsp;<\/p>\n<p>Julian Assange hat \u00fcber seine Plattform Wikileaks unter anderem Kriegsverbrechen der USA ver\u00f6ffentlicht. Die USA werten die Ver\u00f6ffentlichungen als Spionage und wollen die Auslieferung des australischen Journalisten erzwingen. Seit vier Jahren sitzt er unter Folterbedingungen in \u201eAuslieferungshaft\u201c im ber\u00fcchtigten Londoner Hochsicherheitsgef\u00e4ngnis Belmarsh.<\/p>\n<p>Der ehemalige UN-Menschenrechtsbeauftragte Nils Melzer berichtet in seinem Buch \u201eDer Fall Julian Assange &#8211; Geschichte einer Verfolgung\u201c von den gewaltigen politischen Man\u00f6vern westlicher Staaten, um Assange wegen seiner Ver\u00f6ffentlichungen zu kriminalisieren. Der Fall wirft ein helles Licht auf die Heuchelei der westlichen Regierungen, die regelm\u00e4\u00dfig Kriegsverbrechen und Menschenrechtsverletzungen in fremden Staaten kritisieren, aber die Missst\u00e4nde im eigenen Lager vertuschen. Das Buch von Nils Melzer \u00fcberreichte unser Mitglied Thespina Lazaridu bei der Vernissage der Ausstellung &#8222;Mein Name ist Mensch&#8220; in der Karl Rahner Akademie K\u00f6ln dem Bundesinnenminister a. D. Gerhart Baum.<\/p>\n<div id=\"attachment_17824\" style=\"width: 2570px\" class=\"wp-caption alignright\"><img loading=\"lazy\" decoding=\"async\" aria-describedby=\"caption-attachment-17824\" class=\"size-full wp-image-17824\" src=\"https:\/\/www.friedenkoeln.de\/wp-content\/uploads\/2023\/12\/20231210-_DSC3086-kompr-scaled.jpg\" alt=\"Eine kleine Frau mit kurzen grauschwarzen Haaren schaut freundlich einem gr\u00f6\u00dferen \u00e4lteren Mann mit wei\u00dfen Haaren in die Augen, der ein Buch mit gelber Schleife in der rechten Hand h\u00e4lt.\" width=\"2560\" height=\"1440\" srcset=\"https:\/\/www.friedenkoeln.de\/wp-content\/uploads\/2023\/12\/20231210-_DSC3086-kompr-scaled.jpg 2560w, https:\/\/www.friedenkoeln.de\/wp-content\/uploads\/2023\/12\/20231210-_DSC3086-kompr-200x113.jpg 200w, https:\/\/www.friedenkoeln.de\/wp-content\/uploads\/2023\/12\/20231210-_DSC3086-kompr-768x432.jpg 768w, https:\/\/www.friedenkoeln.de\/wp-content\/uploads\/2023\/12\/20231210-_DSC3086-kompr-1536x864.jpg 1536w, https:\/\/www.friedenkoeln.de\/wp-content\/uploads\/2023\/12\/20231210-_DSC3086-kompr-2048x1152.jpg 2048w\" sizes=\"auto, (max-width: 2560px) 100vw, 2560px\" \/><p id=\"caption-attachment-17824\" class=\"wp-caption-text\">Thespina Lazaridu, Mitglied der DFG-VK Gruppe K\u00f6ln, \u00fcberreicht dem Bundesinnenminister a. D. Gerhart Baum das Buch von Nils Melzer &#8222;Der Fall Julian Assange&#8220;. K\u00f6ln am Tag der Menschenrechte, 10.12.2023. Foto: Herbert Sauerwein<\/p><\/div>\n<hr \/>\n<p>Am 28. Dezember 2023 findet um 19:30 Uhr das letzte Gruppentreffen in diesem Jahr statt. Wir wollen an dem Abend Postkarten an politische Gefangene schreiben. Wer mitmachen und uns bei der Gelegenheit kennenlernen m\u00f6chte, melde sich bitte bei kontakt@friedenkoeln.de an.<\/p>\n<div id=\"attachment_17830\" style=\"width: 2570px\" class=\"wp-caption aligncenter\"><img loading=\"lazy\" decoding=\"async\" aria-describedby=\"caption-attachment-17830\" class=\"size-full wp-image-17830\" src=\"https:\/\/www.friedenkoeln.de\/wp-content\/uploads\/2023\/12\/20231210-_DSC3088-scaled.jpeg\" alt=\"Ein \u00e4lterer Herr mit wei\u00dfen Haaren und Brille und dunklem Sakko zeigt ein Buch, das mit einer gelben Schleife umwickelt ist.\" width=\"2560\" height=\"1440\" srcset=\"https:\/\/www.friedenkoeln.de\/wp-content\/uploads\/2023\/12\/20231210-_DSC3088-scaled.jpeg 2560w, https:\/\/www.friedenkoeln.de\/wp-content\/uploads\/2023\/12\/20231210-_DSC3088-200x113.jpeg 200w, https:\/\/www.friedenkoeln.de\/wp-content\/uploads\/2023\/12\/20231210-_DSC3088-768x432.jpeg 768w, https:\/\/www.friedenkoeln.de\/wp-content\/uploads\/2023\/12\/20231210-_DSC3088-1536x864.jpeg 1536w, https:\/\/www.friedenkoeln.de\/wp-content\/uploads\/2023\/12\/20231210-_DSC3088-2048x1152.jpeg 2048w\" sizes=\"auto, (max-width: 2560px) 100vw, 2560px\" \/><p id=\"caption-attachment-17830\" class=\"wp-caption-text\">Bundesinnenminister a. D. Gerhart Baum mit dem Buch von Nils Melzer &#8222;Der Fall Julian Assange &#8211; Geschichte einer Verfolgung&#8220;, Karl Rahner Akademie K\u00f6ln, 10.12.2023. Foto: Herbert Sauerwein<\/p><\/div>\n","protected":false},"excerpt":{"rendered":"<p>Mitglieder unserer Arbeitsgruppe &#8222;FreeAssangeK\u00f6ln&#8220; haben am vergangenen Sonntag, den 10.12.2023, dem &#8222;Tag der Menschenrechte&#8220;, vor dem K\u00f6lner Dom eine Performance zur Unterst\u00fctzung des australischen Journalisten Julian Assange aufgef\u00fchrt. &nbsp; &nbsp; &nbsp; Julian Assange hat&#46;&#46;&#46;<\/p>\n","protected":false},"author":110,"featured_media":17825,"comment_status":"open","ping_status":"open","sticky":false,"template":"","format":"standard","meta":{"footnotes":""},"categories":[105],"tags":[99,165],"class_list":["post-17817","post","type-post","status-publish","format-standard","has-post-thumbnail","hentry","category-bericht","tag-menschenrechte","tag-pressefreiheit"],"_links":{"self":[{"href":"https:\/\/www.friedenkoeln.de\/index.php?rest_route=\/wp\/v2\/posts\/17817","targetHints":{"allow":["GET"]}}],"collection":[{"href":"https:\/\/www.friedenkoeln.de\/index.php?rest_route=\/wp\/v2\/posts"}],"about":[{"href":"https:\/\/www.friedenkoeln.de\/index.php?rest_route=\/wp\/v2\/types\/post"}],"author":[{"embeddable":true,"href":"https:\/\/www.friedenkoeln.de\/index.php?rest_route=\/wp\/v2\/users\/110"}],"replies":[{"embeddable":true,"href":"https:\/\/www.friedenkoeln.de\/index.php?rest_route=%2Fwp%2Fv2%2Fcomments&post=17817"}],"version-history":[{"count":11,"href":"https:\/\/www.friedenkoeln.de\/index.php?rest_route=\/wp\/v2\/posts\/17817\/revisions"}],"predecessor-version":[{"id":17833,"href":"https:\/\/www.friedenkoeln.de\/index.php?rest_route=\/wp\/v2\/posts\/17817\/revisions\/17833"}],"wp:featuredmedia":[{"embeddable":true,"href":"https:\/\/www.friedenkoeln.de\/index.php?rest_route=\/wp\/v2\/media\/17825"}],"wp:attachment":[{"href":"https:\/\/www.friedenkoeln.de\/index.php?rest_route=%2Fwp%2Fv2%2Fmedia&parent=17817"}],"wp:term":[{"taxonomy":"category","embeddable":true,"href":"https:\/\/www.friedenkoeln.de\/index.php?rest_route=%2Fwp%2Fv2%2Fcategories&post=17817"},{"taxonomy":"post_tag","embeddable":true,"href":"https:\/\/www.friedenkoeln.de\/index.php?rest_route=%2Fwp%2Fv2%2Ftags&post=17817"}],"curies":[{"name":"wp","href":"https:\/\/api.w.org\/{rel}","templated":true}]}}