{"id":17848,"date":"2023-12-22T19:45:50","date_gmt":"2023-12-22T18:45:50","guid":{"rendered":"https:\/\/www.friedenkoeln.de\/?p=17848"},"modified":"2023-12-22T19:45:50","modified_gmt":"2023-12-22T18:45:50","slug":"mitmachen-mahnwache-fuer-frieden-im-nahen-osten-am-24-dezember-2023-in-koeln","status":"publish","type":"post","link":"https:\/\/www.friedenkoeln.de\/?p=17848","title":{"rendered":"Mitmachen: Mahnwache f\u00fcr Frieden im Nahen Osten am 24. Dezember 2023 in K\u00f6ln"},"content":{"rendered":"<p>Zusammen mit dem K\u00f6lner Friedensforum laden wir zu einer<\/p>\n<p style=\"text-align: center;\"><strong>Mahnwache f\u00fcr einen Waffenstillstand und Friedensverhandlungen im Nahen Osten <\/strong><\/p>\n<p style=\"text-align: center;\"><strong>am 24. Dezember 2023 um 11 Uhr <\/strong><\/p>\n<p style=\"text-align: center;\"><strong>vor dem K\u00f6lner Dom <\/strong><\/p>\n<p style=\"text-align: left;\">ein. Alle sind herzlich willkommen!<\/p>\n<p>&nbsp;<\/p>\n<div id=\"attachment_17847\" style=\"width: 2570px\" class=\"wp-caption aligncenter\"><img loading=\"lazy\" decoding=\"async\" aria-describedby=\"caption-attachment-17847\" class=\"size-full wp-image-17847\" src=\"https:\/\/www.friedenkoeln.de\/wp-content\/uploads\/2023\/12\/DSC_0088-scaled.jpg\" alt=\"Eine ernste junge Frau in brauner Jacke h\u00e4lt in einer Gruppe laufender Menschen ein selbstgemaltes Schild in die H\u00f6he.\" width=\"2560\" height=\"1707\" srcset=\"https:\/\/www.friedenkoeln.de\/wp-content\/uploads\/2023\/12\/DSC_0088-scaled.jpg 2560w, https:\/\/www.friedenkoeln.de\/wp-content\/uploads\/2023\/12\/DSC_0088-200x133.jpg 200w, https:\/\/www.friedenkoeln.de\/wp-content\/uploads\/2023\/12\/DSC_0088-768x512.jpg 768w, https:\/\/www.friedenkoeln.de\/wp-content\/uploads\/2023\/12\/DSC_0088-1536x1024.jpg 1536w, https:\/\/www.friedenkoeln.de\/wp-content\/uploads\/2023\/12\/DSC_0088-2048x1365.jpg 2048w\" sizes=\"auto, (max-width: 2560px) 100vw, 2560px\" \/><p id=\"caption-attachment-17847\" class=\"wp-caption-text\">&#8222;CEASEFIRE NOW &#8211; RELEASE THE HOSTAGES&#8220; (Waffenstillstand jetzt &#8211; Geiseln freilassen) &#8211; Forderung auf der Demo &#8222;Palestians and Jews for Peace&#8220; am 19.11.2023 in K\u00f6ln. Foto: Stefanie Intveen<\/p><\/div>\n","protected":false},"excerpt":{"rendered":"<p>Zusammen mit dem K\u00f6lner Friedensforum laden wir zu einer Mahnwache f\u00fcr einen Waffenstillstand und Friedensverhandlungen im Nahen Osten am 24. Dezember 2023 um 11 Uhr vor dem K\u00f6lner Dom ein. Alle sind herzlich willkommen!&#46;&#46;&#46;<\/p>\n","protected":false},"author":110,"featured_media":17847,"comment_status":"open","ping_status":"open","sticky":false,"template":"","format":"standard","meta":{"footnotes":""},"categories":[104],"tags":[66],"class_list":["post-17848","post","type-post","status-publish","format-standard","has-post-thumbnail","hentry","category-ankuendigung","tag-israel-palaestina"],"_links":{"self":[{"href":"https:\/\/www.friedenkoeln.de\/index.php?rest_route=\/wp\/v2\/posts\/17848","targetHints":{"allow":["GET"]}}],"collection":[{"href":"https:\/\/www.friedenkoeln.de\/index.php?rest_route=\/wp\/v2\/posts"}],"about":[{"href":"https:\/\/www.friedenkoeln.de\/index.php?rest_route=\/wp\/v2\/types\/post"}],"author":[{"embeddable":true,"href":"https:\/\/www.friedenkoeln.de\/index.php?rest_route=\/wp\/v2\/users\/110"}],"replies":[{"embeddable":true,"href":"https:\/\/www.friedenkoeln.de\/index.php?rest_route=%2Fwp%2Fv2%2Fcomments&post=17848"}],"version-history":[{"count":2,"href":"https:\/\/www.friedenkoeln.de\/index.php?rest_route=\/wp\/v2\/posts\/17848\/revisions"}],"predecessor-version":[{"id":17850,"href":"https:\/\/www.friedenkoeln.de\/index.php?rest_route=\/wp\/v2\/posts\/17848\/revisions\/17850"}],"wp:featuredmedia":[{"embeddable":true,"href":"https:\/\/www.friedenkoeln.de\/index.php?rest_route=\/wp\/v2\/media\/17847"}],"wp:attachment":[{"href":"https:\/\/www.friedenkoeln.de\/index.php?rest_route=%2Fwp%2Fv2%2Fmedia&parent=17848"}],"wp:term":[{"taxonomy":"category","embeddable":true,"href":"https:\/\/www.friedenkoeln.de\/index.php?rest_route=%2Fwp%2Fv2%2Fcategories&post=17848"},{"taxonomy":"post_tag","embeddable":true,"href":"https:\/\/www.friedenkoeln.de\/index.php?rest_route=%2Fwp%2Fv2%2Ftags&post=17848"}],"curies":[{"name":"wp","href":"https:\/\/api.w.org\/{rel}","templated":true}]}}