{"id":17851,"date":"2023-12-29T17:24:50","date_gmt":"2023-12-29T16:24:50","guid":{"rendered":"https:\/\/www.friedenkoeln.de\/?p=17851"},"modified":"2023-12-29T17:24:50","modified_gmt":"2023-12-29T16:24:50","slug":"isabelle-casel-nach-palaestina-demo-in-koeln-deutschland-macht-sich-der-mittaeterschaft-schuldig","status":"publish","type":"post","link":"https:\/\/www.friedenkoeln.de\/?p=17851","title":{"rendered":"Isabelle Casel nach Pal\u00e4stina-Demo in K\u00f6ln: &#8222;Deutschland macht sich der Mitt\u00e4terschaft schuldig!&#8220;"},"content":{"rendered":"<p><em>Am 23.12.2023 fand in K\u00f6ln eine Kundgebung der \u201ePal\u00e4stinensische Gemeinde Deutschland \u2013 K\u00f6ln\u201c und der \u201ePal\u00e4stinensische Allianz in NRW\u201c statt, um mit einem Kerzenmarsch der in Gaza get\u00f6teten Kinder und Erwachsenen zu gedenken. Es waren nur pal\u00e4stinensische Fahnen erlaubt. Unser Mitglied Isabelle Casel war dabei und berichtet ihre Eindr\u00fccke:<\/em><\/p>\n<hr \/>\n<p>Mit mehreren hundert TeilnehmerInnen, darunter vielen Gewerkschaftlern, Mitgliedern des St\u00e4dtepartnerschaftvereins K\u00f6ln-Bethlehem, und mit Unterst\u00fctzung durch die Pal\u00e4stinensische Gemeinde K\u00f6ln e.V. waren wir am 23. Dezember in K\u00f6ln bei der Protestdemonstration gegen die Abriegelung und Bombardierung Gazas durch Israel.<\/p>\n<p>Nach einer Auftaktkundgebung am Breslauer Platz mit emotionalen Reden junger Pal\u00e4stinenserInnen, zogen wir mit einem Protest- und Schweigemarsch mit Kerzen durch die Innenstadt zum Ebertplatz und wieder zur\u00fcck. Zur Endkundgebung wurden aus vielen Kerzen die Worte &#8222;Pal\u00e4stina&#8220; und &#8222;Gaza&#8220; geformt. Es gab ein riesiges Transparent mit den Namen unz\u00e4hliger bisher get\u00f6teter Kinder und viele Schilder mit den Forderungen \u201eKeine Waffenlieferungen nach Israel \u2013 Stoppt den V\u00f6lkermord in Gaza\u201c. Die Menschen mit Verwandten in Gaza und im Westjordanland sind fassungslos ob dieser grauenhaften Gewalt, diesem Genozid gegen ihre unschuldigen Verwandten und dar\u00fcber, dass wir, ihre deutschen Mitb\u00fcrgerInnen dazu schweigen. Sie fordern, neben Netanjahu auch Scholz und Baerbock wegen Kriegsverbrechen und Beihilfe daran anzuklagen.<\/p>\n<div id=\"attachment_17855\" style=\"width: 381px\" class=\"wp-caption alignright\"><img loading=\"lazy\" decoding=\"async\" aria-describedby=\"caption-attachment-17855\" class=\" wp-image-17855\" src=\"https:\/\/www.friedenkoeln.de\/wp-content\/uploads\/2023\/12\/city-8385930_1280.png\" alt=\"Ein Aquarell-Bild zeigt eine Stra\u00dfe, auf denen Menschen durch ein nah\u00f6stliches Wohngebiet gehen. Die Fenster in den Wohnh\u00e4users rechts und links scheinen besch\u00e4digt. Vor den Geb\u00e4uden liegt Schutt. \" width=\"371\" height=\"371\" srcset=\"https:\/\/www.friedenkoeln.de\/wp-content\/uploads\/2023\/12\/city-8385930_1280.png 1280w, https:\/\/www.friedenkoeln.de\/wp-content\/uploads\/2023\/12\/city-8385930_1280-500x500.png 500w, https:\/\/www.friedenkoeln.de\/wp-content\/uploads\/2023\/12\/city-8385930_1280-200x200.png 200w, https:\/\/www.friedenkoeln.de\/wp-content\/uploads\/2023\/12\/city-8385930_1280-768x768.png 768w, https:\/\/www.friedenkoeln.de\/wp-content\/uploads\/2023\/12\/city-8385930_1280-80x80.png 80w, https:\/\/www.friedenkoeln.de\/wp-content\/uploads\/2023\/12\/city-8385930_1280-320x320.png 320w\" sizes=\"auto, (max-width: 371px) 100vw, 371px\" \/><p id=\"caption-attachment-17855\" class=\"wp-caption-text\">&#8222;City&#8220;. Grafik: Judas Isariot \/ Pixabay, 2023.<\/p><\/div>\n<p>Was in Gaza geschieht, hat mit uns zu tun. Bei Treffen der EU-Au\u00dfenminister Ende Oktober waren es die Deutschen, die eine kleine Minderheit von Staaten anf\u00fchrten, um eine Forderung nach einem Waffenstillstand zu blockieren. Die deutsche Regierung hat die Waffenexporte nach Israel in diesem Jahr im Vergleich zum Vorjahr verzehnfacht. \u00dcber 80 Prozent dieser Exporte wurden nach dem 7. Oktober genehmigt. Deutschland macht sich der Mitt\u00e4terschaft daran schuldig, dass das T\u00f6ten nicht aufh\u00f6rt und \u2013 mit der Blockade &#8211; dass die Menschen hungern, dass das Trinkwasser knapp wird, dass eine medizinische Versorgung kaum noch m\u00f6glich ist. K\u00e4lte und Krankheiten kommen nun hinzu. Jeder von uns macht sich mitschuldig wenn er zu diesem Unrecht, Mord und Vertreibung schweigt.<\/p>\n<hr \/>\n<p><em>Wir bedanken uns f\u00fcr Isabelles Kommentar. \u00dcber die Lage in Pal\u00e4stina und Israel berichtet auch der Blog des B\u00fcndnis f\u00fcr Gerechtigkeit zwischen Israelis und Pal\u00e4stinensern e. V.:\u00a0https:\/\/bip-jetzt.de\/blog\/.<\/em><\/p>\n","protected":false},"excerpt":{"rendered":"<p>Am 23.12.2023 fand in K\u00f6ln eine Kundgebung der \u201ePal\u00e4stinensische Gemeinde Deutschland \u2013 K\u00f6ln\u201c und der \u201ePal\u00e4stinensische Allianz in NRW\u201c statt, um mit einem Kerzenmarsch der in Gaza get\u00f6teten Kinder und Erwachsenen zu gedenken. Es&#46;&#46;&#46;<\/p>\n","protected":false},"author":110,"featured_media":17855,"comment_status":"open","ping_status":"open","sticky":false,"template":"","format":"standard","meta":{"footnotes":""},"categories":[107],"tags":[66],"class_list":["post-17851","post","type-post","status-publish","format-standard","has-post-thumbnail","hentry","category-kommentar","tag-israel-palaestina"],"_links":{"self":[{"href":"https:\/\/www.friedenkoeln.de\/index.php?rest_route=\/wp\/v2\/posts\/17851","targetHints":{"allow":["GET"]}}],"collection":[{"href":"https:\/\/www.friedenkoeln.de\/index.php?rest_route=\/wp\/v2\/posts"}],"about":[{"href":"https:\/\/www.friedenkoeln.de\/index.php?rest_route=\/wp\/v2\/types\/post"}],"author":[{"embeddable":true,"href":"https:\/\/www.friedenkoeln.de\/index.php?rest_route=\/wp\/v2\/users\/110"}],"replies":[{"embeddable":true,"href":"https:\/\/www.friedenkoeln.de\/index.php?rest_route=%2Fwp%2Fv2%2Fcomments&post=17851"}],"version-history":[{"count":4,"href":"https:\/\/www.friedenkoeln.de\/index.php?rest_route=\/wp\/v2\/posts\/17851\/revisions"}],"predecessor-version":[{"id":17856,"href":"https:\/\/www.friedenkoeln.de\/index.php?rest_route=\/wp\/v2\/posts\/17851\/revisions\/17856"}],"wp:featuredmedia":[{"embeddable":true,"href":"https:\/\/www.friedenkoeln.de\/index.php?rest_route=\/wp\/v2\/media\/17855"}],"wp:attachment":[{"href":"https:\/\/www.friedenkoeln.de\/index.php?rest_route=%2Fwp%2Fv2%2Fmedia&parent=17851"}],"wp:term":[{"taxonomy":"category","embeddable":true,"href":"https:\/\/www.friedenkoeln.de\/index.php?rest_route=%2Fwp%2Fv2%2Fcategories&post=17851"},{"taxonomy":"post_tag","embeddable":true,"href":"https:\/\/www.friedenkoeln.de\/index.php?rest_route=%2Fwp%2Fv2%2Ftags&post=17851"}],"curies":[{"name":"wp","href":"https:\/\/api.w.org\/{rel}","templated":true}]}}