{"id":17883,"date":"2024-01-07T23:46:59","date_gmt":"2024-01-07T22:46:59","guid":{"rendered":"https:\/\/www.friedenkoeln.de\/?p=17883"},"modified":"2024-01-07T23:46:59","modified_gmt":"2024-01-07T22:46:59","slug":"prozessflut-am-amtsgericht-cochem-anti-atomwaffen-aktivistinnen-wehren-sich-gegen-atomare-aufruestungsspirale","status":"publish","type":"post","link":"https:\/\/www.friedenkoeln.de\/?p=17883","title":{"rendered":"Prozessflut am Amtsgericht Cochem: Anti-Atomwaffen-Aktivist:innen wehren sich gegen atomare Aufr\u00fcstungsspirale"},"content":{"rendered":"<p><em>Cochem\/B\u00fcchel, 3.1.2024.<\/em> Am Montag, den 8. Januar 2024 finden am Amtsgericht Cochem sechs Prozesse gegen Atomwaffengegner:innen statt. Diese hatten das Milit\u00e4rgel\u00e4nde in der Eifel am 8. Mai 2023 unerlaubt betreten. Die Gruppe wollte darauf hinweisen, dass es eine v\u00f6lkerrechtswidrige atomare Aufr\u00fcstung an diesem Unrechtsort gibt und die deutsche Regierung permanent das V\u00f6lkerrecht bricht. Durch ihre Aktion wurde die Vorbereitung eines Atomkriegs gewaltfrei unterbrochen, indem die Bauarbeiten f\u00fcr die neue Landebahn behindert wurde. Die Erneuerung der Landebahn ist die Voraussetzung f\u00fcr den Einsatz neuer Atomwaffen, die in K\u00fcrze in B\u00fcchel stationiert werden sollen.<\/p>\n<p>Die acht Teilnehmer:innen aus ganz Deutschland setzten damit am Jahrestag des Kriegsendes ein Zeichen f\u00fcr das Leben und forderten das Ende der v\u00f6lkerrechtswidrigen Drohung mit Massenvernichtungswaffen. Atomwaffen und Klimawandel sind f\u00fcr die Aktionsgruppe die gr\u00f6\u00dften Bedrohungen f\u00fcr die Menschheit. Durch die Aktion sollte die Bundesregierung aufgefordert werden, dem Atomwaffenverbotsvertrag der UN beizutreten.<\/p>\n<p>Folgende Personen werden am 8.1.2024 vor Gericht stehen und ihre Haltung erl\u00e4utern:<\/p>\n<p>9 Uhr Ria Makein, 71 Jahre aus Bedburg:<\/p>\n<blockquote><p>Weil ich mir in meiner Zeit als Kindergartenleiterin die Frage stellte, f\u00fcr welche Zukunft ich die Kinder vorbereite und feststellen musste, dass diese Zukunft durch die Bereitschaft zu neuen Kriegen bedroht war, begann ich mit zivilem Ungehorsam gegen Atomwaffenstandorte. Leider hat sich die Gefahr neuer Kriege nicht gemindert, sodass ich gezwungen bin, durch weitere Proteste Sand ins Getriebe zu streuen.<\/p><\/blockquote>\n<p>9.30 Uhr Miriam Kr\u00e4mer, 58 Jahre, aus Aalen:<\/p>\n<blockquote><p>Ich leite ein Projekt des Programms \u00d6stliche Partnerschaft vom Ausw\u00e4rtigen Amt. Menschen in anderen Teilen der Welt sind nicht meine Feinde. Als Ort der Mahnung wei\u00df ich keinen passenderen als den Milit\u00e4rflughafen B\u00fcchel, auf dem t\u00e4glich Fl\u00fcge f\u00fcr einen Atomwaffeneinsatz ge\u00fcbt werden.<\/p><\/blockquote>\n<p>10 Uhr Lies Welker, 75 Jahre aus Mainz:<\/p>\n<blockquote><p>Meine Aktion des zivilen Ungehorsams sollte die Bundesregierung auffordern, den Atomwaffenverbotsvertrag zu unterzeichnen und f\u00fcr den Abzug der Atombomben aus B\u00fcchel zu sorgen.<\/p><\/blockquote>\n<p>10.30 Uhr Johannes Wollbold, 65 Jahre aus Weimar:<\/p>\n<blockquote><p>Aktuell k\u00f6nnte ein Ende der nuklearen Teilhabe als ein deutscher Beitrag zu einem Friedensangebot an Russland im Ukraine-Krieg genutzt werden.<\/p><\/blockquote>\n<p>13.30 Uhr Gerd B\u00fcntzly, 74 Jahre, Musiker aus Herford:<\/p>\n<blockquote><p>Es ist notwendig, das Schweigen \u00fcber die Drohung, die mit den Atomwaffen \u00fcber uns h\u00e4ngt, zu durchbrechen.<\/p><\/blockquote>\n<p>14.30 Uhr Ernst-Ludwig Iskenius, 71 Jahre, Arzt aus L\u00fcbtheen:<\/p>\n<blockquote><p>Ich wollte mit dieser Aktion den Ausbau-Betrieb unterbrechen. Allein die Stationierung von Atombomben stellt einen permanenten V\u00f6lkerrechtsbruch dar und erfordert daher immer wieder Zivilen Ungehorsam.<\/p><\/blockquote>\n<p>Um 8 Uhr werden Unterst\u00fctzer:innen aus dem gesamten Bundesgebiet zu einer Mahnwache vor dem Amtsgericht Cochem erwartet, um ihre Solidarit\u00e4t mit der gewaltfreien Aktion der Angeklagten und ihre Ablehnung der Massenvernichtungswaffen in der Eifel auszudr\u00fccken.<\/p>\n<div id=\"attachment_12547\" style=\"width: 2058px\" class=\"wp-caption aligncenter\"><img loading=\"lazy\" decoding=\"async\" aria-describedby=\"caption-attachment-12547\" class=\"size-full wp-image-12547\" src=\"https:\/\/www.friedenkoeln.de\/wp-content\/uploads\/2018\/07\/43542215332_a45b2c034f_k.jpg\" alt=\"Hinter einem Maschendraht- und Stacheldrahtzaun stehen sieben Menschen, die ein gro\u00dfes wei\u00dfes Transparent vor sich tragen. Aufschrift: &quot;Atomwaffen abschaffen JETZT! Miteinander in Frieden leben!&quot;\" width=\"2048\" height=\"1536\" srcset=\"https:\/\/www.friedenkoeln.de\/wp-content\/uploads\/2018\/07\/43542215332_a45b2c034f_k.jpg 2048w, https:\/\/www.friedenkoeln.de\/wp-content\/uploads\/2018\/07\/43542215332_a45b2c034f_k-768x576.jpg 768w, https:\/\/www.friedenkoeln.de\/wp-content\/uploads\/2018\/07\/43542215332_a45b2c034f_k-1024x768.jpg 1024w\" sizes=\"auto, (max-width: 2048px) 100vw, 2048px\" \/><p id=\"caption-attachment-12547\" class=\"wp-caption-text\">Qu\u00e4kerInnen legen Friedenszeugnis auf Airbase ab. Am Morgen des 23.07.18 haben sieben Atomwaffengegner*innen die Start- und Landebahn des Fliegerhorst B\u00fcchel unautorisiert betreten, um den Abzug der Atombomben zu fordern. Foto: Qu\u00e4ker-Netzwerk B\u00fcchel<\/p><\/div>\n","protected":false},"excerpt":{"rendered":"<p>Cochem\/B\u00fcchel, 3.1.2024. Am Montag, den 8. Januar 2024 finden am Amtsgericht Cochem sechs Prozesse gegen Atomwaffengegner:innen statt. Diese hatten das Milit\u00e4rgel\u00e4nde in der Eifel am 8. Mai 2023 unerlaubt betreten. Die Gruppe wollte darauf&#46;&#46;&#46;<\/p>\n","protected":false},"author":110,"featured_media":12547,"comment_status":"open","ping_status":"open","sticky":false,"template":"","format":"standard","meta":{"footnotes":""},"categories":[87],"tags":[33,48,80,232,91,115],"class_list":["post-17883","post","type-post","status-publish","format-standard","has-post-thumbnail","hentry","category-pressemitteilung","tag-atomwaffen","tag-bundeswehr","tag-rechtsprechung","tag-usa","tag-voelkerrecht","tag-ziviler-ungehorsam"],"_links":{"self":[{"href":"https:\/\/www.friedenkoeln.de\/index.php?rest_route=\/wp\/v2\/posts\/17883","targetHints":{"allow":["GET"]}}],"collection":[{"href":"https:\/\/www.friedenkoeln.de\/index.php?rest_route=\/wp\/v2\/posts"}],"about":[{"href":"https:\/\/www.friedenkoeln.de\/index.php?rest_route=\/wp\/v2\/types\/post"}],"author":[{"embeddable":true,"href":"https:\/\/www.friedenkoeln.de\/index.php?rest_route=\/wp\/v2\/users\/110"}],"replies":[{"embeddable":true,"href":"https:\/\/www.friedenkoeln.de\/index.php?rest_route=%2Fwp%2Fv2%2Fcomments&post=17883"}],"version-history":[{"count":3,"href":"https:\/\/www.friedenkoeln.de\/index.php?rest_route=\/wp\/v2\/posts\/17883\/revisions"}],"predecessor-version":[{"id":17886,"href":"https:\/\/www.friedenkoeln.de\/index.php?rest_route=\/wp\/v2\/posts\/17883\/revisions\/17886"}],"wp:featuredmedia":[{"embeddable":true,"href":"https:\/\/www.friedenkoeln.de\/index.php?rest_route=\/wp\/v2\/media\/12547"}],"wp:attachment":[{"href":"https:\/\/www.friedenkoeln.de\/index.php?rest_route=%2Fwp%2Fv2%2Fmedia&parent=17883"}],"wp:term":[{"taxonomy":"category","embeddable":true,"href":"https:\/\/www.friedenkoeln.de\/index.php?rest_route=%2Fwp%2Fv2%2Fcategories&post=17883"},{"taxonomy":"post_tag","embeddable":true,"href":"https:\/\/www.friedenkoeln.de\/index.php?rest_route=%2Fwp%2Fv2%2Ftags&post=17883"}],"curies":[{"name":"wp","href":"https:\/\/api.w.org\/{rel}","templated":true}]}}