{"id":17894,"date":"2024-01-09T07:00:26","date_gmt":"2024-01-09T06:00:26","guid":{"rendered":"https:\/\/www.friedenkoeln.de\/?p=17894"},"modified":"2024-01-08T17:26:17","modified_gmt":"2024-01-08T16:26:17","slug":"zwei-atomwaffengegner-wegen-protest-gegen-die-vorbereitung-von-massenmord-verurteilt","status":"publish","type":"post","link":"https:\/\/www.friedenkoeln.de\/?p=17894","title":{"rendered":"Zwei Atomwaffengegner wegen Protest gegen die Vorbereitung von Massenmord verurteilt"},"content":{"rendered":"<p><em>Cochem, 8.1.2024.<\/em> Das Amtsgericht Cochem verurteilte die fr\u00fchere Kinderg\u00e4rtnerin und Sozialp\u00e4dagogin Ria Makein aus Bedburg-Hau (NRW) und den Theologen, Erzieher und Mathematiker Johannes Wollbold aus Weimar jeweils zu 60 Tagess\u00e4tzen und Zahlung der Gerichtskosten wegen &#8222;Hausfriedensbruch&#8220; auf dem Bundeswehrflugplatz B\u00fcchel. Am 28.5.2023 hatten beide das zurzeit im Umbau befindliche Milit\u00e4rgel\u00e4nde gemeinsam mit f\u00fcnf weiteren Personen durch das offene Tor betreten, um auf die dortige Stationierung atomarer Massenvernichtungswaffen und den dadurch bewirkten Bruch von Grundgesetz und V\u00f6lkerrecht aufmerksam zu machen.<\/p>\n<p>Ria Makein protestierte auf dem Flugplatz, und Johannes Wollbold sorgte mit einer Mitstreiterin f\u00fcr den zeitweiligen Stopp der Bauarbeiten, indem er mit den Bauarbeitern, Sicherheitspersonal und Soldaten \u00fcber die V\u00f6lkerrechtswidrigkeit der US-Atombomben sprach. Der Umbau bereitet auch die Stationierung atomwaffenf\u00e4higer US-amerikanischer Tarnkappenbomber F35 vor.<\/p>\n<p>Bei der heutigen Verhandlung im voll besetzten Gerichtssaal wiesen beide Beklagten eindringlich auf die Eskalationsgefahr bis hin zum Atomkrieg hin, die durch die Kriege in der Ukraine und im Nahen Osten gestiegen sei.<\/p>\n<p>Staatsanwalt M\u00f6lich erkannte die &#8222;nachvollziehbaren&#8220; Motive der beiden, sah in ihrer Aktion jedoch nicht einen legalen Versuch, die Vorbereitung eines Massenmords durch den Einsatz von Atombomben zu verh\u00fcten, sondern nur Hausfriedensbruch. Er beantragte, beide zu einer Geldstrafe in H\u00f6he von 60 Tagess\u00e4tzen zu verurteilen, da beide vorbestraft seien. Beide hatten bereits am 30.4.2019 mit einer gewaltfreien Aktion in B\u00fcchel f\u00fcr eine kurze Zeit die planm\u00e4\u00dfigen Starts der Bundeswehr-Tornado-Jets und damit das \u00dcben eines Atomkriegs verhindert. Ria Makein hatte die daraus folgende 30-t\u00e4gige Freiheitsstrafe im Mai 2022 in der Justizvollzugsanstalt Willich (NRW) zu einer &#8222;Mahnwache hinter Gittern&#8220; genutzt.<\/p>\n<p>Zum Beweis der Tatsache, dass &#8222;Atomwaffen t\u00f6ten, bevor sie eingesetzt&#8220; w\u00fcrden, beantragte Johannes Wollbold, Dr. med. Alex Rosen, Vorstandsmitglied der \u00e4rztlichen Friedensorganisation IPPNW, als Zeugen zu laden. IPPNW verf\u00fcgt \u00fcber Expertise zu gesundheitlichen Folgen von Atomwaffentests, des Uranbergbaus und der Produktion von Atomwaffen. Richterin K\u00fcrzel lehnte den Antrag jedoch ab und folgte in ihrem Urteil den Antr\u00e4gen der Staatsanwaltschaft. Die Beklagten legten Berufung ein.<\/p>\n<div id=\"attachment_17896\" style=\"width: 2570px\" class=\"wp-caption aligncenter\"><img loading=\"lazy\" decoding=\"async\" aria-describedby=\"caption-attachment-17896\" class=\"size-full wp-image-17896\" src=\"https:\/\/www.friedenkoeln.de\/wp-content\/uploads\/2024\/01\/DSC_0014-scaled.jpg\" alt=\"Eine Reihe Leute stehen mit zahlreichen Transparenten vor einem sch\u00f6nen alten Geb\u00e4ude, in dessen Fenstern Licht brennt.\" width=\"2560\" height=\"1707\" srcset=\"https:\/\/www.friedenkoeln.de\/wp-content\/uploads\/2024\/01\/DSC_0014-scaled.jpg 2560w, https:\/\/www.friedenkoeln.de\/wp-content\/uploads\/2024\/01\/DSC_0014-200x133.jpg 200w, https:\/\/www.friedenkoeln.de\/wp-content\/uploads\/2024\/01\/DSC_0014-768x512.jpg 768w, https:\/\/www.friedenkoeln.de\/wp-content\/uploads\/2024\/01\/DSC_0014-1536x1024.jpg 1536w, https:\/\/www.friedenkoeln.de\/wp-content\/uploads\/2024\/01\/DSC_0014-2048x1365.jpg 2048w\" sizes=\"auto, (max-width: 2560px) 100vw, 2560px\" \/><p id=\"caption-attachment-17896\" class=\"wp-caption-text\">Mahnwache gegen Atomwaffen vor dem Amtsgericht Cochem am 8.1.2024. Foto: Stefanie Intveen<\/p><\/div>\n","protected":false},"excerpt":{"rendered":"<p>Cochem, 8.1.2024. Das Amtsgericht Cochem verurteilte die fr\u00fchere Kinderg\u00e4rtnerin und Sozialp\u00e4dagogin Ria Makein aus Bedburg-Hau (NRW) und den Theologen, Erzieher und Mathematiker Johannes Wollbold aus Weimar jeweils zu 60 Tagess\u00e4tzen und Zahlung der Gerichtskosten&#46;&#46;&#46;<\/p>\n","protected":false},"author":110,"featured_media":17896,"comment_status":"open","ping_status":"open","sticky":false,"template":"","format":"standard","meta":{"footnotes":""},"categories":[87],"tags":[33,153,91,115],"class_list":["post-17894","post","type-post","status-publish","format-standard","has-post-thumbnail","hentry","category-pressemitteilung","tag-atomwaffen","tag-aufruestung","tag-voelkerrecht","tag-ziviler-ungehorsam"],"_links":{"self":[{"href":"https:\/\/www.friedenkoeln.de\/index.php?rest_route=\/wp\/v2\/posts\/17894","targetHints":{"allow":["GET"]}}],"collection":[{"href":"https:\/\/www.friedenkoeln.de\/index.php?rest_route=\/wp\/v2\/posts"}],"about":[{"href":"https:\/\/www.friedenkoeln.de\/index.php?rest_route=\/wp\/v2\/types\/post"}],"author":[{"embeddable":true,"href":"https:\/\/www.friedenkoeln.de\/index.php?rest_route=\/wp\/v2\/users\/110"}],"replies":[{"embeddable":true,"href":"https:\/\/www.friedenkoeln.de\/index.php?rest_route=%2Fwp%2Fv2%2Fcomments&post=17894"}],"version-history":[{"count":2,"href":"https:\/\/www.friedenkoeln.de\/index.php?rest_route=\/wp\/v2\/posts\/17894\/revisions"}],"predecessor-version":[{"id":17897,"href":"https:\/\/www.friedenkoeln.de\/index.php?rest_route=\/wp\/v2\/posts\/17894\/revisions\/17897"}],"wp:featuredmedia":[{"embeddable":true,"href":"https:\/\/www.friedenkoeln.de\/index.php?rest_route=\/wp\/v2\/media\/17896"}],"wp:attachment":[{"href":"https:\/\/www.friedenkoeln.de\/index.php?rest_route=%2Fwp%2Fv2%2Fmedia&parent=17894"}],"wp:term":[{"taxonomy":"category","embeddable":true,"href":"https:\/\/www.friedenkoeln.de\/index.php?rest_route=%2Fwp%2Fv2%2Fcategories&post=17894"},{"taxonomy":"post_tag","embeddable":true,"href":"https:\/\/www.friedenkoeln.de\/index.php?rest_route=%2Fwp%2Fv2%2Ftags&post=17894"}],"curies":[{"name":"wp","href":"https:\/\/api.w.org\/{rel}","templated":true}]}}