{"id":17899,"date":"2024-01-10T12:45:43","date_gmt":"2024-01-10T11:45:43","guid":{"rendered":"https:\/\/www.friedenkoeln.de\/?p=17899"},"modified":"2024-01-10T12:49:19","modified_gmt":"2024-01-10T11:49:19","slug":"keine-neuen-eurofighter-fuer-saudi-arabien","status":"publish","type":"post","link":"https:\/\/www.friedenkoeln.de\/?p=17899","title":{"rendered":"Keine neuen Eurofighter f\u00fcr Saudi-Arabien!"},"content":{"rendered":"<p><img loading=\"lazy\" decoding=\"async\" class=\"alignnone size-full wp-image-17900\" src=\"https:\/\/www.friedenkoeln.de\/wp-content\/uploads\/2024\/01\/Aufschrei-stoppt_waffenhandel.jpg\" alt=\"Aktion Aufschrei - Stoppt Waffenhandel!\" width=\"1124\" height=\"343\" srcset=\"https:\/\/www.friedenkoeln.de\/wp-content\/uploads\/2024\/01\/Aufschrei-stoppt_waffenhandel.jpg 1124w, https:\/\/www.friedenkoeln.de\/wp-content\/uploads\/2024\/01\/Aufschrei-stoppt_waffenhandel-200x61.jpg 200w, https:\/\/www.friedenkoeln.de\/wp-content\/uploads\/2024\/01\/Aufschrei-stoppt_waffenhandel-768x234.jpg 768w\" sizes=\"auto, (max-width: 1124px) 100vw, 1124px\" \/>\u201eDie Lieferung von Kampfflugzeugen des Typs Eurofighter nach Saudi-Arabien bleibt falsch. Noch im Sommer 2023 verweigerte Bundeskanzler Scholz auf dem NATO-Gipfel in Vilnius \u00f6ffentlich seine Zustimmung dazu und hielt dem anschlie\u00dfenden, monatelangen Druck seitens Gro\u00dfbritannien, dem R\u00fcstungsunternehmen Airbus und dem Bundesverband der Luft- und Raumfahrtindustrie (BDLI) stand. Saudi-Arabien w\u00fcrde durch den Abschuss von Drohnen und Marschflugk\u00f6rpern der Huthis auch Israels Sicherheit verteidigen, hei\u00dft die nun vorgetragene Begr\u00fcndung f\u00fcr den Sinneswandel. Deshalb soll Saudi-Arabien nun 48 neue Eurofighter aus europ\u00e4ischer Gemeinschaftsproduktion erhalten k\u00f6nnen. Das ist unertr\u00e4glich\u201c, kritisiert pax christi-Generalsekret\u00e4rin und Kampagnen-Sprecherin Christine Hoffmann und f\u00fchrt weiter aus: \u201eDamals wie heute beschafft Saudi-Arabien das Kampfflugzeug nicht um f\u00fcr Israels Sicherheit zu sorgen, sondern f\u00fcr die Durchsetzung seiner eigenen Sicherheits- und Machtinteressen. Die Zustimmung zur Lieferung der Eurofighter aus Gro\u00dfbritannien an Saudi-Arabien w\u00e4re eine Missachtung der Opfer des B\u00fcrgerkriegs im Jemen.\u201c<\/p>\n<p>Auch J\u00fcrgen Gr\u00e4sslin, Sprecher der \u201eAktion Aufschrei \u2013 Stoppt den Waffenhandel!\u201c und Bundessprecher der DFG-VK, spricht sich mit Nachdruck gegen die Eurofighter-Exporte aus: \u201eIn Vergessenheit geraten zu sein, scheint, dass Waffenexporte nach Saudi-Arabien bis vor kurzem noch Tabu waren. Nicht nur wegen des Mordes an dem Journalisten Kashoggi, sondern auch und vor allem, wegen seiner Beteiligung am Jemenkrieg, in dem die saudische Luftwaffe nachweislich auch mit Eurofightern dutzende zivile Ziele bombardiert und zehntausende Zivilist:innen get\u00f6tet hat. Das sind klare Verletzungen des humanit\u00e4ren V\u00f6lkerrechts und der Menschenrechte. Diese wurden seitens der UN wiederholt benannt, kritisiert und eine entsprechende Aufarbeitung und Strafverfolgung gefordert. Nichts davon ist passiert. Und trotz Ann\u00e4herungen der Konfliktparteien im Jemen ist ein Friedensschluss noch nicht in Sicht.\u201c Und Gr\u00e4sslin weiter: \u201eWenn Wirtschaftsminister Habeck mit der Aussage zitiert wird, dass die Menschenrechtslage in Saudi-Arabien \u00b4gar nicht unseren Standards entspricht\u00b4, dann fragt sich, ob er dabei auch an die saudischen Grenzsoldaten denkt, die hunderte Fl\u00fcchtende an den Grenzen misshandelt und erschossen haben, wie Human Rights Watch im vergangenen September aufdeckte? Wie k\u00f6nnen ein Wirtschaftsminister und eine Au\u00dfenministerin, die den Gr\u00fcnen angeh\u00f6ren, Waffenexporte an diesen menschenrechtsverletzenden und kriegsf\u00fchrenden Staat genehmigen?\u201c<\/p>\n<p>\u201eAngesichts der langen Lieferzeit der neuen Kampfflugzeuge und der jahrzehntelangen Einsatzf\u00e4higkeit muss au\u00dferdem die Frage werden, wie hoch die Wahrscheinlichkeit ist, dass Saudi-Arabien auch in 10 bis 30 Jahren noch ein verl\u00e4sslicher \u201estrategischer Partner\u201c in der Region ist. Saudi-Arabien hat die diplomatischen Beziehungen zu Iran, dem Erzfeind Israels, wiederaufgenommen und ist den BRICS-Staaten beigetreten\u201c, so Vincenzo Petracca, Vorstandsmitglied der AGDF und Sprecher der Kampagne und mahnt: \u201eIst die deutsche Zivilgesellschaft und die Bundesregierung bereit, die Aufrechterhaltung dieser Partnerschaft mit dem Export von Waffen immer wieder aufs Neue zu erkaufen oder k\u00f6nnen und sollten nicht andere Wege der konstruktiven Zusammenarbeit mittel- und langfristig gesucht werden? Interessensdurchsetzung durch Waffenexporte bedeutet langfristig das Sterben Unschuldiger f\u00fcr geopolitische Zwecke.\u201c<\/p>\n<p>&nbsp;<\/p>\n<p><strong>Kontakt f\u00fcr die Medien<\/strong><\/p>\n<p>&nbsp;<\/p>\n<p>Christine Hoffmann, Sprecherin der Kampagne und pax christi-Generalsekret\u00e4rin<\/p>\n<p>M: 0151-74463473, <a href=\"mailto:c.hoffmann@paxchristi.de\">c.hoffmann@paxchristi.de<\/a><\/p>\n<p>&nbsp;<\/p>\n<p>J\u00fcrgen Gr\u00e4sslin, Sprecher der Kampagne und Bundessprecher der DFG-VK<\/p>\n<p>M: 0170-6113759, <a href=\"mailto:graesslin@dfg-vk.de\">graesslin@dfg-vk.de<\/a> \u00a0<strong>\u00a0<\/strong><\/p>\n<p>&nbsp;<\/p>\n<p>Vincezo Petracca, Sprecher der Kampagne und Vorstandsmitglied der (AGDF)<\/p>\n<p><a href=\"mailto:v@petracca.de\">v@petracca.de<\/a><\/p>\n<p>&nbsp;<\/p>\n<p><strong>Tr\u00e4gerorganisationen der Kampagne: <\/strong>Aktionsgemeinschaft Dienst f\u00fcr den Frieden e.\u00a0V. (AGDF) \u2022 aktion hoffnung Rottenburg-Stuttgart e.\u00a0V. \u2022 Bisch\u00f6fliches Hilfswerk MISEREOR \u2022 Brot f\u00fcr die Welt \u2013 Evangelisches Werk f\u00fcr Diakonie und Entwicklung \u00a0\u2022 Bund der Deutschen Katholischen Jugend (BDKJ) \u2022\u00a0 Deutsche Friedensgesellschaft \u2013 Vereinigte KriegsdienstgegnerInnen (DFG-VK) \u2022 Deutsche Sektion der Internationalen \u00c4rzte f\u00fcr die Verh\u00fctung des Atomkrieges e.\u00a0V. (IPPNW) Deutschland \u2022 NaturFreunde Deutschlands \u2022 Netzwerk Friedenskooperative\u00a0 \u2022 Internationale katholische Friedensbewegung pax christi \u2013 Deutsche Sektion \u2022 JuristInnen gegen atomare, biologische und chemische Waffen (IALANA) Deutsche Sektion \u2022 Ohne R\u00fcstung Leben (ORL) \u2022 Deutsche Franziskanerprovinz \u2022 R\u00fcstungsInformationsB\u00fcro (RIB e.\u00a0V.) \u2022 terre des hommes \u2013 Hilfe f\u00fcr Kinder in Not \u2022 Werkstatt f\u00fcr Gewaltfreie Aktion, Baden (WfGA)<\/p>\n<p><strong>Mehr als hundert weitere Organisationen und Friedensinitiativen arbeiten lokal im <\/strong><a href=\"https:\/\/aufschrei-waffenhandel.de\/mitmachen\/organisationen-in-deiner-naehe\"><strong>Aktionsb\u00fcndnis der Kampagne<\/strong><\/a><strong> mit.<\/strong><\/p>\n<p><a href=\"https:\/\/www.friedenkoeln.de\/wp-content\/uploads\/2024\/01\/PM_Keine-neuen-Eurofighter-fuer-Saudi-Arabien_9.1.2024.pdf\" target=\"_blank\" rel=\"noopener\">Download Presseerkl\u00e4rung als PDF<\/a><\/p>\n","protected":false},"excerpt":{"rendered":"<p>\u201eDie Lieferung von Kampfflugzeugen des Typs Eurofighter nach Saudi-Arabien bleibt falsch. Noch im Sommer 2023 verweigerte Bundeskanzler Scholz auf dem NATO-Gipfel in Vilnius \u00f6ffentlich seine Zustimmung dazu und hielt dem anschlie\u00dfenden, monatelangen Druck seitens&#46;&#46;&#46;<\/p>\n","protected":false},"author":110,"featured_media":17903,"comment_status":"open","ping_status":"open","sticky":false,"template":"","format":"standard","meta":{"footnotes":""},"categories":[87],"tags":[],"class_list":["post-17899","post","type-post","status-publish","format-standard","has-post-thumbnail","hentry","category-pressemitteilung"],"_links":{"self":[{"href":"https:\/\/www.friedenkoeln.de\/index.php?rest_route=\/wp\/v2\/posts\/17899","targetHints":{"allow":["GET"]}}],"collection":[{"href":"https:\/\/www.friedenkoeln.de\/index.php?rest_route=\/wp\/v2\/posts"}],"about":[{"href":"https:\/\/www.friedenkoeln.de\/index.php?rest_route=\/wp\/v2\/types\/post"}],"author":[{"embeddable":true,"href":"https:\/\/www.friedenkoeln.de\/index.php?rest_route=\/wp\/v2\/users\/110"}],"replies":[{"embeddable":true,"href":"https:\/\/www.friedenkoeln.de\/index.php?rest_route=%2Fwp%2Fv2%2Fcomments&post=17899"}],"version-history":[{"count":4,"href":"https:\/\/www.friedenkoeln.de\/index.php?rest_route=\/wp\/v2\/posts\/17899\/revisions"}],"predecessor-version":[{"id":17906,"href":"https:\/\/www.friedenkoeln.de\/index.php?rest_route=\/wp\/v2\/posts\/17899\/revisions\/17906"}],"wp:featuredmedia":[{"embeddable":true,"href":"https:\/\/www.friedenkoeln.de\/index.php?rest_route=\/wp\/v2\/media\/17903"}],"wp:attachment":[{"href":"https:\/\/www.friedenkoeln.de\/index.php?rest_route=%2Fwp%2Fv2%2Fmedia&parent=17899"}],"wp:term":[{"taxonomy":"category","embeddable":true,"href":"https:\/\/www.friedenkoeln.de\/index.php?rest_route=%2Fwp%2Fv2%2Fcategories&post=17899"},{"taxonomy":"post_tag","embeddable":true,"href":"https:\/\/www.friedenkoeln.de\/index.php?rest_route=%2Fwp%2Fv2%2Ftags&post=17899"}],"curies":[{"name":"wp","href":"https:\/\/api.w.org\/{rel}","templated":true}]}}