{"id":17918,"date":"2024-01-16T09:51:11","date_gmt":"2024-01-16T08:51:11","guid":{"rendered":"https:\/\/www.friedenkoeln.de\/?p=17918"},"modified":"2024-01-16T10:26:45","modified_gmt":"2024-01-16T09:26:45","slug":"soldatengottesdienst-im-koelner-dom-friedensgruppen-kritisieren-kirchliche-verharmlosung-der-deutschen-kriegspolitik","status":"publish","type":"post","link":"https:\/\/www.friedenkoeln.de\/?p=17918","title":{"rendered":"Soldatengottesdienst im K\u00f6lner Dom: Friedensgruppen kritisieren kirchliche Verharmlosung der deutschen Kriegspolitik"},"content":{"rendered":"<p><em>K\u00f6ln, 16.1.2024.<\/em> K\u00f6lner Friedensgruppen kritisieren den Internationalen Soldatengottesdienstes der Katholischen Milit\u00e4rseelsorge am 18.1.2024 um 9 Uhr im K\u00f6lner Dom als kirchliche Verharmlosung der deutschen Aufr\u00fcstungs- und Kriegspolitik. Mit einer Mahnwache auf der Domplatte von 08:30 \u2013 10:30 Uhr rufen sie die Soldaten und Soldatinnen auf, ihre Waffen niederzulegen.<\/p>\n<p>Die Friedensaktivist*innen erinnern Kardinal Woelki, der den Gottesdienst leiten wird, an seine eigenen Worte beim Besuch einer ukrainischen Fl\u00fcchtlingsinitiative in Bad Godesberg im vergangenen November: &#8222;Der Krieg zeigt, dass Waffen keinen Frieden, sondern nur gro\u00dfes Unheil bringen&#8220;.<\/p>\n<p>Sie berufen sich auf Papst Franziskus, der in seiner Weihnachtsbotschaft mit Bezug auf die Kriege im Nahen Osten, der Ukraine und anderen Teilen der Welt gesagt hatte: \u201eIch flehe darum, dass die Milit\u00e4roperationen mit ihren entsetzlichen Folgen unschuldiger ziviler Opfer eingestellt werden.\u201c Zugleich hatte der Papst die Gesch\u00e4fte der R\u00fcstungsindustrie verurteilt: Das &#8222;Nein&#8220; zum Krieg schlie\u00dfe das &#8222;Nein&#8220; zu den Waffen ein.<\/p>\n<p>Die Friedensgruppen fordern den Kardinal auf, die milit\u00e4rische Gewalt deutlich zu kritisieren. Statt das T\u00f6ten im Kriegseinsatz zu rechtfertigen (\u201eum durch Verteidigung die Bedingungen der M\u00f6glichkeit f\u00fcr Frieden zu schaffen\u201c), wie noch beim Soldatengottesdienst 2023 geschehen, solle er zu ernsthaften Anstrengungen aufrufen, die Friedensf\u00e4higkeit Deutschlands zu st\u00e4rken.<\/p>\n<p>Deutsche Friedensgesellschaft \u2013 Vereinigte KriegsdienstgegnerInnen e. V. (DFG-VK) Gruppe K\u00f6ln<br \/>\nK\u00f6lner Friedensforum<\/p>\n<div class=\"rl-gallery-container rl-loading\" id=\"rl-gallery-container-1\" data-gallery_id=\"17921\"> <div class=\"rl-gallery rl-basicgrid-gallery \" id=\"rl-gallery-1\" data-gallery_no=\"1\"> <div class=\"rl-gallery-item\"><a href=\"https:\/\/www.friedenkoeln.de\/wp-content\/uploads\/2020\/08\/DSC_0226-scaled.jpg\" title=\"\" data-rl_title=\"\" class=\"rl-gallery-link\" data-rl_caption=\"Rainer Maria Kardinal Woelki beim Internationalen Soldatengottesdienst am 16.1.2020 im K\u00f6lner Dom. Foto: Stefanie Intveen\" data-rel=\"lightbox-gallery-1\"><img loading=\"lazy\" decoding=\"async\" src=\"https:\/\/www.friedenkoeln.de\/wp-content\/uploads\/2020\/08\/DSC_0226-500x500.jpg\" width=\"500\" height=\"500\" alt=\"Ein feierlich hell gekleideter Priester mit roter Kopfbedeckung redet an einem Pult. Im Vordergrund die ihm zugewandten K\u00f6pfe und Schultern von M\u00e4nnern in Uniformen, die in B\u00e4nken sitzen. Im Hintergrund die riesigen S\u00e4ulen und Fenster eines gotischen Doms und eine weihnachtlich geschm\u00fcckte Fichte.\" \/><span class=\"rl-gallery-caption\"><span class=\"rl-gallery-item-caption\">Rainer Maria Kardinal Woelki beim Internationalen Soldatengottesdienst am 16.1.2020 im K\u00f6lner Dom. Foto: Stefanie Intveen<\/span><\/span><\/a><\/div><div class=\"rl-gallery-item\"><a href=\"https:\/\/www.friedenkoeln.de\/wp-content\/uploads\/2020\/05\/Bildschirmfoto_Erzbistum-K\u00f6ln_Franz-Josef-Jung-im-K\u00f6lner-Dom_20200117.jpeg\" title=\"\" data-rl_title=\"\" class=\"rl-gallery-link\" data-rl_caption=\"Bildschirmfoto des Berichts des Erzbistum K\u00f6ln \u00fcber den Soldatengottesdienst am 17.1.2020: &quot;(...) nahm Bundesminister a. D. Dr. Franz-Josef Jung (...) teil.&quot; Foto: Erzbistum K\u00f6ln\/Boecker (www.erzbistum-koeln.de). Dr. Jung ist Aufsichtsratsmitglied bei Rheinmetall.\" data-rel=\"lightbox-gallery-1\"><img loading=\"lazy\" decoding=\"async\" src=\"https:\/\/www.friedenkoeln.de\/wp-content\/uploads\/2020\/05\/Bildschirmfoto_Erzbistum-K\u00f6ln_Franz-Josef-Jung-im-K\u00f6lner-Dom_20200117-500x500.jpeg\" width=\"500\" height=\"500\" alt=\"Die erste Reihe im Kirchenschiff zeigt Herren in dunklen Uniformm\u00e4nteln und Oberb\u00fcrgermeisterin Reker, die zum Altar schauen. Nur ein Mann im dunklen Zivilanzug schaut nach rechts, direkt ins Objektiv der Kamera.\" \/><span class=\"rl-gallery-caption\"><span class=\"rl-gallery-item-caption\">Bildschirmfoto des Berichts des Erzbistum K\u00f6ln \u00fcber den Soldatengottesdienst am 17.1.2020: &quot;(...) nahm Bundesminister a. D. Dr. Franz-Josef Jung (...) teil.&quot; Foto: Erzbistum K\u00f6ln\/Boecker (www.erzbistum-koeln.de). Dr. Jung ist Aufsichtsratsmitglied bei Rheinmetall.<\/span><\/span><\/a><\/div><div class=\"rl-gallery-item\"><a href=\"https:\/\/www.friedenkoeln.de\/wp-content\/uploads\/2020\/01\/DSC_0109-scaled.jpg\" title=\"\" data-rl_title=\"\" class=\"rl-gallery-link\" data-rl_caption=\"Protest beim Internationalen Soldatengottesdienst, K\u00f6ln, 17.1.2019. Foto: Stefanie Intveen\" data-rel=\"lightbox-gallery-1\"><img loading=\"lazy\" decoding=\"async\" src=\"https:\/\/www.friedenkoeln.de\/wp-content\/uploads\/2020\/01\/DSC_0109-500x500.jpg\" width=\"500\" height=\"500\" alt=\"\" \/><span class=\"rl-gallery-caption\"><span class=\"rl-gallery-item-caption\">Protest beim Internationalen Soldatengottesdienst, K\u00f6ln, 17.1.2019. Foto: Stefanie Intveen<\/span><\/span><\/a><\/div><div class=\"rl-gallery-item\"><a href=\"https:\/\/www.friedenkoeln.de\/wp-content\/uploads\/2019\/06\/2018-01-11-12.05.05Soldatengottesdienst-K\u00f6ln_Foto-Stefanie-Intveen.jpg\" title=\"\" data-rl_title=\"\" class=\"rl-gallery-link\" data-rl_caption=\"Michael S\u00fcnner (DFG-VK Gruppe K\u00f6ln) diskutiert nach dem Soldatengottesdienst im K\u00f6lner Dom am 11.1.2018 mit einem Soldaten der Bundeswehr. Foto: Stefanie Intveen\" data-rel=\"lightbox-gallery-1\"><img loading=\"lazy\" decoding=\"async\" src=\"https:\/\/www.friedenkoeln.de\/wp-content\/uploads\/2019\/06\/2018-01-11-12.05.05Soldatengottesdienst-K\u00f6ln_Foto-Stefanie-Intveen-500x500.jpg\" width=\"500\" height=\"500\" alt=\"Ein \u00e4lterer Mann mit dunkler M\u00fctze und einer blau-wei\u00dfen DFG-VK-Fahne mit dem zerbrochenen Gewehr in der Hand spricht mit einem Soldaten in einem langen grauen Mantel und einer wei\u00dfroten M\u00fctze.\" \/><span class=\"rl-gallery-caption\"><span class=\"rl-gallery-item-caption\">Michael S\u00fcnner (DFG-VK Gruppe K\u00f6ln) diskutiert nach dem Soldatengottesdienst im K\u00f6lner Dom am 11.1.2018 mit einem Soldaten der Bundeswehr. Foto: Stefanie Intveen<\/span><\/span><\/a><\/div><div class=\"rl-gallery-item\"><a href=\"https:\/\/www.friedenkoeln.de\/wp-content\/uploads\/2019\/01\/DSC_0079-e1547898335579.jpg\" title=\"\" data-rl_title=\"\" class=\"rl-gallery-link\" data-rl_caption=\"Flyer-Verteilung vor Beginn des Soldatengottesdienstes am 17.1.2019 in K\u00f6ln: &quot;Jesu Werk in unseren H\u00e4nden, Jesu Geist in unseren Werken!&quot;. Foto: Stefanie Intveen\" data-rel=\"lightbox-gallery-1\"><img loading=\"lazy\" decoding=\"async\" src=\"https:\/\/www.friedenkoeln.de\/wp-content\/uploads\/2019\/01\/DSC_0079-e1547898335579-500x500.jpg\" width=\"500\" height=\"500\" alt=\"Ein \u00e4lterer schlanker Herr mit einem Sandwich-Plakat vor der Brust wendet sich einer Passantin zu und \u00fcbergibt ihr einen Flyer. Im Hintergrund ein Teil des Hauptportals des K\u00f6lner Doms.\" \/><span class=\"rl-gallery-caption\"><span class=\"rl-gallery-item-caption\">Flyer-Verteilung vor Beginn des Soldatengottesdienstes am 17.1.2019 in K\u00f6ln: &quot;Jesu Werk in unseren H\u00e4nden, Jesu Geist in unseren Werken!&quot;. Foto: Stefanie Intveen<\/span><\/span><\/a><\/div><div class=\"rl-gallery-item\"><a href=\"https:\/\/www.friedenkoeln.de\/wp-content\/uploads\/2018\/01\/2018-01-11-12.06.23-e1516486939499.jpg\" title=\"\" data-rl_title=\"\" class=\"rl-gallery-link\" data-rl_caption=\"Soldatengottesdienst am 11.1.2018 in K\u00f6ln. Michael S\u00fcnner diskutiert mit einem Bundeswehrsoldaten. Foto: Stefanie Intveen\" data-rel=\"lightbox-gallery-1\"><img loading=\"lazy\" decoding=\"async\" src=\"https:\/\/www.friedenkoeln.de\/wp-content\/uploads\/2018\/01\/2018-01-11-12.06.23-e1516486939499-500x500.jpg\" width=\"500\" height=\"500\" alt=\"\" \/><span class=\"rl-gallery-caption\"><span class=\"rl-gallery-item-caption\">Soldatengottesdienst am 11.1.2018 in K\u00f6ln. Michael S\u00fcnner diskutiert mit einem Bundeswehrsoldaten. Foto: Stefanie Intveen<\/span><\/span><\/a><\/div><div class=\"rl-gallery-item\"><a href=\"https:\/\/www.friedenkoeln.de\/wp-content\/uploads\/2018\/01\/2018-01-11-12.03.57-e1516485785710.jpg\" title=\"\" data-rl_title=\"\" class=\"rl-gallery-link\" data-rl_caption=\"Protest gegen Soldatengottesdienst im K\u00f6lner Dom am 11.1.2018. Foto: Stefanie Intveen\" data-rel=\"lightbox-gallery-1\"><img loading=\"lazy\" decoding=\"async\" src=\"https:\/\/www.friedenkoeln.de\/wp-content\/uploads\/2018\/01\/2018-01-11-12.03.57-e1516485785710-500x500.jpg\" width=\"500\" height=\"500\" alt=\"Ein Mann im dunklen Mantel tr\u00e4gt ein Schild im W\u00fcsten-Design der Bundeswehrwerbung mit der Aufschrift &quot;Jetzt wieder werben f\u00fcrs Sterben!&quot;. Neben ihm geht ein bewaffneter Moses mit wei\u00dfem Rauschebart und einer umgeh\u00e4ngten &quot;Steintafel&quot; mit dem 5. Gebot &quot;Du sollst nicht t\u00f6ten!&quot;\" \/><span class=\"rl-gallery-caption\"><span class=\"rl-gallery-item-caption\">Protest gegen Soldatengottesdienst im K\u00f6lner Dom am 11.1.2018. Foto: Stefanie Intveen<\/span><\/span><\/a><\/div><div class=\"rl-gallery-item\"><a href=\"https:\/\/www.friedenkoeln.de\/wp-content\/uploads\/2018\/01\/P1330312-Transparent-21.1.16-Terror-Krieg-Menschenrechte.jpg\" title=\"\" data-rl_title=\"\" class=\"rl-gallery-link\" data-rl_caption=\"Transparent beim Protest gegen den Internationalen Soldatengottesdienstes am 21.1.2016 in K\u00f6ln. Foto: n. b. (bitte melden!)\" data-rel=\"lightbox-gallery-1\"><img loading=\"lazy\" decoding=\"async\" src=\"https:\/\/www.friedenkoeln.de\/wp-content\/uploads\/2018\/01\/P1330312-Transparent-21.1.16-Terror-Krieg-Menschenrechte-500x500.jpg\" width=\"500\" height=\"500\" alt=\"Das selbst auf hellen Stoff gemalte Transparent stellt den &quot;Krieg gegen den Terror&quot; als sich steigernde Abfolge von Krieg und Terror dar. Die Eskalation der Gewalt wird durch sich steigernde Schriftgr\u00f6\u00dfe der beiden W\u00f6rter, die in rot und schwarz gezeichnet sind, symbolisiert. Darunter regnen Blutstropfen herab, und unten sind die L\u00e4ndernamen aufgef\u00fchrt: Afghanistan, Irak, Libyen, Syrien, ...\" \/><span class=\"rl-gallery-caption\"><span class=\"rl-gallery-item-caption\">Transparent beim Protest gegen den Internationalen Soldatengottesdienstes am 21.1.2016 in K\u00f6ln. Foto: n. b. (bitte melden!)<\/span><\/span><\/a><\/div> <\/div> <\/div>\n","protected":false},"excerpt":{"rendered":"<p>K\u00f6ln, 16.1.2024. K\u00f6lner Friedensgruppen kritisieren den Internationalen Soldatengottesdienstes der Katholischen Milit\u00e4rseelsorge am 18.1.2024 um 9 Uhr im K\u00f6lner Dom als kirchliche Verharmlosung der deutschen Aufr\u00fcstungs- und Kriegspolitik. Mit einer Mahnwache auf der Domplatte von&#46;&#46;&#46;<\/p>\n","protected":false},"author":110,"featured_media":14529,"comment_status":"open","ping_status":"open","sticky":false,"template":"","format":"standard","meta":{"footnotes":""},"categories":[87],"tags":[48,59,134,37],"class_list":["post-17918","post","type-post","status-publish","format-standard","has-post-thumbnail","hentry","category-pressemitteilung","tag-bundeswehr","tag-kirche","tag-militaerseelsorge","tag-ruestungsexporte"],"_links":{"self":[{"href":"https:\/\/www.friedenkoeln.de\/index.php?rest_route=\/wp\/v2\/posts\/17918","targetHints":{"allow":["GET"]}}],"collection":[{"href":"https:\/\/www.friedenkoeln.de\/index.php?rest_route=\/wp\/v2\/posts"}],"about":[{"href":"https:\/\/www.friedenkoeln.de\/index.php?rest_route=\/wp\/v2\/types\/post"}],"author":[{"embeddable":true,"href":"https:\/\/www.friedenkoeln.de\/index.php?rest_route=\/wp\/v2\/users\/110"}],"replies":[{"embeddable":true,"href":"https:\/\/www.friedenkoeln.de\/index.php?rest_route=%2Fwp%2Fv2%2Fcomments&post=17918"}],"version-history":[{"count":7,"href":"https:\/\/www.friedenkoeln.de\/index.php?rest_route=\/wp\/v2\/posts\/17918\/revisions"}],"predecessor-version":[{"id":17940,"href":"https:\/\/www.friedenkoeln.de\/index.php?rest_route=\/wp\/v2\/posts\/17918\/revisions\/17940"}],"wp:featuredmedia":[{"embeddable":true,"href":"https:\/\/www.friedenkoeln.de\/index.php?rest_route=\/wp\/v2\/media\/14529"}],"wp:attachment":[{"href":"https:\/\/www.friedenkoeln.de\/index.php?rest_route=%2Fwp%2Fv2%2Fmedia&parent=17918"}],"wp:term":[{"taxonomy":"category","embeddable":true,"href":"https:\/\/www.friedenkoeln.de\/index.php?rest_route=%2Fwp%2Fv2%2Fcategories&post=17918"},{"taxonomy":"post_tag","embeddable":true,"href":"https:\/\/www.friedenkoeln.de\/index.php?rest_route=%2Fwp%2Fv2%2Ftags&post=17918"}],"curies":[{"name":"wp","href":"https:\/\/api.w.org\/{rel}","templated":true}]}}