{"id":17954,"date":"2024-01-18T14:54:53","date_gmt":"2024-01-18T13:54:53","guid":{"rendered":"https:\/\/www.friedenkoeln.de\/?p=17954"},"modified":"2024-01-18T16:29:01","modified_gmt":"2024-01-18T15:29:01","slug":"in-eigener-sache-aktive-mitglieder-alte-regelsammlung-und-neue-arbeitsgruppen","status":"publish","type":"post","link":"https:\/\/www.friedenkoeln.de\/?p=17954","title":{"rendered":"In eigener Sache: aktive Mitglieder, alte &#8222;Regelsammlung&#8220; und neue Arbeitsgruppen"},"content":{"rendered":"<p>Die Zahl der aktiv am Gruppenleben teilnehmenden Mitglieder ist in den vergangenen Jahren stetig gewachsen. Selbstverst\u00e4ndlich bestehen zu bestimmten politischen Fragen gelegentlich unterschiedliche Positionen innerhalb unserer Gruppe. Wir bem\u00fchen uns dann, mithilfe von Moderations- und Konsenstechniken strittige Themen so zu besprechen, dass alle schrittweise im gegenseitigen Verst\u00e4ndnis weiterkommen.<\/p>\n<p>Um das gemeinsame Anliegen &#8211; die Ablehnung milit\u00e4rischer Gewalt &#8211; voranbringen zu k\u00f6nnen, haben wir uns selbst so organisiert, dass wir unsere Entscheidungen m\u00f6glichst nachvollziehbar f\u00fcr alle Gruppenmitglieder treffen. Dazu dient die &#8222;<a href=\"https:\/\/www.friedenkoeln.de\/wp-content\/uploads\/2018\/05\/Regelsammlung-der-DFG-VK-Gr-K\u00f6ln_Beschluss-24-5-18_final.pdf\">Regelsammlung<\/a>&#8222;, die wir 2018 geschrieben haben und die uns seitdem als Grundlage unserer Selbstorganisation dient.<\/p>\n<p>Unsere Mitglieder haben sich entlang ihrer unterschiedlichen Interessen, F\u00e4higkeiten und W\u00fcnsche in kleinen Arbeitsgruppen organisiert, die mit Unterst\u00fctzung der gesamten Gruppe eigene Projekte zu den Themen Kunst, Soziales, Stra\u00dfentheater oder zur Julian-Assange-Kampagne durchf\u00fchren. Wer mitmachen m\u00f6chte, melde sich gerne unter kontakt@friedenkoeln.de.<\/p>\n<div id=\"attachment_17958\" style=\"width: 2570px\" class=\"wp-caption aligncenter\"><img loading=\"lazy\" decoding=\"async\" aria-describedby=\"caption-attachment-17958\" class=\"size-full wp-image-17958\" src=\"https:\/\/www.friedenkoeln.de\/wp-content\/uploads\/2024\/01\/DSC_0049-scaled.jpg\" alt=\"Eine Gruppe in sommerlicher Kleidung bei einem Picknick im Schatten eines Baumes.\" width=\"2560\" height=\"1707\" srcset=\"https:\/\/www.friedenkoeln.de\/wp-content\/uploads\/2024\/01\/DSC_0049-scaled.jpg 2560w, https:\/\/www.friedenkoeln.de\/wp-content\/uploads\/2024\/01\/DSC_0049-200x133.jpg 200w, https:\/\/www.friedenkoeln.de\/wp-content\/uploads\/2024\/01\/DSC_0049-768x512.jpg 768w, https:\/\/www.friedenkoeln.de\/wp-content\/uploads\/2024\/01\/DSC_0049-1536x1024.jpg 1536w, https:\/\/www.friedenkoeln.de\/wp-content\/uploads\/2024\/01\/DSC_0049-2048x1365.jpg 2048w\" sizes=\"auto, (max-width: 2560px) 100vw, 2560px\" \/><p id=\"caption-attachment-17958\" class=\"wp-caption-text\">Sommerausflug der DFG-VK Gruppe K\u00f6ln zum Friedensweg in Alfter, 208.2023. Foto: Stefanie Intveen<\/p><\/div>\n","protected":false},"excerpt":{"rendered":"<p>Die Zahl der aktiv am Gruppenleben teilnehmenden Mitglieder ist in den vergangenen Jahren stetig gewachsen. Selbstverst\u00e4ndlich bestehen zu bestimmten politischen Fragen gelegentlich unterschiedliche Positionen innerhalb unserer Gruppe. Wir bem\u00fchen uns dann, mithilfe von Moderations-&#46;&#46;&#46;<\/p>\n","protected":false},"author":110,"featured_media":17958,"comment_status":"open","ping_status":"open","sticky":false,"template":"","format":"standard","meta":{"footnotes":""},"categories":[102],"tags":[],"class_list":["post-17954","post","type-post","status-publish","format-standard","has-post-thumbnail","hentry","category-in-eigener-sache"],"_links":{"self":[{"href":"https:\/\/www.friedenkoeln.de\/index.php?rest_route=\/wp\/v2\/posts\/17954","targetHints":{"allow":["GET"]}}],"collection":[{"href":"https:\/\/www.friedenkoeln.de\/index.php?rest_route=\/wp\/v2\/posts"}],"about":[{"href":"https:\/\/www.friedenkoeln.de\/index.php?rest_route=\/wp\/v2\/types\/post"}],"author":[{"embeddable":true,"href":"https:\/\/www.friedenkoeln.de\/index.php?rest_route=\/wp\/v2\/users\/110"}],"replies":[{"embeddable":true,"href":"https:\/\/www.friedenkoeln.de\/index.php?rest_route=%2Fwp%2Fv2%2Fcomments&post=17954"}],"version-history":[{"count":6,"href":"https:\/\/www.friedenkoeln.de\/index.php?rest_route=\/wp\/v2\/posts\/17954\/revisions"}],"predecessor-version":[{"id":17964,"href":"https:\/\/www.friedenkoeln.de\/index.php?rest_route=\/wp\/v2\/posts\/17954\/revisions\/17964"}],"wp:featuredmedia":[{"embeddable":true,"href":"https:\/\/www.friedenkoeln.de\/index.php?rest_route=\/wp\/v2\/media\/17958"}],"wp:attachment":[{"href":"https:\/\/www.friedenkoeln.de\/index.php?rest_route=%2Fwp%2Fv2%2Fmedia&parent=17954"}],"wp:term":[{"taxonomy":"category","embeddable":true,"href":"https:\/\/www.friedenkoeln.de\/index.php?rest_route=%2Fwp%2Fv2%2Fcategories&post=17954"},{"taxonomy":"post_tag","embeddable":true,"href":"https:\/\/www.friedenkoeln.de\/index.php?rest_route=%2Fwp%2Fv2%2Ftags&post=17954"}],"curies":[{"name":"wp","href":"https:\/\/api.w.org\/{rel}","templated":true}]}}