{"id":17965,"date":"2024-01-18T16:33:16","date_gmt":"2024-01-18T15:33:16","guid":{"rendered":"https:\/\/www.friedenkoeln.de\/?p=17965"},"modified":"2024-01-18T16:33:16","modified_gmt":"2024-01-18T15:33:16","slug":"katholische-friedensethik-kardinal-woelki-dankt-soldatinnen-fuer-nachhaltigen-frieden","status":"publish","type":"post","link":"https:\/\/www.friedenkoeln.de\/?p=17965","title":{"rendered":"Katholische Friedensethik: Kardinal Woelki dankt Soldat*innen f\u00fcr &#8222;nachhaltigen Frieden&#8220;"},"content":{"rendered":"<p><em>Von Stefanie Intveen.<\/em><\/p>\n<p>Bei klirrender K\u00e4lte versammelten sich heute etwa zwanzig Friedensaktivist*innen mit Transparenten wie &#8222;Selig sind die Frieden stiften!&#8220; (Bergpredigt) vor dem K\u00f6lner Dom, w\u00e4hrend im Dom selbst Kardinal Woelki den uniformierten Teilnehmer*innen des Internationalen Soldatengottesdienstes erkl\u00e4rte, unter welchen Bedingungen der Krieg aus Sicht der katholischen Kirche ethisch gerecht sei.<\/p>\n<p>Nach einem Ausflug in den &#8222;radikalen Pazifismus&#8220; Gandhis, Martin Luther Kings und Jesu erkl\u00e4rte er den Uniformierten mit Bezug auf die Lehre vom gerechten Krieg des Heiligen Augustinus aus dem 4. Jahrhundert n. Chr., auf die Friedensenzyklika von Papst Johannes XXIII. und auf das Friedenswort der deutschen Bisch\u00f6fe aus dem Jahr 2000, dass sie beim Kriegf\u00fchren Friedensstifter seien, solange sie dabei die geltenden Kriterien der katholischen Friedensethik erf\u00fcllten:<\/p>\n<ol>\n<li>Erlaubnis durch eine legitime Autorit\u00e4t<\/li>\n<li>gerechtfertigter Grund<\/li>\n<li>realistisches Ziel<\/li>\n<li>moralisch gute Absicht<\/li>\n<\/ol>\n<p>Krieg sei dann als Notwehr und letztm\u00f6gliches Mittel &#8211; als ultima ratio &#8211; ethisch gerechtfertigt. Es gebe aber keine Pflicht zur gewaltsamen Notwehr. Ziel bleibe immer der nachhaltige Frieden. Wenn sie sich so verhielten, w\u00fcrden die Soldaten dem Volk einen nachhalten Frieden schenken, und daf\u00fcr danke Kardinal Woelki den Soldat*innen.<\/p>\n<p>Die Predigt l\u00e4sst keinen Zweifel daran, dass die Katholische Kirche den &#8222;radikalen Pazifismus&#8220; ablehnt. Das war im fr\u00fchen Christentum anders. Der Bruch der Kirche mit der fr\u00fchchristlichen Gewaltlosigkeit und der Ablehnung des Milit\u00e4rdienstes vollzog sich in der Zeit, als das Christentum aus der Religion einer erbarmungslos verfolgten Minderheit zur Staatsreligion des Imperium Romanum wurde (&#8222;Konstantinische Wende&#8220;). Eine &#8211; theoretisch denkbare &#8211; R\u00fcckkehr des Katholizismus zum &#8222;radikalen Pazifismus&#8220;, wie Kardinal Woelki sich ausdr\u00fcckte, h\u00e4tte zweifellos politische Folgen f\u00fcr den hervorgehobenen Status der Kirche in Staat und Gesellschaft. Es verwundert daher nicht, dass dies nicht geschieht.<\/p>\n<p>Irritierend ist, dass der Kardinal nicht Gott, sondern den Soldaten f\u00fcr den Frieden dankte. Aber nach der vorangegangen Argumentation der Predigt war es ein konsistenter Schluss.<\/p>\n<p><a href=\"https:\/\/www.domradio.de\/video\/kardinal-woelki-im-internationalen-soldatengottesdienst-zum-weltfriedenstag-2024\">Hier ist die Predigt zum Nachh\u00f6ren (Domradio)<\/a>.<\/p>\n<div class=\"rl-gallery-container rl-loading\" id=\"rl-gallery-container-1\" data-gallery_id=\"17977\"> <div class=\"rl-gallery rl-basicgrid-gallery \" id=\"rl-gallery-1\" data-gallery_no=\"1\"> <div class=\"rl-gallery-item\"><a href=\"https:\/\/www.friedenkoeln.de\/wp-content\/uploads\/2024\/01\/IMG_8087-scaled.jpeg\" title=\"\" data-rl_title=\"\" class=\"rl-gallery-link\" data-rl_caption=\"Mahnwache gegen den Internationalen Soldatengottesdienst im K\u00f6lner Dom, 18.1.2024. Foto: Stefanie Intveen\" data-rel=\"lightbox-gallery-1\"><img loading=\"lazy\" decoding=\"async\" src=\"https:\/\/www.friedenkoeln.de\/wp-content\/uploads\/2024\/01\/IMG_8087-500x500.jpeg\" width=\"500\" height=\"500\" alt=\"Mehrere Menschen in Winterkleidung, davon einige als Skelett mit olivfarbenem Soldatenhelm verkleidet stehen vor dem Domforum und Gesch\u00e4ftsgeb\u00e4uden.\" \/><span class=\"rl-gallery-caption\"><span class=\"rl-gallery-item-caption\">Mahnwache gegen den Internationalen Soldatengottesdienst im K\u00f6lner Dom, 18.1.2024. Foto: Stefanie Intveen<\/span><\/span><\/a><\/div><div class=\"rl-gallery-item\"><a href=\"https:\/\/www.friedenkoeln.de\/wp-content\/uploads\/2024\/01\/DSC_0059-scaled.jpg\" title=\"\" data-rl_title=\"\" class=\"rl-gallery-link\" data-rl_caption=\"Mahnwache gegen den Internationalen Soldatengottesdienst im K\u00f6lner Dom, 18.1.2024. Foto: Stefanie Intveen\" data-rel=\"lightbox-gallery-1\"><img loading=\"lazy\" decoding=\"async\" src=\"https:\/\/www.friedenkoeln.de\/wp-content\/uploads\/2024\/01\/DSC_0059-500x500.jpg\" width=\"500\" height=\"500\" alt=\"Blick von hinten durch ein Transparent auf das Hauptportal des K\u00f6lner Doms, auf dessen Simsen Schnee liegt.\" \/><span class=\"rl-gallery-caption\"><span class=\"rl-gallery-item-caption\">Mahnwache gegen den Internationalen Soldatengottesdienst im K\u00f6lner Dom, 18.1.2024. Foto: Stefanie Intveen<\/span><\/span><\/a><\/div><div class=\"rl-gallery-item\"><a href=\"https:\/\/www.friedenkoeln.de\/wp-content\/uploads\/2024\/01\/DSC_0056-scaled.jpg\" title=\"\" data-rl_title=\"\" class=\"rl-gallery-link\" data-rl_caption=\"Flyer verteilen zum Internationalen Soldatengottesdienst, Hohe Stra\u00dfe, K\u00f6ln, 18.1.2024. Foto: Stefanie Intveen\" data-rel=\"lightbox-gallery-1\"><img loading=\"lazy\" decoding=\"async\" src=\"https:\/\/www.friedenkoeln.de\/wp-content\/uploads\/2024\/01\/DSC_0056-500x500.jpg\" width=\"500\" height=\"500\" alt=\"Ein \u00e4lterer Herr in Winterkleidung und mit regenbogenfarbener PACE-Flagge spricht mit einem Passanten in einer Gesch\u00e4ftsstra\u00dfe.\" \/><span class=\"rl-gallery-caption\"><span class=\"rl-gallery-item-caption\">Flyer verteilen zum Internationalen Soldatengottesdienst, Hohe Stra\u00dfe, K\u00f6ln, 18.1.2024. Foto: Stefanie Intveen<\/span><\/span><\/a><\/div><div class=\"rl-gallery-item\"><a href=\"https:\/\/www.friedenkoeln.de\/wp-content\/uploads\/2024\/01\/DSC_0061-scaled.jpg\" title=\"\" data-rl_title=\"\" class=\"rl-gallery-link\" data-rl_caption=\"&quot;Kein Milit\u00e4r&quot;. Mahnwache gegen den Internationalen Soldatengottesdienst im K\u00f6lner Dom, 18.1.2024. Foto: Stefanie Intveen\" data-rel=\"lightbox-gallery-1\"><img loading=\"lazy\" decoding=\"async\" src=\"https:\/\/www.friedenkoeln.de\/wp-content\/uploads\/2024\/01\/DSC_0061-500x500.jpg\" width=\"500\" height=\"500\" alt=\"Blick von hinten durch ein Transparent auf das Hauptportal des K\u00f6lner Doms, vor dem Soldaten stehen.\" \/><span class=\"rl-gallery-caption\"><span class=\"rl-gallery-item-caption\">&quot;Kein Milit\u00e4r&quot;. Mahnwache gegen den Internationalen Soldatengottesdienst im K\u00f6lner Dom, 18.1.2024. Foto: Stefanie Intveen<\/span><\/span><\/a><\/div><div class=\"rl-gallery-item\"><a href=\"https:\/\/www.friedenkoeln.de\/wp-content\/uploads\/2024\/01\/DSC_0062-scaled.jpg\" title=\"\" data-rl_title=\"\" class=\"rl-gallery-link\" data-rl_caption=\"Internationaler Soldatengottesdienst, K\u00f6lner Dom, 18.1.2024. Foto: Stefanie Intveen\" data-rel=\"lightbox-gallery-1\"><img loading=\"lazy\" decoding=\"async\" src=\"https:\/\/www.friedenkoeln.de\/wp-content\/uploads\/2024\/01\/DSC_0062-500x500.jpg\" width=\"500\" height=\"500\" alt=\"\" \/><span class=\"rl-gallery-caption\"><span class=\"rl-gallery-item-caption\">Internationaler Soldatengottesdienst, K\u00f6lner Dom, 18.1.2024. Foto: Stefanie Intveen<\/span><\/span><\/a><\/div><div class=\"rl-gallery-item\"><a href=\"https:\/\/www.friedenkoeln.de\/wp-content\/uploads\/2024\/01\/DSC_0067-1-scaled.jpg\" title=\"\" data-rl_title=\"\" class=\"rl-gallery-link\" data-rl_caption=\"&quot;In betenden H\u00e4nden ist die Waffe vor Missbrauch sicher.&quot; Mahnwache beim Internationalen Soldatengottesdienst K\u00f6ln, 18.1.2024. Foto: Stefanie Intveen\" data-rel=\"lightbox-gallery-1\"><img loading=\"lazy\" decoding=\"async\" src=\"https:\/\/www.friedenkoeln.de\/wp-content\/uploads\/2024\/01\/DSC_0067-1-500x500.jpg\" width=\"500\" height=\"500\" alt=\"Drei als Skelette mit Soldatenhelm verkleidete Menschen vor einem Transparent.\" \/><span class=\"rl-gallery-caption\"><span class=\"rl-gallery-item-caption\">&quot;In betenden H\u00e4nden ist die Waffe vor Missbrauch sicher.&quot; Mahnwache beim Internationalen Soldatengottesdienst K\u00f6ln, 18.1.2024. Foto: Stefanie Intveen<\/span><\/span><\/a><\/div><div class=\"rl-gallery-item\"><a href=\"https:\/\/www.friedenkoeln.de\/wp-content\/uploads\/2024\/01\/DSC_0073-scaled.jpg\" title=\"\" data-rl_title=\"\" class=\"rl-gallery-link\" data-rl_caption=\"&quot;Kein Milit\u00e4r im Dom! Soldatengottesdienst: Nein!&quot; Mahnwache beim Internationalen Soldatengottesdienst K\u00f6ln, 18.1.2024. Foto: Stefanie Intveen\" data-rel=\"lightbox-gallery-1\"><img loading=\"lazy\" decoding=\"async\" src=\"https:\/\/www.friedenkoeln.de\/wp-content\/uploads\/2024\/01\/DSC_0073-500x500.jpg\" width=\"500\" height=\"500\" alt=\"Drei als Skelette mit Soldatenhelm verkleidete Menschen vor einem Transparent.\" \/><span class=\"rl-gallery-caption\"><span class=\"rl-gallery-item-caption\">&quot;Kein Milit\u00e4r im Dom! Soldatengottesdienst: Nein!&quot; Mahnwache beim Internationalen Soldatengottesdienst K\u00f6ln, 18.1.2024. Foto: Stefanie Intveen<\/span><\/span><\/a><\/div> <\/div> <\/div>\n","protected":false},"excerpt":{"rendered":"<p>Von Stefanie Intveen. Bei klirrender K\u00e4lte versammelten sich heute etwa zwanzig Friedensaktivist*innen mit Transparenten wie &#8222;Selig sind die Frieden stiften!&#8220; (Bergpredigt) vor dem K\u00f6lner Dom, w\u00e4hrend im Dom selbst Kardinal Woelki den uniformierten Teilnehmer*innen&#46;&#46;&#46;<\/p>\n","protected":false},"author":110,"featured_media":17970,"comment_status":"open","ping_status":"open","sticky":false,"template":"","format":"standard","meta":{"footnotes":""},"categories":[107],"tags":[48,100,59],"class_list":["post-17965","post","type-post","status-publish","format-standard","has-post-thumbnail","hentry","category-kommentar","tag-bundeswehr","tag-ethik","tag-kirche"],"_links":{"self":[{"href":"https:\/\/www.friedenkoeln.de\/index.php?rest_route=\/wp\/v2\/posts\/17965","targetHints":{"allow":["GET"]}}],"collection":[{"href":"https:\/\/www.friedenkoeln.de\/index.php?rest_route=\/wp\/v2\/posts"}],"about":[{"href":"https:\/\/www.friedenkoeln.de\/index.php?rest_route=\/wp\/v2\/types\/post"}],"author":[{"embeddable":true,"href":"https:\/\/www.friedenkoeln.de\/index.php?rest_route=\/wp\/v2\/users\/110"}],"replies":[{"embeddable":true,"href":"https:\/\/www.friedenkoeln.de\/index.php?rest_route=%2Fwp%2Fv2%2Fcomments&post=17965"}],"version-history":[{"count":6,"href":"https:\/\/www.friedenkoeln.de\/index.php?rest_route=\/wp\/v2\/posts\/17965\/revisions"}],"predecessor-version":[{"id":17983,"href":"https:\/\/www.friedenkoeln.de\/index.php?rest_route=\/wp\/v2\/posts\/17965\/revisions\/17983"}],"wp:featuredmedia":[{"embeddable":true,"href":"https:\/\/www.friedenkoeln.de\/index.php?rest_route=\/wp\/v2\/media\/17970"}],"wp:attachment":[{"href":"https:\/\/www.friedenkoeln.de\/index.php?rest_route=%2Fwp%2Fv2%2Fmedia&parent=17965"}],"wp:term":[{"taxonomy":"category","embeddable":true,"href":"https:\/\/www.friedenkoeln.de\/index.php?rest_route=%2Fwp%2Fv2%2Fcategories&post=17965"},{"taxonomy":"post_tag","embeddable":true,"href":"https:\/\/www.friedenkoeln.de\/index.php?rest_route=%2Fwp%2Fv2%2Ftags&post=17965"}],"curies":[{"name":"wp","href":"https:\/\/api.w.org\/{rel}","templated":true}]}}