{"id":17990,"date":"2024-01-19T15:25:35","date_gmt":"2024-01-19T14:25:35","guid":{"rendered":"https:\/\/www.friedenkoeln.de\/?p=17990"},"modified":"2024-01-19T15:25:35","modified_gmt":"2024-01-19T14:25:35","slug":"demonstration-gegen-diehl-defense-in-troisdorf-am-20-01-2024-in-troisdorf","status":"publish","type":"post","link":"https:\/\/www.friedenkoeln.de\/?p=17990","title":{"rendered":"Demonstration gegen Diehl Defense in Troisdorf am 20.01.2024 in Troisdorf"},"content":{"rendered":"<p><img loading=\"lazy\" decoding=\"async\" class=\"size-medium wp-image-17991 alignright\" src=\"https:\/\/www.friedenkoeln.de\/wp-content\/uploads\/2024\/01\/alphabet-word-images-1294992_1280-500x500.png\" alt=\"Demonstration\" width=\"500\" height=\"500\" srcset=\"https:\/\/www.friedenkoeln.de\/wp-content\/uploads\/2024\/01\/alphabet-word-images-1294992_1280-500x500.png 500w, https:\/\/www.friedenkoeln.de\/wp-content\/uploads\/2024\/01\/alphabet-word-images-1294992_1280-80x80.png 80w, https:\/\/www.friedenkoeln.de\/wp-content\/uploads\/2024\/01\/alphabet-word-images-1294992_1280-320x320.png 320w\" sizes=\"auto, (max-width: 500px) 100vw, 500px\" \/>Auch wenn Dynamit Nobel l\u00e4ngst Vergangenheit ist, bleibt Troisdorf ein wichtiger R\u00fcstungsstandort, wo namentlich der R\u00fcstungskonzern Diehl Defense mit der Herstellung von Waffen f\u00fcr die Ukraine von der sogenannten &#8222;Zeitenwende&#8220; profitiert.<\/p>\n<p>Die Gruppe K\u00f6ln der DFG-VK l\u00e4dt kurzfristig mit folgenden zu einer Demonstration nach Troisdorf ein:<\/p>\n<hr \/>\n<blockquote>\n<h2>Liebe Friedensfreundinnen und Kriegsgegner,<\/h2>\n<p>kommt nach Troisdorf. Gemeinsam mit Friedensfreunden aus Bonn und Troisdorf werden wir in der Fu\u00dfg\u00e4ngerzone gegen ein R\u00fcstungsprojekt in unserer direkten Nachbarschaft protestieren.<\/p>\n<h3><strong>Samstag, den 20.01.2024 von 11:00 bis 13:30 Uhr in der Fu\u00dfg\u00e4ngerzone K\u00f6lner Stra\u00dfe \/ Ecke Hyppolitusstra\u00dfe<\/strong><\/h3>\n<p>Vom Bahnhof Troisdorf sind es circa 10 Minuten Fu\u00dfweg. Wir treffen uns vorab am K\u00f6lner Hauptbahnhof zur gemeinsamen Hinfahrt.<\/p>\n<p><strong>10:31 Abfahrt S 12 auf Gleis 10<\/strong><\/p>\n<p>Bringt gute Laune, eine Friedensfahne und Sonnenschein mit.&#8220;<\/p><\/blockquote>\n<hr \/>\n<p>Die <strong>Informationsstelle Militarisierung (IMI) e.V.<\/strong> T\u00fcbingen verweist auf folgende\u00a0<strong>weitere Informationsquellen\u00a0<\/strong>zu den Gesch\u00e4ften der Diehl Defense:<\/p>\n<ul>\n<li>Eine Aufstellung der gro\u00dfen Akteure im Waffengesch\u00e4ft in Deutschland \u2013 auf den Seiten der Rosa-Luxemburg-Stiftung: <a href=\"https:\/\/www.rosalux.de\/vernetzte-waffenschmieden\" target=\"_blank\" rel=\"noopener\">https:\/\/www.rosalux.de\/vernetzte-waffenschmieden<\/a><\/li>\n<li>Der R\u00fcstungsexportatlas der Zeitschrift Wissenschaft &amp; Frieden: <a href=\"https:\/\/wissenschaft-und-frieden.de\/dossier\/ruestungsexportkontrollatlas-2023\/\" target=\"_blank\" rel=\"noopener\">https:\/\/wissenschaft-und-frieden.de\/dossier\/ruestungsexportkontrollatlas-2023\/<\/a><\/li>\n<li>Das IMI Handbuch R\u00fcstung mit Informationen zu nahezu allen Firmen in dem Feld in Deutschland: <a href=\"https:\/\/www.imi-online.de\/2022\/08\/11\/handbuch-ruestung-2\/\" target=\"_blank\" rel=\"noopener\">https:\/\/www.imi-online.de\/2022\/08\/11\/handbuch-ruestung-2\/<\/a><\/li>\n<\/ul>\n","protected":false},"excerpt":{"rendered":"<p>Auch wenn Dynamit Nobel l\u00e4ngst Vergangenheit ist, bleibt Troisdorf ein wichtiger R\u00fcstungsstandort, wo namentlich der R\u00fcstungskonzern Diehl Defense mit der Herstellung von Waffen f\u00fcr die Ukraine von der sogenannten &#8222;Zeitenwende&#8220; profitiert. Die Gruppe K\u00f6ln&#46;&#46;&#46;<\/p>\n","protected":false},"author":109,"featured_media":17991,"comment_status":"open","ping_status":"open","sticky":false,"template":"","format":"standard","meta":{"footnotes":""},"categories":[116],"tags":[130],"class_list":["post-17990","post","type-post","status-publish","format-standard","has-post-thumbnail","hentry","category-aufruf","tag-ruestungsindustrie"],"_links":{"self":[{"href":"https:\/\/www.friedenkoeln.de\/index.php?rest_route=\/wp\/v2\/posts\/17990","targetHints":{"allow":["GET"]}}],"collection":[{"href":"https:\/\/www.friedenkoeln.de\/index.php?rest_route=\/wp\/v2\/posts"}],"about":[{"href":"https:\/\/www.friedenkoeln.de\/index.php?rest_route=\/wp\/v2\/types\/post"}],"author":[{"embeddable":true,"href":"https:\/\/www.friedenkoeln.de\/index.php?rest_route=\/wp\/v2\/users\/109"}],"replies":[{"embeddable":true,"href":"https:\/\/www.friedenkoeln.de\/index.php?rest_route=%2Fwp%2Fv2%2Fcomments&post=17990"}],"version-history":[{"count":2,"href":"https:\/\/www.friedenkoeln.de\/index.php?rest_route=\/wp\/v2\/posts\/17990\/revisions"}],"predecessor-version":[{"id":17993,"href":"https:\/\/www.friedenkoeln.de\/index.php?rest_route=\/wp\/v2\/posts\/17990\/revisions\/17993"}],"wp:featuredmedia":[{"embeddable":true,"href":"https:\/\/www.friedenkoeln.de\/index.php?rest_route=\/wp\/v2\/media\/17991"}],"wp:attachment":[{"href":"https:\/\/www.friedenkoeln.de\/index.php?rest_route=%2Fwp%2Fv2%2Fmedia&parent=17990"}],"wp:term":[{"taxonomy":"category","embeddable":true,"href":"https:\/\/www.friedenkoeln.de\/index.php?rest_route=%2Fwp%2Fv2%2Fcategories&post=17990"},{"taxonomy":"post_tag","embeddable":true,"href":"https:\/\/www.friedenkoeln.de\/index.php?rest_route=%2Fwp%2Fv2%2Ftags&post=17990"}],"curies":[{"name":"wp","href":"https:\/\/api.w.org\/{rel}","templated":true}]}}