{"id":18005,"date":"2024-01-24T15:45:45","date_gmt":"2024-01-24T14:45:45","guid":{"rendered":"https:\/\/www.friedenkoeln.de\/?p=18005"},"modified":"2024-01-24T15:45:45","modified_gmt":"2024-01-24T14:45:45","slug":"ruestungsproduktion-in-troisdorf-unerwuenscht","status":"publish","type":"post","link":"https:\/\/www.friedenkoeln.de\/?p=18005","title":{"rendered":"R\u00fcstungsproduktion in Troisdorf unerw\u00fcnscht"},"content":{"rendered":"<p class=\"p1\"><span class=\"s1\">Bei strahlendem Sonnenschein und deutlichen Minustemperaturen haben wir am Samstag, den 20.01.2024 die Protestaktion gegen die Erweiterung der Munitionsfabrik begleitet. \u00dcber 300 <\/span><a href=\"https:\/\/www.friedenkoeln.de\/wp-content\/uploads\/2024\/01\/240120_gemeinsamer-Flyer-Keine-Munitionsfabrik-Troisdorf.pdf\" target=\"_blank\" rel=\"noopener\"><span class=\"s2\"><b>Flyer<\/b><\/span><\/a><span class=\"s1\"> wurden von den meisten Passanten mit Interesse entgegengenommen. In der Fu\u00dfg\u00e4ngerzone konnten die circa 20 Aktiven des Aktionsb\u00fcndnisses mit vielen Passanten intensive Gespr\u00e4che f\u00fchren. Das Interesse der B\u00fcrger war gro\u00df. Aus der Bev\u00f6lkerung kamen Hinweise auf Sonderm\u00fcllgruben auf dem ehemaligen Gel\u00e4nde von Dynamit Nobel.<\/span><\/p>\n<p class=\"p1\"><span class=\"s1\">\u00dcberraschenderweise wussten doch eine Reihe Troisdorfer nicht einmal, dass unweit des Stadtzentrums und der Fu\u00dfg\u00e4ngerzone Z\u00fcnder f\u00fcr Kriegsmunition produziert werden. Einzelne Passanten \u00e4u\u00dferten Interesse daran, pers\u00f6nlich gegen die R\u00fcstungsproduktion aktiv zu werden. Zum Abschluss erholten wir uns in einem naheliegenden Caf\u00e9, konnten uns aufw\u00e4rmen und den weiteren Fortgang des Widerstand gegen das R\u00fcstungsunternehmen <\/span><a href=\"https:\/\/www.friedenkoeln.de\/wp-content\/uploads\/2024\/01\/240120_IMI-Diehl-Defense-Troisdorf.pdf\" target=\"_blank\" rel=\"noopener\"><span class=\"s2\"><b>Diehl Defense<\/b><\/span><\/a><span class=\"s1\"> besprechen.<\/span><\/p>\n<div class=\"rl-gallery-container rl-loading\" id=\"rl-gallery-container-1\" data-gallery_id=\"18001\"> <div class=\"rl-gallery rl-basicgrid-gallery \" id=\"rl-gallery-1\" data-gallery_no=\"1\"> <div class=\"rl-gallery-item\"><a href=\"https:\/\/www.friedenkoeln.de\/wp-content\/uploads\/2024\/01\/troisdorf_demo03.jpg\" title=\"\" data-rl_title=\"\" class=\"rl-gallery-link\" data-rl_caption=\"\" data-rel=\"lightbox-gallery-1\"><img loading=\"lazy\" decoding=\"async\" src=\"https:\/\/www.friedenkoeln.de\/wp-content\/uploads\/2024\/01\/troisdorf_demo03-500x369.jpg\" width=\"500\" height=\"369\" alt=\"R\u00fcstungsproduktion in Troisdorf unerw\u00fcnscht - Demo am 20.1.24\" \/><\/a><\/div><div class=\"rl-gallery-item\"><a href=\"https:\/\/www.friedenkoeln.de\/wp-content\/uploads\/2024\/01\/troisdorf_demo04.jpg\" title=\"\" data-rl_title=\"\" class=\"rl-gallery-link\" data-rl_caption=\"\" data-rel=\"lightbox-gallery-1\"><img loading=\"lazy\" decoding=\"async\" src=\"https:\/\/www.friedenkoeln.de\/wp-content\/uploads\/2024\/01\/troisdorf_demo04-500x369.jpg\" width=\"500\" height=\"369\" alt=\"R\u00fcstungsproduktion in Troisdorf unerw\u00fcnscht - Demo am 20.1.24\" \/><\/a><\/div><div class=\"rl-gallery-item\"><a href=\"https:\/\/www.friedenkoeln.de\/wp-content\/uploads\/2024\/01\/troisdorf_demo02.jpg\" title=\"\" data-rl_title=\"\" class=\"rl-gallery-link\" data-rl_caption=\"\" data-rel=\"lightbox-gallery-1\"><img loading=\"lazy\" decoding=\"async\" src=\"https:\/\/www.friedenkoeln.de\/wp-content\/uploads\/2024\/01\/troisdorf_demo02-500x369.jpg\" width=\"500\" height=\"369\" alt=\"R\u00fcstungsproduktion in Troisdorf unerw\u00fcnscht - Demo am 20.1.24\" \/><\/a><\/div><div class=\"rl-gallery-item\"><a href=\"https:\/\/www.friedenkoeln.de\/wp-content\/uploads\/2024\/01\/troisdorf_demo01.jpg\" title=\"\" data-rl_title=\"\" class=\"rl-gallery-link\" data-rl_caption=\"\" data-rel=\"lightbox-gallery-1\"><img loading=\"lazy\" decoding=\"async\" src=\"https:\/\/www.friedenkoeln.de\/wp-content\/uploads\/2024\/01\/troisdorf_demo01-500x369.jpg\" width=\"500\" height=\"369\" alt=\"R\u00fcstungsproduktion in Troisdorf unerw\u00fcnscht - Demo am 20.1.24\" \/><\/a><\/div> <\/div> <\/div>\n","protected":false},"excerpt":{"rendered":"<p>Bei strahlendem Sonnenschein und deutlichen Minustemperaturen haben wir am Samstag, den 20.01.2024 die Protestaktion gegen die Erweiterung der Munitionsfabrik begleitet. \u00dcber 300 Flyer wurden von den meisten Passanten mit Interesse entgegengenommen. In der Fu\u00dfg\u00e4ngerzone&#46;&#46;&#46;<\/p>\n","protected":false},"author":110,"featured_media":18010,"comment_status":"open","ping_status":"open","sticky":false,"template":"","format":"standard","meta":{"footnotes":""},"categories":[105],"tags":[],"class_list":["post-18005","post","type-post","status-publish","format-standard","has-post-thumbnail","hentry","category-bericht"],"_links":{"self":[{"href":"https:\/\/www.friedenkoeln.de\/index.php?rest_route=\/wp\/v2\/posts\/18005","targetHints":{"allow":["GET"]}}],"collection":[{"href":"https:\/\/www.friedenkoeln.de\/index.php?rest_route=\/wp\/v2\/posts"}],"about":[{"href":"https:\/\/www.friedenkoeln.de\/index.php?rest_route=\/wp\/v2\/types\/post"}],"author":[{"embeddable":true,"href":"https:\/\/www.friedenkoeln.de\/index.php?rest_route=\/wp\/v2\/users\/110"}],"replies":[{"embeddable":true,"href":"https:\/\/www.friedenkoeln.de\/index.php?rest_route=%2Fwp%2Fv2%2Fcomments&post=18005"}],"version-history":[{"count":3,"href":"https:\/\/www.friedenkoeln.de\/index.php?rest_route=\/wp\/v2\/posts\/18005\/revisions"}],"predecessor-version":[{"id":18012,"href":"https:\/\/www.friedenkoeln.de\/index.php?rest_route=\/wp\/v2\/posts\/18005\/revisions\/18012"}],"wp:featuredmedia":[{"embeddable":true,"href":"https:\/\/www.friedenkoeln.de\/index.php?rest_route=\/wp\/v2\/media\/18010"}],"wp:attachment":[{"href":"https:\/\/www.friedenkoeln.de\/index.php?rest_route=%2Fwp%2Fv2%2Fmedia&parent=18005"}],"wp:term":[{"taxonomy":"category","embeddable":true,"href":"https:\/\/www.friedenkoeln.de\/index.php?rest_route=%2Fwp%2Fv2%2Fcategories&post=18005"},{"taxonomy":"post_tag","embeddable":true,"href":"https:\/\/www.friedenkoeln.de\/index.php?rest_route=%2Fwp%2Fv2%2Ftags&post=18005"}],"curies":[{"name":"wp","href":"https:\/\/api.w.org\/{rel}","templated":true}]}}