{"id":18015,"date":"2024-02-01T15:51:08","date_gmt":"2024-02-01T14:51:08","guid":{"rendered":"https:\/\/www.friedenkoeln.de\/?p=18015"},"modified":"2024-03-05T08:35:51","modified_gmt":"2024-03-05T07:35:51","slug":"frieden-brot-wuerde-in-der-ukraine-und-weltweit","status":"publish","type":"post","link":"https:\/\/www.friedenkoeln.de\/?p=18015","title":{"rendered":"Frieden, Brot, W\u00fcrde \u2013 in der Ukraine und weltweit!"},"content":{"rendered":"<h2>AUFRUF ZUR NRW-WEITEN DEMO IN K\u00d6LN ZUM 2. JAHRESTAG DES UKRAINE-KRIEGES<\/h2>\n<p>&nbsp;<\/p>\n<p><img loading=\"lazy\" decoding=\"async\" class=\"aligncenter wp-image-18016\" src=\"https:\/\/www.friedenkoeln.de\/wp-content\/uploads\/2024\/02\/picasso-500x500.jpg\" alt=\"Pablo Picasso, Die verschr\u00e4nkten H\u00e4nde II, 1952\" width=\"700\" height=\"518\" srcset=\"https:\/\/www.friedenkoeln.de\/wp-content\/uploads\/2024\/02\/picasso-200x148.jpg 200w, https:\/\/www.friedenkoeln.de\/wp-content\/uploads\/2024\/02\/picasso-768x569.jpg 768w, https:\/\/www.friedenkoeln.de\/wp-content\/uploads\/2024\/02\/picasso-1536x1137.jpg 1536w, https:\/\/www.friedenkoeln.de\/wp-content\/uploads\/2024\/02\/picasso-2048x1517.jpg 2048w\" sizes=\"auto, (max-width: 700px) 100vw, 700px\" \/><\/p>\n<h4 style=\"text-align: center;\">Sa., 24. Februar 2024 \u00b7 14 Uhr \u00b7 Alter Markt, K\u00f6ln<\/h4>\n<h4 style=\"text-align: center;\"><\/h4>\n<div>\n<h4 style=\"text-align: center;\"><\/h4>\n<\/div>\n<div>\n<div><\/div>\n<\/div>\n<div>\n<div style=\"text-align: left;\">Mit Redebeitr\u00e4gen unter anderem von<\/div>\n<ul>\n<li style=\"text-align: left;\">\u00d6ZLEM DEMIREL (MdEP, Die LINKE)<\/li>\n<li style=\"text-align: left;\">MICHAEL VON DER SCHULENBURG (ehem. UN-Diplomat)<\/li>\n<\/ul>\n<div>\n<div>Der Krieg frisst seine Kinder.<\/div>\n<div><\/div>\n<div>Die Politik der Hochr\u00fcstung frisst die Zivilgesellschaft.<\/div>\n<\/div>\n<div>\n<div><\/div>\n<div>Armeen heizen die Klimakatastrophe an.<\/div>\n<\/div>\n<div>\n<div><\/div>\n<div>Und die Barbarei breitet sich aus wie ein Virus, gegen den Masken und Impfungen nicht sch\u00fctzen.<\/div>\n<div><\/div>\n<div>Wir treten ein f\u00fcr die gleiche W\u00fcrde und gleiche Rechte aller Menschen und gegen Rassismus, Judenfeindlichkeit und jede m\u00f6rderische Ideologie der Ungleichwertigkeit des Menschen.<\/div>\n<div><\/div>\n<div>Wir verurteilen jeden Krieg.<\/div>\n<div><\/div>\n<div>Wir verurteilen das T\u00f6ten von Menschen.<\/div>\n<div><\/div>\n<div>Wir treten Feindbildern und Militarisierung entgegen und wollen friedensf\u00e4hig werden, nicht \u201ekriegst\u00fcchtig\u201c.<\/div>\n<div><\/div>\n<div>Wir stehen an der Seite all derjenigen, die sich in Russland, der Ukraine, in Israel, Pal\u00e4stina und welt\u2010 weit weigern, aufeinander zu schie\u00dfen.<\/div>\n<div><\/div>\n<div>Das T\u00f6ten von Menschen ist niemals ein Mittel zu einem vermeintlich guten Zweck.<\/div>\n<\/div>\n<div>\n<div><\/div>\n<div>Ein Prozent der Bev\u00f6lkerung in Deutschland besitzt mittlerweile mehr Eigentum als 50 Prozent der Menschen. Die R\u00fcstungsindustrie hat in den letzten zwei Jahren enorme Gewinne gemacht und geht dabei \u00fcber Leichen.<\/div>\n<div><\/div>\n<div>100 Milliarden Euro zus\u00e4tzlich und mehr stellt die Bundesregierung der Bundeswehr und der R\u00fcstungsindustrie zur Verf\u00fcgung \u2013 L\u00fccken im Haushalt wer\u2010 den auf Kosten der Allgemeinheit und gerade sozial Benachteiligten der Gesellschaft gef\u00fcllt.<\/div>\n<div><\/div>\n<div>20 Jahre Kriege in Afghanistan, Irak, Syrien, Mali, etlichen weiteren L\u00e4ndern und jetzt auch im Nahen Osten lehren, dass mit Krieg kein Frieden zu gewinnen ist. Dennoch wird im Krieg das Allheilmittel gesucht.<\/div>\n<div><\/div>\n<div>Wir f\u00fchlen mit den Opfern in der Ukraine, in Russland, wie auch in Israel, im Westjordanland und Gaza und in allen Kriegen. Unsere Solidarit\u00e4t gilt den Fliehenden aus Krieg, Armut und Not! F\u00fcr sie braucht es Schutz und Aufnahme auch in unserm Land.<\/div>\n<div><\/div>\n<div>In der Ukraine wurden \u00fcber 500.000 Menschen, Ukrainerinnen und Ukrainer, Russen und Russinnen durch den Krieg get\u00f6tet oder verwundet. Nach der russischen Invasion tobt sp\u00e4testens seit Dezember 2022 ein blutiger Stellungskrieg im Land.<\/div>\n<div><\/div>\n<div>Wir fragen: Wie viele Menschenleben ist ein erk\u00e4mpfter Quadratmeter Land wert?<\/div>\n<div>Wir fragen: Rechtfertigen geopolitische Interessen und die Gewinne von Rheinmetall, Diehl Defence und Konsorten die Lieferungen von Mordwerkzeugen?<\/div>\n<\/div>\n<div>\n<div><\/div>\n<div>Alle Mittel, die f\u00fcr Krieg verschleudert werden, brauchen wir f\u00fcr Bildung, Kultur, Wohnen, den Erhalt der nat\u00fcrlichen Lebensgrundlagen und ein menschenw\u00fcrdiges Leben \u2013 hierzulande wie global.<\/div>\n<div>Jetzt muss alles f\u00fcr eine Deeskalation getan werden!<\/div>\n<div><\/div>\n<div>Wir rufen alle auf zu einer Demonstration f\u00fcr einen sofortigen Waffenstillstand, f\u00fcr Dialog, Diplomatie und Entspannungspolitik.<\/div>\n<div><\/div>\n<div>Wir fordern statt Waffenlieferungen den Wiederaufbau aller kriegsverw\u00fcsteten L\u00e4nder durch die an diesen Kriegen Beteiligten und globale Abr\u00fcstung.<\/div>\n<div><\/div>\n<div>Die Waffen m\u00fcssen schweigen \u2013 in der Ukraine und weltweit!<\/div>\n<\/div>\n<div>\n<div><\/div>\n<\/div>\n<div>\n<div>Initiiert von:<\/div>\n<div>K\u00f6lner Friedensforum<\/div>\n<div>DFG-VK Gruppe K\u00f6ln<\/div>\n<div>DFG-VK NRW<\/div>\n<div><\/div>\n<div>Weitere unterst\u00fctzende Organisationen unter <a href=\"http:\/\/www.koelner-friedensforum.org\/\" target=\"_blank\" rel=\"noopener\">www.koelner-friedensforum.org<\/a><\/div>\n<\/div>\n<\/div>\n","protected":false},"excerpt":{"rendered":"<p>AUFRUF ZUR NRW-WEITEN DEMO IN K\u00d6LN ZUM 2. JAHRESTAG DES UKRAINE-KRIEGES &nbsp; Sa., 24. Februar 2024 \u00b7 14 Uhr \u00b7 Alter Markt, K\u00f6ln Mit Redebeitr\u00e4gen unter anderem von \u00d6ZLEM DEMIREL (MdEP, Die LINKE) MICHAEL&#46;&#46;&#46;<\/p>\n","protected":false},"author":110,"featured_media":18016,"comment_status":"open","ping_status":"open","sticky":false,"template":"","format":"standard","meta":{"footnotes":""},"categories":[116],"tags":[],"class_list":["post-18015","post","type-post","status-publish","format-standard","has-post-thumbnail","hentry","category-aufruf"],"_links":{"self":[{"href":"https:\/\/www.friedenkoeln.de\/index.php?rest_route=\/wp\/v2\/posts\/18015","targetHints":{"allow":["GET"]}}],"collection":[{"href":"https:\/\/www.friedenkoeln.de\/index.php?rest_route=\/wp\/v2\/posts"}],"about":[{"href":"https:\/\/www.friedenkoeln.de\/index.php?rest_route=\/wp\/v2\/types\/post"}],"author":[{"embeddable":true,"href":"https:\/\/www.friedenkoeln.de\/index.php?rest_route=\/wp\/v2\/users\/110"}],"replies":[{"embeddable":true,"href":"https:\/\/www.friedenkoeln.de\/index.php?rest_route=%2Fwp%2Fv2%2Fcomments&post=18015"}],"version-history":[{"count":8,"href":"https:\/\/www.friedenkoeln.de\/index.php?rest_route=\/wp\/v2\/posts\/18015\/revisions"}],"predecessor-version":[{"id":18025,"href":"https:\/\/www.friedenkoeln.de\/index.php?rest_route=\/wp\/v2\/posts\/18015\/revisions\/18025"}],"wp:featuredmedia":[{"embeddable":true,"href":"https:\/\/www.friedenkoeln.de\/index.php?rest_route=\/wp\/v2\/media\/18016"}],"wp:attachment":[{"href":"https:\/\/www.friedenkoeln.de\/index.php?rest_route=%2Fwp%2Fv2%2Fmedia&parent=18015"}],"wp:term":[{"taxonomy":"category","embeddable":true,"href":"https:\/\/www.friedenkoeln.de\/index.php?rest_route=%2Fwp%2Fv2%2Fcategories&post=18015"},{"taxonomy":"post_tag","embeddable":true,"href":"https:\/\/www.friedenkoeln.de\/index.php?rest_route=%2Fwp%2Fv2%2Ftags&post=18015"}],"curies":[{"name":"wp","href":"https:\/\/api.w.org\/{rel}","templated":true}]}}