{"id":18026,"date":"2024-02-06T16:33:47","date_gmt":"2024-02-06T15:33:47","guid":{"rendered":"https:\/\/www.friedenkoeln.de\/?p=18026"},"modified":"2024-02-06T16:35:51","modified_gmt":"2024-02-06T15:35:51","slug":"unserer-free-assange-arbeitskreis-im-geisterzug-mer-klaevve-am-laevve-jeister-foer-hueck-un-murje","status":"publish","type":"post","link":"https:\/\/www.friedenkoeln.de\/?p=18026","title":{"rendered":"Unser Free-Assange-Arbeitskreis im Geisterzug: Mer kl\u00e4vve am L\u00e4vve \u2013 Jeister f\u00f6r h\u00fcck un murje"},"content":{"rendered":"<p><em>Unser Free-Assange-Arbeitskreis war Teil des Geisterzugs. Hier ist sein Bericht:<\/em><\/p>\n<hr \/>\n<blockquote><p>Mer kl\u00e4vve am L\u00e4vve \u2013 Jeister f\u00f6r h\u00fcck un murje<\/p><\/blockquote>\n<p>war das diesj\u00e4hrige Motto des Geisterzuges in K\u00f6ln.<\/p>\n<p>Und weil das Leben und die Unfreiheit von Julian Assange viel Einfluss auf unser aller demokratisches ErLeben und die Gespenster der Unfreiheit von heute und morgen hat, war unser DFG-VK Arbeitskreis Free Assange beim Geisterzug durch Buchheim und M\u00fclheim dabei. Das sogar in Begleitung politischer H\u00f6chstprominenz von Joe Biden, der Julian Assange in Ketten h\u00e4lt, und den Mitl\u00e4ufer*innen Sunak, Scholz und Baerbock.<\/p>\n<p>Sunak ist ein Verfechter der Rechtsstaatlichkeit, Scholz hat nur eine rote Nase und letztgenannte h\u00e4lt &#8211; unglaublich aber wahr &#8211; w\u00e4hrend des ganzen Geisterzuges die Menschenrechte hoch!<\/p>\n<p>Bleibt uns nur zu sagen:<\/p>\n<blockquote><p>Free Julian Assange!<\/p><\/blockquote>\n<p>WDR (3.2.2024) und K\u00f6lner Stadt-Anzeiger (4.2.2024) berichteten \u00fcber den Geisterzug. \u00dcber die politische Prominenz oder gar Julian Assange in Ketten &#8211; kein Presse-Sterbenswort!<\/p>\n<p>Nach Karneval, am 20. und 21. Februar, findet am Londoner High Court eine zweit\u00e4gige Anh\u00f6rung zum Berufungsverfahren von Julian Assange statt. Sollte sein Antrag auf Berufung gegen seine Auslieferung an die USA abgelehnt werden, gibt es im britischen Rechtssystem keine weiteren M\u00f6glichkeiten mehr f\u00fcr ihn.<\/p>\n<p>An den beiden Anh\u00f6rungstagen und bis dahin werden sowohl in London wie weltweit und nat\u00fcrlich auch in K\u00f6ln, Solidarit\u00e4ts- und Protestkundgebungen stattfinden. Unseren <a href=\"https:\/\/www.friedenkoeln.de\/wp-content\/uploads\/2024\/02\/Flyer_Geisterzug.pdf\">Aufruf f\u00fcr K\u00f6ln findet ihr hier<\/a>.<\/p>\n<p>Um es deutlich zu sagen:<\/p>\n<h4 style=\"text-align: center;\">Freiheit f\u00fcr Julian Assange<\/h4>\n<h4 style=\"text-align: center;\">Solidarisch d\u00e4 Arsch huh un Z\u00e4ng ussenander, evver fl\u00f6ck !<\/h4>\n<div class=\"rl-gallery-container rl-loading\" id=\"rl-gallery-container-1\" data-gallery_id=\"18044\"> <div class=\"rl-gallery rl-basicgrid-gallery \" id=\"rl-gallery-1\" data-gallery_no=\"1\"> <div class=\"rl-gallery-item\"><a href=\"https:\/\/www.friedenkoeln.de\/wp-content\/uploads\/2024\/02\/IMG_3667.jpg\" title=\"\" data-rl_title=\"\" class=\"rl-gallery-link\" data-rl_caption=\"Joe Biden mit Julian Assange am 3.2.2024 beim Geisterzug in K\u00f6ln. Foto: privat\" data-rel=\"lightbox-gallery-1\"><img loading=\"lazy\" decoding=\"async\" src=\"https:\/\/www.friedenkoeln.de\/wp-content\/uploads\/2024\/02\/IMG_3667-500x500.jpg\" width=\"500\" height=\"500\" alt=\"Als Joe Biden verkleidete Person h\u00e4lt eine Kette, mit der &quot;Julian Assange&quot; in orangefarbener Gef\u00e4ngnis-Kluft gefesselt ist. Im Vordergrund eine Frau mit Clown-Nase und Lichterkette vor einem nebligen Abendhimmel und anderen Leuten.\" \/><span class=\"rl-gallery-caption\"><span class=\"rl-gallery-item-caption\">Joe Biden mit Julian Assange am 3.2.2024 beim Geisterzug in K\u00f6ln. Foto: privat<\/span><\/span><\/a><\/div><div class=\"rl-gallery-item\"><a href=\"https:\/\/www.friedenkoeln.de\/wp-content\/uploads\/2024\/02\/IMG_3669.jpg\" title=\"\" data-rl_title=\"\" class=\"rl-gallery-link\" data-rl_caption=\"Joe Biden mit Olaf Scholz und Rishi Sunak am 3.2.2024 beim Geisterzug in K\u00f6ln. Foto: privat\" data-rel=\"lightbox-gallery-1\"><img loading=\"lazy\" decoding=\"async\" src=\"https:\/\/www.friedenkoeln.de\/wp-content\/uploads\/2024\/02\/IMG_3669-500x500.jpg\" width=\"500\" height=\"500\" alt=\"Joe Biden mit Olaf Scholz und Rishi Sunak, die je ein &quot;Julian Assange&quot;-Schild halten. Im Hintergrund eine n\u00e4chtliche, neblige Stra\u00dfe mit weiteren Leuten.\" \/><span class=\"rl-gallery-caption\"><span class=\"rl-gallery-item-caption\">Joe Biden mit Olaf Scholz und Rishi Sunak am 3.2.2024 beim Geisterzug in K\u00f6ln. Foto: privat<\/span><\/span><\/a><\/div><div class=\"rl-gallery-item\"><a href=\"https:\/\/www.friedenkoeln.de\/wp-content\/uploads\/2024\/02\/IMG_3670.jpg\" title=\"\" data-rl_title=\"\" class=\"rl-gallery-link\" data-rl_caption=\"Rishi Sunak tritt am 3.2.2024 beim Geisterzug in K\u00f6ln f\u00fcr &quot;Rechtsstaatlichkeit&quot; ein. Foto: privat\" data-rel=\"lightbox-gallery-1\"><img loading=\"lazy\" decoding=\"async\" src=\"https:\/\/www.friedenkoeln.de\/wp-content\/uploads\/2024\/02\/IMG_3670-500x500.jpg\" width=\"500\" height=\"500\" alt=\"Eine Gruppe verkleideter Leute mit &quot;Free-Assange&quot;-Schildern in einer n\u00e4chtlich beleuchteten Stra\u00dfe.\" \/><span class=\"rl-gallery-caption\"><span class=\"rl-gallery-item-caption\">Rishi Sunak tritt am 3.2.2024 beim Geisterzug in K\u00f6ln f\u00fcr &quot;Rechtsstaatlichkeit&quot; ein. Foto: privat<\/span><\/span><\/a><\/div><div class=\"rl-gallery-item\"><a href=\"https:\/\/www.friedenkoeln.de\/wp-content\/uploads\/2024\/02\/IMG_3672.jpg\" title=\"\" data-rl_title=\"\" class=\"rl-gallery-link\" data-rl_caption=\"&quot;Fee-Assange&quot;-Arbeitskreis der DFG-VK Gruppe K\u00f6ln beim Geisterzug am 3.2.2024. Foto: privat\" data-rel=\"lightbox-gallery-1\"><img loading=\"lazy\" decoding=\"async\" src=\"https:\/\/www.friedenkoeln.de\/wp-content\/uploads\/2024\/02\/IMG_3672-500x500.jpg\" width=\"500\" height=\"500\" alt=\"Eine Frau in wei\u00dfem Overall h\u00e4lt ein gro\u00dfes Schild &quot;Free Assange K\u00f6ln&quot;.\" \/><span class=\"rl-gallery-caption\"><span class=\"rl-gallery-item-caption\">&quot;Fee-Assange&quot;-Arbeitskreis der DFG-VK Gruppe K\u00f6ln beim Geisterzug am 3.2.2024. Foto: privat<\/span><\/span><\/a><\/div><div class=\"rl-gallery-item\"><a href=\"https:\/\/www.friedenkoeln.de\/wp-content\/uploads\/2024\/02\/IMG_3674.jpg\" title=\"\" data-rl_title=\"\" class=\"rl-gallery-link\" data-rl_caption=\"Annalena Baerbock tritt am 3.2.2024 beim Geisterzug in K\u00f6ln f\u00fcr Menschenrechte ein. Foto: privat\" data-rel=\"lightbox-gallery-1\"><img loading=\"lazy\" decoding=\"async\" src=\"https:\/\/www.friedenkoeln.de\/wp-content\/uploads\/2024\/02\/IMG_3674-500x500.jpg\" width=\"500\" height=\"500\" alt=\"\" \/><span class=\"rl-gallery-caption\"><span class=\"rl-gallery-item-caption\">Annalena Baerbock tritt am 3.2.2024 beim Geisterzug in K\u00f6ln f\u00fcr Menschenrechte ein. Foto: privat<\/span><\/span><\/a><\/div><div class=\"rl-gallery-item\"><a href=\"https:\/\/www.friedenkoeln.de\/wp-content\/uploads\/2024\/02\/IMG_3675.jpg\" title=\"\" data-rl_title=\"\" class=\"rl-gallery-link\" data-rl_caption=\"Joe Biden mit dem gefesselten Julian Assange beim Geisterzug in K\u00f6ln am 3.2.2024. Foto: privat\" data-rel=\"lightbox-gallery-1\"><img loading=\"lazy\" decoding=\"async\" src=\"https:\/\/www.friedenkoeln.de\/wp-content\/uploads\/2024\/02\/IMG_3675-500x500.jpg\" width=\"500\" height=\"500\" alt=\"Szene in n\u00e4chtlich beleuchteter Stra\u00dfe mit mehreren Leuten.\" \/><span class=\"rl-gallery-caption\"><span class=\"rl-gallery-item-caption\">Joe Biden mit dem gefesselten Julian Assange beim Geisterzug in K\u00f6ln am 3.2.2024. Foto: privat<\/span><\/span><\/a><\/div><div class=\"rl-gallery-item\"><a href=\"https:\/\/www.friedenkoeln.de\/wp-content\/uploads\/2024\/02\/IMG_3676.jpg\" title=\"\" data-rl_title=\"\" class=\"rl-gallery-link\" data-rl_caption=\"Julian Assange tritt auf dem Geisterzug in K\u00f6ln am 3.2.2024 f\u00fcr Pressefreiheit ein, ist aber durch Joe Biden angekettet. Foto: privat\" data-rel=\"lightbox-gallery-1\"><img loading=\"lazy\" decoding=\"async\" src=\"https:\/\/www.friedenkoeln.de\/wp-content\/uploads\/2024\/02\/IMG_3676-500x500.jpg\" width=\"500\" height=\"500\" alt=\"Hinter Joe Biden und Julian Assange sind weitere Leute zu sehen, die &quot;Julian-Assange&quot;-Schilder hochhalten\" \/><span class=\"rl-gallery-caption\"><span class=\"rl-gallery-item-caption\">Julian Assange tritt auf dem Geisterzug in K\u00f6ln am 3.2.2024 f\u00fcr Pressefreiheit ein, ist aber durch Joe Biden angekettet. Foto: privat<\/span><\/span><\/a><\/div><div class=\"rl-gallery-item\"><a href=\"https:\/\/www.friedenkoeln.de\/wp-content\/uploads\/2024\/02\/IMG_3677.jpg\" title=\"\" data-rl_title=\"\" class=\"rl-gallery-link\" data-rl_caption=\"&quot;Fee-Assange&quot;-Arbeitskreis der DFG-VK Gruppe K\u00f6ln werben beim Geisterzug am 3.2.2024 f\u00fcr Wahrheit, Meinungsfreiheit und Frieden. Foto: privat\" data-rel=\"lightbox-gallery-1\"><img loading=\"lazy\" decoding=\"async\" src=\"https:\/\/www.friedenkoeln.de\/wp-content\/uploads\/2024\/02\/IMG_3677-500x500.jpg\" width=\"500\" height=\"500\" alt=\"Verkleidete halten bei n\u00e4chtlicher Demo Schilder hoch.\" \/><span class=\"rl-gallery-caption\"><span class=\"rl-gallery-item-caption\">&quot;Fee-Assange&quot;-Arbeitskreis der DFG-VK Gruppe K\u00f6ln werben beim Geisterzug am 3.2.2024 f\u00fcr Wahrheit, Meinungsfreiheit und Frieden. Foto: privat<\/span><\/span><\/a><\/div><div class=\"rl-gallery-item\"><a href=\"https:\/\/www.friedenkoeln.de\/wp-content\/uploads\/2024\/02\/IMG_3678.jpg\" title=\"\" data-rl_title=\"\" class=\"rl-gallery-link\" data-rl_caption=\"&quot;Fee-Assange&quot;-Arbeitskreis der DFG-VK Gruppe K\u00f6ln beim Geisterzug am 3.2.2024. Foto: privat\" data-rel=\"lightbox-gallery-1\"><img loading=\"lazy\" decoding=\"async\" src=\"https:\/\/www.friedenkoeln.de\/wp-content\/uploads\/2024\/02\/IMG_3678-500x500.jpg\" width=\"500\" height=\"500\" alt=\"Ein n\u00e4chtlicher Demozug zwischen mehrst\u00f6ckigen Wohnh\u00e4usern mit vielen &quot;Julian-Assange&quot;-Schildern.\" \/><span class=\"rl-gallery-caption\"><span class=\"rl-gallery-item-caption\">&quot;Fee-Assange&quot;-Arbeitskreis der DFG-VK Gruppe K\u00f6ln beim Geisterzug am 3.2.2024. Foto: privat<\/span><\/span><\/a><\/div><div class=\"rl-gallery-item\"><a href=\"https:\/\/www.friedenkoeln.de\/wp-content\/uploads\/2024\/02\/IMG_3679.jpg\" title=\"\" data-rl_title=\"\" class=\"rl-gallery-link\" data-rl_caption=\"Arbeitskreis Free Assange der DFG-VK Gruppe K\u00f6ln beim Geisterzug 6.2.2024. Foto: privat\" data-rel=\"lightbox-gallery-1\"><img loading=\"lazy\" decoding=\"async\" src=\"https:\/\/www.friedenkoeln.de\/wp-content\/uploads\/2024\/02\/IMG_3679-500x500.jpg\" width=\"500\" height=\"500\" alt=\"Ein knappes Dutzend gut gelaunte Aktivist*innen, als Julian Assange, Joe Biden, Annalena Baerbock, Gefangene und Clowns verkleidet, zeigen ihre Schilder und Plakate.\" \/><span class=\"rl-gallery-caption\"><span class=\"rl-gallery-item-caption\">Arbeitskreis Free Assange der DFG-VK Gruppe K\u00f6ln beim Geisterzug 6.2.2024. Foto: privat<\/span><\/span><\/a><\/div> <\/div> <\/div>\n","protected":false},"excerpt":{"rendered":"<p>Unser Free-Assange-Arbeitskreis war Teil des Geisterzugs. Hier ist sein Bericht: Mer kl\u00e4vve am L\u00e4vve \u2013 Jeister f\u00f6r h\u00fcck un murje war das diesj\u00e4hrige Motto des Geisterzuges in K\u00f6ln. Und weil das Leben und die&#46;&#46;&#46;<\/p>\n","protected":false},"author":110,"featured_media":18036,"comment_status":"open","ping_status":"open","sticky":false,"template":"","format":"standard","meta":{"footnotes":""},"categories":[185,172],"tags":[155,182,165],"class_list":["post-18026","post","type-post","status-publish","format-standard","has-post-thumbnail","hentry","category-reportage","category-satire","tag-freiheit","tag-meinungsfreiheit","tag-pressefreiheit"],"_links":{"self":[{"href":"https:\/\/www.friedenkoeln.de\/index.php?rest_route=\/wp\/v2\/posts\/18026","targetHints":{"allow":["GET"]}}],"collection":[{"href":"https:\/\/www.friedenkoeln.de\/index.php?rest_route=\/wp\/v2\/posts"}],"about":[{"href":"https:\/\/www.friedenkoeln.de\/index.php?rest_route=\/wp\/v2\/types\/post"}],"author":[{"embeddable":true,"href":"https:\/\/www.friedenkoeln.de\/index.php?rest_route=\/wp\/v2\/users\/110"}],"replies":[{"embeddable":true,"href":"https:\/\/www.friedenkoeln.de\/index.php?rest_route=%2Fwp%2Fv2%2Fcomments&post=18026"}],"version-history":[{"count":7,"href":"https:\/\/www.friedenkoeln.de\/index.php?rest_route=\/wp\/v2\/posts\/18026\/revisions"}],"predecessor-version":[{"id":18046,"href":"https:\/\/www.friedenkoeln.de\/index.php?rest_route=\/wp\/v2\/posts\/18026\/revisions\/18046"}],"wp:featuredmedia":[{"embeddable":true,"href":"https:\/\/www.friedenkoeln.de\/index.php?rest_route=\/wp\/v2\/media\/18036"}],"wp:attachment":[{"href":"https:\/\/www.friedenkoeln.de\/index.php?rest_route=%2Fwp%2Fv2%2Fmedia&parent=18026"}],"wp:term":[{"taxonomy":"category","embeddable":true,"href":"https:\/\/www.friedenkoeln.de\/index.php?rest_route=%2Fwp%2Fv2%2Fcategories&post=18026"},{"taxonomy":"post_tag","embeddable":true,"href":"https:\/\/www.friedenkoeln.de\/index.php?rest_route=%2Fwp%2Fv2%2Ftags&post=18026"}],"curies":[{"name":"wp","href":"https:\/\/api.w.org\/{rel}","templated":true}]}}