{"id":18088,"date":"2024-03-01T11:55:07","date_gmt":"2024-03-01T10:55:07","guid":{"rendered":"https:\/\/www.friedenkoeln.de\/?p=18088"},"modified":"2024-03-01T12:01:42","modified_gmt":"2024-03-01T11:01:42","slug":"jahresmitgliederversammlung-der-dfg-vk-gruppe-koeln-gut-besucht-und-gut-gelaunt","status":"publish","type":"post","link":"https:\/\/www.friedenkoeln.de\/?p=18088","title":{"rendered":"Jahresmitgliederversammlung der DFG-VK Gruppe K\u00f6ln: gut besucht und gut gelaunt"},"content":{"rendered":"<p>Die gestrige Jahresmitgliederversammlung unserer Gruppe K\u00f6ln war trotz des KVB-Streiks gut besucht, und auch die stark gestiegene Kriegsgefahr schm\u00e4lerte die gute Laune nicht. Im Einladungsschreiben hatte der Sprecher*innenkreis geschrieben:<\/p>\n<blockquote><p>Ist es nicht ein grober Unfug zu behaupten, durch \u201eKriegst\u00fcchtigkeit\u201c (Boris Pistorius) k\u00f6nnten wir in Deutschland Sicherheit herstellen? Die damit gemeinte Abschreckung m\u00f6glicher Gegner bringt keine Sicherheit, wie der Ukraine-Krieg zeigt. Die milit\u00e4rische \u201eVerteidigung\u201c zerst\u00f6rt ein Land und treibt die Zivilbev\u00f6lkerung in die Flucht, wie wir in den Medienberichten aus den aktuellen Kriegsgebieten t\u00e4glich sehen k\u00f6nnen.<\/p>\n<p>Solche Methoden k\u00f6nnen uns nicht \u00fcberzeugen &#8211; wir stehen f\u00fcr die Friedensf\u00e4higkeit Deutschlands, f\u00fcr Friedensbildung, Diplomatie, Dialog und den sorgf\u00e4ltigen Umgang mit \u00f6ffentlichen Ressourcen. Die armutsf\u00f6rdernde Verschleuderung von Steuergeldern f\u00fcr irrwitzige Aufr\u00fcstungsprojekte lehnen wir ab. Ein Deutschland, vor dem andere Staaten Angst haben m\u00fcssen, gef\u00e4hrdet auch seine eigene Bev\u00f6lkerung.<\/p><\/blockquote>\n<p>Zur Begr\u00fc\u00dfung der Versammlung erkl\u00e4rte Stefanie Intveen als Vertreterin des Sprecher*innenkreises den Begriff &#8222;Dialog&#8220; mit Hilfe eines Zitats des Friedensnobelpreistr\u00e4gers (1954) Pater Dominique Pire:<\/p>\n<blockquote><p>Dialog bedeutet, \u00fcber die Grenzen der eigenen \u00dcberzeugung hinauszublicken und f\u00fcr die Dauer des Dialogs das Herz und den Geist des anderen zu teilen, ohne irgendeinen Teil des eigenen Selbst aufzugeben, um das wirklich Gute und N\u00fctzliche in den Gedanken, Gef\u00fchlen und Handlungen des anderen zu verstehen, zu beurteilen und zu sch\u00e4tzen. Man muss sich wirklich in den anderen hineinversetzen. Das erfordert, dass man sich selbst, wer wir sind und was wir denken, in eine Art Klammer setzt, um den anderen positiv zu w\u00fcrdigen, ohne unbedingt seinen Standpunkt zu teilen.*)<\/p><\/blockquote>\n<p>Der Sprecher*innenkreis dr\u00fcckte den Wunsch aus, die F\u00e4higkeit zu einem so verstandenen Dialog auch innerhalb der DFG-VK weiterhin zu pflegen und f\u00fcr die Verst\u00e4ndigung zu nutzen.<\/p>\n<p>Die Versammlung w\u00e4hlte folgende Personen:<\/p>\n<p>Sprecher*innenkreis:<\/p>\n<ul>\n<li>Angelika Roesrath (Kassiererin)<\/li>\n<li>Hans-Achim Brandt<\/li>\n<li>Julia Hecht<\/li>\n<li>Michael Roitzsch<\/li>\n<li>Michael S\u00fcnner<\/li>\n<li>Stefanie Intveen<\/li>\n<li>Timon Delawari<\/li>\n<\/ul>\n<p>Kassenpr\u00fcfung:<\/p>\n<ul>\n<li>Dirk Kluwig<\/li>\n<li>Jobst Epmeier<\/li>\n<\/ul>\n<p>Redaktion:<\/p>\n<ul>\n<li>Christoph Tophoven<\/li>\n<li>Stephan Schmitz<\/li>\n<li>Stefanie Intveen<\/li>\n<\/ul>\n<p>Au\u00dferdem wurden zehn Mitglieder als (Ersatz-)Delegierte f\u00fcr die im April stattfindende Landeskonferenz NRW der DFG-VK gew\u00e4hlt.<\/p>\n<p>Der <a href=\"https:\/\/www.friedenkoeln.de\/wp-content\/uploads\/2024\/03\/SprecherInnen-DFG-VK-Gruppe-Koeln_Jahresbericht_20240229_final.pdf\">R\u00fcckblick<\/a> auf die Aktivit\u00e4ten der Gruppe in den zehn Monaten seit der letzten Jahresmitgliederversammlung zeigte, wie stark die Mitglieder sich engagiert haben, darunter in drei eigenen Arbeitsgruppen (&#8222;Free Assange&#8220;, &#8222;Sozialer Widerstand gegen Militarisierung und Krieg&#8220; und &#8222;Kunst&#8220;). Die Gefahr, dass Deutschland in direkte milit\u00e4rische Auseinandersetzungen mit Russland rutscht und die Lage au\u00dfer Kontrolle ger\u00e4t, wird von den Mitgliedern als hoch eingesch\u00e4tzt. Die Gruppe bem\u00fcht sich dennoch &#8211; oder gerade deswegen -, mit den eigenen Ressourcen achtsam umzugehen und dauerhaft handlungsf\u00e4hig zu bleiben.<\/p>\n<p>In bew\u00e4hrter Tradition wurde nach der Versammlung bei leckeren Snacks und Getr\u00e4nken ausgiebig gefeiert.<\/p>\n<div id=\"attachment_18099\" style=\"width: 2570px\" class=\"wp-caption aligncenter\"><img loading=\"lazy\" decoding=\"async\" aria-describedby=\"caption-attachment-18099\" class=\"size-full wp-image-18099\" src=\"https:\/\/www.friedenkoeln.de\/wp-content\/uploads\/2024\/03\/DSC_0023-scaled.jpg\" alt=\"Anderthalb Dutzend Erwachsene stehen gut gelaunt mit Sektgl\u00e4sern hinter einem gedeckten Tisch.\" width=\"2560\" height=\"1707\" srcset=\"https:\/\/www.friedenkoeln.de\/wp-content\/uploads\/2024\/03\/DSC_0023-scaled.jpg 2560w, https:\/\/www.friedenkoeln.de\/wp-content\/uploads\/2024\/03\/DSC_0023-200x133.jpg 200w, https:\/\/www.friedenkoeln.de\/wp-content\/uploads\/2024\/03\/DSC_0023-768x512.jpg 768w, https:\/\/www.friedenkoeln.de\/wp-content\/uploads\/2024\/03\/DSC_0023-1536x1024.jpg 1536w, https:\/\/www.friedenkoeln.de\/wp-content\/uploads\/2024\/03\/DSC_0023-2048x1365.jpg 2048w\" sizes=\"auto, (max-width: 2560px) 100vw, 2560px\" \/><p id=\"caption-attachment-18099\" class=\"wp-caption-text\">Feier nach der Jahresmitgliederversammlung der DFG-VK Gruppe K\u00f6ln im Friedensbildungswerk, 29.2.2024. Foto: Stefanie Intveen<\/p><\/div>\n<p>&nbsp;<\/p>\n<p>*) Zitiert nach: Erzbistum K\u00f6ln: Wege zum Frieden. Jahresbericht der Di\u00f6zesanstelle Weltkirche-Weltmission 2022, S. 5<\/p>\n","protected":false},"excerpt":{"rendered":"<p>Die gestrige Jahresmitgliederversammlung unserer Gruppe K\u00f6ln war trotz des KVB-Streiks gut besucht, und auch die stark gestiegene Kriegsgefahr schm\u00e4lerte die gute Laune nicht. Im Einladungsschreiben hatte der Sprecher*innenkreis geschrieben: Ist es nicht ein grober&#46;&#46;&#46;<\/p>\n","protected":false},"author":110,"featured_media":18099,"comment_status":"open","ping_status":"open","sticky":false,"template":"","format":"standard","meta":{"footnotes":""},"categories":[102],"tags":[],"class_list":["post-18088","post","type-post","status-publish","format-standard","has-post-thumbnail","hentry","category-in-eigener-sache"],"_links":{"self":[{"href":"https:\/\/www.friedenkoeln.de\/index.php?rest_route=\/wp\/v2\/posts\/18088","targetHints":{"allow":["GET"]}}],"collection":[{"href":"https:\/\/www.friedenkoeln.de\/index.php?rest_route=\/wp\/v2\/posts"}],"about":[{"href":"https:\/\/www.friedenkoeln.de\/index.php?rest_route=\/wp\/v2\/types\/post"}],"author":[{"embeddable":true,"href":"https:\/\/www.friedenkoeln.de\/index.php?rest_route=\/wp\/v2\/users\/110"}],"replies":[{"embeddable":true,"href":"https:\/\/www.friedenkoeln.de\/index.php?rest_route=%2Fwp%2Fv2%2Fcomments&post=18088"}],"version-history":[{"count":13,"href":"https:\/\/www.friedenkoeln.de\/index.php?rest_route=\/wp\/v2\/posts\/18088\/revisions"}],"predecessor-version":[{"id":18105,"href":"https:\/\/www.friedenkoeln.de\/index.php?rest_route=\/wp\/v2\/posts\/18088\/revisions\/18105"}],"wp:featuredmedia":[{"embeddable":true,"href":"https:\/\/www.friedenkoeln.de\/index.php?rest_route=\/wp\/v2\/media\/18099"}],"wp:attachment":[{"href":"https:\/\/www.friedenkoeln.de\/index.php?rest_route=%2Fwp%2Fv2%2Fmedia&parent=18088"}],"wp:term":[{"taxonomy":"category","embeddable":true,"href":"https:\/\/www.friedenkoeln.de\/index.php?rest_route=%2Fwp%2Fv2%2Fcategories&post=18088"},{"taxonomy":"post_tag","embeddable":true,"href":"https:\/\/www.friedenkoeln.de\/index.php?rest_route=%2Fwp%2Fv2%2Ftags&post=18088"}],"curies":[{"name":"wp","href":"https:\/\/api.w.org\/{rel}","templated":true}]}}