{"id":18106,"date":"2024-03-03T07:00:56","date_gmt":"2024-03-03T06:00:56","guid":{"rendered":"https:\/\/www.friedenkoeln.de\/?p=18106"},"modified":"2024-03-04T09:15:45","modified_gmt":"2024-03-04T08:15:45","slug":"bitte-notieren-vorverlegung-der-naechsten-gruppentreffen","status":"publish","type":"post","link":"https:\/\/www.friedenkoeln.de\/?p=18106","title":{"rendered":"Bitte notieren: Vorverlegung der n\u00e4chsten Gruppentreffen"},"content":{"rendered":"<p>Wir bitten um Beachtung: das n\u00e4chste offene Gruppentreffen findet schon am Donnerstag, den 21.3.2024 statt. Au\u00dferdem beginnen wir bereits um 19 Uhr.<\/p>\n<p>Auch die weiteren Gruppentreffen im ersten Halbjahr 2024 werden um 19 Uhr beginnen, wie die Jahresmitgliederversammlung beschlossen hat.<\/p>\n<p>Wie immer freuen wir uns \u00fcber G\u00e4ste. Nichtmitglieder melden sich bitte bei kontakt@friedenkoeln.de an. Vielen Dank daf\u00fcr!<\/p>\n<div id=\"attachment_18109\" style=\"width: 1290px\" class=\"wp-caption aligncenter\"><img loading=\"lazy\" decoding=\"async\" aria-describedby=\"caption-attachment-18109\" class=\"size-full wp-image-18109\" src=\"https:\/\/www.friedenkoeln.de\/wp-content\/uploads\/2024\/03\/organizer-791939_1280.jpg\" alt=\"Ein offener Zeitplaner liegt auf einem Tisch mit pinkem Blumenstrau\u00df im Hintergrund.\" width=\"1280\" height=\"853\" srcset=\"https:\/\/www.friedenkoeln.de\/wp-content\/uploads\/2024\/03\/organizer-791939_1280.jpg 1280w, https:\/\/www.friedenkoeln.de\/wp-content\/uploads\/2024\/03\/organizer-791939_1280-200x133.jpg 200w, https:\/\/www.friedenkoeln.de\/wp-content\/uploads\/2024\/03\/organizer-791939_1280-768x512.jpg 768w\" sizes=\"auto, (max-width: 1280px) 100vw, 1280px\" \/><p id=\"caption-attachment-18109\" class=\"wp-caption-text\">Foto: kaboompics \u00fcber pixabay<\/p><\/div>\n","protected":false},"excerpt":{"rendered":"<p>Wir bitten um Beachtung: das n\u00e4chste offene Gruppentreffen findet schon am Donnerstag, den 21.3.2024 statt. Au\u00dferdem beginnen wir bereits um 19 Uhr. Auch die weiteren Gruppentreffen im ersten Halbjahr 2024 werden um 19 Uhr&#46;&#46;&#46;<\/p>\n","protected":false},"author":110,"featured_media":18109,"comment_status":"open","ping_status":"open","sticky":false,"template":"","format":"standard","meta":{"footnotes":""},"categories":[102],"tags":[],"class_list":["post-18106","post","type-post","status-publish","format-standard","has-post-thumbnail","hentry","category-in-eigener-sache"],"_links":{"self":[{"href":"https:\/\/www.friedenkoeln.de\/index.php?rest_route=\/wp\/v2\/posts\/18106","targetHints":{"allow":["GET"]}}],"collection":[{"href":"https:\/\/www.friedenkoeln.de\/index.php?rest_route=\/wp\/v2\/posts"}],"about":[{"href":"https:\/\/www.friedenkoeln.de\/index.php?rest_route=\/wp\/v2\/types\/post"}],"author":[{"embeddable":true,"href":"https:\/\/www.friedenkoeln.de\/index.php?rest_route=\/wp\/v2\/users\/110"}],"replies":[{"embeddable":true,"href":"https:\/\/www.friedenkoeln.de\/index.php?rest_route=%2Fwp%2Fv2%2Fcomments&post=18106"}],"version-history":[{"count":3,"href":"https:\/\/www.friedenkoeln.de\/index.php?rest_route=\/wp\/v2\/posts\/18106\/revisions"}],"predecessor-version":[{"id":18110,"href":"https:\/\/www.friedenkoeln.de\/index.php?rest_route=\/wp\/v2\/posts\/18106\/revisions\/18110"}],"wp:featuredmedia":[{"embeddable":true,"href":"https:\/\/www.friedenkoeln.de\/index.php?rest_route=\/wp\/v2\/media\/18109"}],"wp:attachment":[{"href":"https:\/\/www.friedenkoeln.de\/index.php?rest_route=%2Fwp%2Fv2%2Fmedia&parent=18106"}],"wp:term":[{"taxonomy":"category","embeddable":true,"href":"https:\/\/www.friedenkoeln.de\/index.php?rest_route=%2Fwp%2Fv2%2Fcategories&post=18106"},{"taxonomy":"post_tag","embeddable":true,"href":"https:\/\/www.friedenkoeln.de\/index.php?rest_route=%2Fwp%2Fv2%2Ftags&post=18106"}],"curies":[{"name":"wp","href":"https:\/\/api.w.org\/{rel}","templated":true}]}}