{"id":18123,"date":"2024-03-05T08:05:57","date_gmt":"2024-03-05T07:05:57","guid":{"rendered":"https:\/\/www.friedenkoeln.de\/?p=18123"},"modified":"2024-03-05T08:05:57","modified_gmt":"2024-03-05T07:05:57","slug":"nachtrag-atomwaffengegnerinnen-auf-der-anklagebank","status":"publish","type":"post","link":"https:\/\/www.friedenkoeln.de\/?p=18123","title":{"rendered":"Nachtrag: Atomwaffengegner*innen auf der Anklagebank"},"content":{"rendered":"<p><em>Cochem\/Eifel<\/em> Am 4. M\u00e4rz 2024 stehen wieder zwei deutsche Atomwaffengegner*innen vor dem Amtsgericht Cochem. Miriam Kr\u00e4mer, 58, aus Ahlen und Gerd B\u00fcntzly, 74, aus Herford verteidigen sich dort gegen den Vorwurf eines \u201eHausfriedensbruchs\u201c im Atomwaffenstandort B\u00fcchel, wo etwa 20 US-amerikanische Atombomben f\u00fcr einen Einsatz durch deutsche Soldaten im Rahmen der sogenannten Nuklearen Teilhabe lagern. Dies verst\u00f6\u00dft gegen den auch von Deutschland ratifizierten Atomwaffensperrvertrag.<\/p>\n<p>Ihren Zivilen Ungehorsam &#8211; unerlaubtes Betreten des Milit\u00e4rgel\u00e4ndes \u2013 sehen die Aktivist*innen aufgrund der von hier ausgehenden Gefahr eines Atomwaffeneinsatzes nicht nur als gerechtfertigt, sondern notwendig an. Daher beteiligten sie sich am 8.5.23 an einem Go-In von insgesamt sieben Atomgegner*innen auf den Fliegerhorst B\u00fcchel, wo man sich derzeit auf die \u201eModernisierung\u201c der Atombomben vorbereitet. Diese sollen durch neue B61-12 ersetzt werden, die in ihrer Sprengkraft variabel und zielgenauer sein sollen \u2013 ausdr\u00fccklich, um sie \u201ebesser einsetzbar\u201c zu machen. Die in die Jahre gekommenen \u201eTornado\u201c-Flugzeuge (derzeit \u00fcben sie den Atomkrieg in N\u00f6rvenich) sollen jetzt gegen US-amerikanische Tarnkappenbomber F-35 als Atomwaffentr\u00e4ger ausgetauscht werden.<\/p>\n<p>Gerade in Zeiten atomarer Drohungen aus Moskau, denen allerdings auch die US-amerikanische Doktrin eines m\u00f6glichen Ersteinsatzes dieser Massenvernichtungswaffen gegen\u00fcbersteht, sehen Friedensbewegte wie Kr\u00e4mer und B\u00fcntzly eine akute Gef\u00e4hrdung f\u00fcr die Menschen sowie der Umwelt weit \u00fcber Deutschland hinaus. Die k\u00fcrzlich losgetretene Debatte \u00fcber EU-eigene oder gar deutsche Atomwaffen best\u00e4rkt ihre Besorgnis.<\/p>\n<p>Zitat von Miriam Kr\u00e4mer:<\/p>\n<blockquote><p>Gerade jetzt, wo manche Politiker*innen eigene Atomwaffen fordern, halte ich einen<br \/>\nHinweis auf diesen V\u00f6lkerrechtsbruch f\u00fcr wichtig. Es ist unsinnig, dass auf<br \/>\n&#8222;Hausfriedensbruch&#8220; auf einem Gel\u00e4nde verklagt wird, dessen Tor offenstand. Wir haben<br \/>\ndas Gel\u00e4nde gewaltfrei f\u00fcr eine Mahnwache am 8. Mai, dem Jahrestag des Endes des<br \/>\nZweiten Weltkriegs betreten. Dort besteht kein &#8222;Hausfrieden&#8220;, der daher durch unsere<br \/>\nProtestform auch nicht gebrochen werden konnte.<\/p><\/blockquote>\n<div id=\"attachment_12429\" style=\"width: 4042px\" class=\"wp-caption aligncenter\"><img loading=\"lazy\" decoding=\"async\" aria-describedby=\"caption-attachment-12429\" class=\"size-full wp-image-12429\" src=\"https:\/\/www.friedenkoeln.de\/wp-content\/uploads\/2018\/06\/IMG_1333-2.jpg\" alt=\"\" width=\"4032\" height=\"3024\" srcset=\"https:\/\/www.friedenkoeln.de\/wp-content\/uploads\/2018\/06\/IMG_1333-2.jpg 4032w, https:\/\/www.friedenkoeln.de\/wp-content\/uploads\/2018\/06\/IMG_1333-2-768x576.jpg 768w, https:\/\/www.friedenkoeln.de\/wp-content\/uploads\/2018\/06\/IMG_1333-2-1024x768.jpg 1024w\" sizes=\"auto, (max-width: 4032px) 100vw, 4032px\" \/><p id=\"caption-attachment-12429\" class=\"wp-caption-text\">Wegweiser der Stadt K\u00f6ln zum Atomwaffenverbot vor dem Amtsgericht Cochem am 3. Juni 2018. Foto: Stefanie Intveen<\/p><\/div>\n<hr \/>\n<p><em>Wie bei vorangegangenen Prozessen im Zusammenhang mit dem Kampf gegen die stillschweigende Vorbereitung oder Inkaufnahme eines nuklearen Massenmords mit Hilfe der Bundeswehr unterst\u00fctzte wieder eine kleine Delegation aus K\u00f6ln die beiden zivil Ungehorsamen mit einer Mahnwache vor dem Gericht und der Beoabachtung des Verfahrens.<\/em><\/p>\n<p>&nbsp;<\/p>\n","protected":false},"excerpt":{"rendered":"<p>Cochem\/Eifel Am 4. M\u00e4rz 2024 stehen wieder zwei deutsche Atomwaffengegner*innen vor dem Amtsgericht Cochem. Miriam Kr\u00e4mer, 58, aus Ahlen und Gerd B\u00fcntzly, 74, aus Herford verteidigen sich dort gegen den Vorwurf eines \u201eHausfriedensbruchs\u201c im&#46;&#46;&#46;<\/p>\n","protected":false},"author":110,"featured_media":12429,"comment_status":"open","ping_status":"open","sticky":false,"template":"","format":"standard","meta":{"footnotes":""},"categories":[87],"tags":[33,99,91],"class_list":["post-18123","post","type-post","status-publish","format-standard","has-post-thumbnail","hentry","category-pressemitteilung","tag-atomwaffen","tag-menschenrechte","tag-voelkerrecht"],"_links":{"self":[{"href":"https:\/\/www.friedenkoeln.de\/index.php?rest_route=\/wp\/v2\/posts\/18123","targetHints":{"allow":["GET"]}}],"collection":[{"href":"https:\/\/www.friedenkoeln.de\/index.php?rest_route=\/wp\/v2\/posts"}],"about":[{"href":"https:\/\/www.friedenkoeln.de\/index.php?rest_route=\/wp\/v2\/types\/post"}],"author":[{"embeddable":true,"href":"https:\/\/www.friedenkoeln.de\/index.php?rest_route=\/wp\/v2\/users\/110"}],"replies":[{"embeddable":true,"href":"https:\/\/www.friedenkoeln.de\/index.php?rest_route=%2Fwp%2Fv2%2Fcomments&post=18123"}],"version-history":[{"count":2,"href":"https:\/\/www.friedenkoeln.de\/index.php?rest_route=\/wp\/v2\/posts\/18123\/revisions"}],"predecessor-version":[{"id":18125,"href":"https:\/\/www.friedenkoeln.de\/index.php?rest_route=\/wp\/v2\/posts\/18123\/revisions\/18125"}],"wp:featuredmedia":[{"embeddable":true,"href":"https:\/\/www.friedenkoeln.de\/index.php?rest_route=\/wp\/v2\/media\/12429"}],"wp:attachment":[{"href":"https:\/\/www.friedenkoeln.de\/index.php?rest_route=%2Fwp%2Fv2%2Fmedia&parent=18123"}],"wp:term":[{"taxonomy":"category","embeddable":true,"href":"https:\/\/www.friedenkoeln.de\/index.php?rest_route=%2Fwp%2Fv2%2Fcategories&post=18123"},{"taxonomy":"post_tag","embeddable":true,"href":"https:\/\/www.friedenkoeln.de\/index.php?rest_route=%2Fwp%2Fv2%2Ftags&post=18123"}],"curies":[{"name":"wp","href":"https:\/\/api.w.org\/{rel}","templated":true}]}}