{"id":18131,"date":"2024-03-08T07:00:47","date_gmt":"2024-03-08T06:00:47","guid":{"rendered":"https:\/\/www.friedenkoeln.de\/?p=18131"},"modified":"2024-03-06T09:44:49","modified_gmt":"2024-03-06T08:44:49","slug":"mitmachen-a-deux-adieu-atomwaffen-oeffentliches-solidaritaetsfasten-bis-zum-abzug-aller-atomwaffen-aus-deutschland-2024","status":"publish","type":"post","link":"https:\/\/www.friedenkoeln.de\/?p=18131","title":{"rendered":"Mitmachen: \u00c0 deux adieu Atomwaffen &#8211; \u00d6ffentliches Solidarit\u00e4tsfasten bis zum Abzug aller Atomwaffen aus Deutschland 2024"},"content":{"rendered":"<p>An jedem 8. und 9. eines Monats seit Februar 2024 halten Reinhard Bergholz und Matthias-W. Engelke ein Solidarit\u00e4tsfasten bis zum Abzug aller Atomwaffen aus Deutschland, und zus\u00e4tzlich vom 5. bis 9. August. Das sind 18 Tage. Jedes Jahr einen Tag mehr. Bis Deutschland dem Atomwaffenverbotsvertrag beigetreten ist und die Atomwaffen der Vereinigten Staaten von Amerika aus Deutschland abgezogen sind.<\/p>\n<p>Ein Fasten aus Solidarit\u00e4t mit allen Menschen, denen das wichtigste zum Leben fehlt, w\u00e4hrend der Norden des Globus sehenden Auges die Klimakatastrophe betreibt und Geld in Krieg und Atomwaffen steckt, die den Bed\u00fcrftigsten fehlen.<\/p>\n<p>F\u00fcr alle Opfer der Atomkette, die vom Uranbergbau bis zu den Atomwaffen eine Spur von verseuchten und vergifteten Menschen, Tieren und Landschaften hinter sich herzieht und \u00fcber Leichen geht.<\/p>\n<p>Aus Solidarit\u00e4t mit allen Opfern der Kriege in der Ukraine, im Gaza, weltweit.<\/p>\n<p>F\u00fcr die get\u00f6teten russischen, ukrainischen, israelischen und pal\u00e4stinensischen Menschen.<\/p>\n<p>Wir fasten:<\/p>\n<p>FEBRUAR<br \/>\n8.\/9. Februar ein stillen Fasten.<br \/>\nAbschluss ist die Mahnwache\/Schweigezeit an St. Aposteln, K\u00f6ln<br \/>\n9. Februar 17-18 Uhr<\/p>\n<p>M\u00c4RZ<br \/>\n8. M\u00e4rz Friedensandacht auf der Friedenswiese am Atomwaffenlager B\u00fcchel, 16.00 Uhr<br \/>\n9. M\u00e4rz ab 15.30 Uhr neben der Antoniterkirche\/Schildergasse, K\u00f6ln<br \/>\nzum Abschluss mit der Mahnwache\/Schweigezeit von 17-18 Uhr<br \/>\n10. M\u00e4rz, 15-17 Uhr<br \/>\naus Solidarit\u00e4t mit dem Beginn des Ramadans<br \/>\nin K\u00f6ln-Ehrenfeld, gegen\u00fcber der Moschee, Venloer-Str. 177<\/p>\n<p>APRIL<br \/>\n8. April von 11-16 Uhr<br \/>\nam Chlodwigplatz\/K\u00f6ln<br \/>\n9. April ab 15.00 Uhr neben der Antoniterkirche\/Schildergasse, K\u00f6ln<br \/>\nzum Abschluss mit der Mahnwache\/Schweigezeit von 17-18 Uhr<\/p>\n<p>MAI<br \/>\n8.\/9. Mai ein stillen Fasten.<\/p>\n<p>JUNI<br \/>\n8. Juni ein stilles Fasten.<br \/>\n9. Juni ab 11.50 Uhr neben der Antoniterkirche\/Schildergasse, K\u00f6ln<br \/>\nzum Abschluss mit der Mahnwache\/Schweigezeit von 17-18 Uhr<\/p>\n<p>JULI<br \/>\n8. Juli ab 11 Uhr am Chlodwigplatz, K\u00f6ln<br \/>\n17 Uhr Veranstaltung mit Mayors for Peace, Chlodwigplatz, K\u00f6ln<br \/>\n9. Juli voraussichtlich in Gau-Algesheim<\/p>\n<p>AUGUST<br \/>\n5.-7. August ein stilles Fasten.<br \/>\n8. August am Atomwaffenlager B\u00fcchel<br \/>\nDauergebet von 11-23 Uhr.<br \/>\n9. August von 10-18 Uhr<br \/>\nGedenken zum Nagasaki-Tag um 11.02 Uhr<br \/>\nund Friedensandacht um 17 Uhr auf der Friedenswiese<br \/>\nmit anschlie\u00dfendem Fastenbrechen.<\/p>\n<hr \/>\n<p><em>N\u00e4here Informationen f\u00fcr alle, die mitmachen oder anderweitig die Fastenkampagne gegen Atomwaffen unterst\u00fctzen m\u00f6chten, finden sich auf der <a href=\"http:\/\/fastenkampagne.blogspot.com\/\">Website<\/a> der Kampagne, die schon seit 2015 l\u00e4uft. Matthias-W. Engelke ist evangelischer Friedenstheologe und wohnt in K\u00f6ln.<\/em><\/p>\n<div id=\"attachment_15219\" style=\"width: 1717px\" class=\"wp-caption aligncenter\"><img loading=\"lazy\" decoding=\"async\" aria-describedby=\"caption-attachment-15219\" class=\"size-full wp-image-15219\" src=\"https:\/\/www.friedenkoeln.de\/wp-content\/uploads\/2020\/07\/DSC_0283-scaled.jpg\" alt=\"Ein mittelalter Mann mit hellem Trenchcoat und schwarzer M\u00fctze spricht in ein Mikro. Im Hintergrund ist ein Banner mit &quot;atomwaffenfrei Jetzt!&quot; zu erkennen.\" width=\"1707\" height=\"2560\" srcset=\"https:\/\/www.friedenkoeln.de\/wp-content\/uploads\/2020\/07\/DSC_0283-scaled.jpg 1707w, https:\/\/www.friedenkoeln.de\/wp-content\/uploads\/2020\/07\/DSC_0283-2000x3000.jpg 2000w, https:\/\/www.friedenkoeln.de\/wp-content\/uploads\/2020\/07\/DSC_0283-100x150.jpg 100w, https:\/\/www.friedenkoeln.de\/wp-content\/uploads\/2020\/07\/DSC_0283-1024x1536.jpg 1024w, https:\/\/www.friedenkoeln.de\/wp-content\/uploads\/2020\/07\/DSC_0283-1365x2048.jpg 1365w\" sizes=\"auto, (max-width: 1707px) 100vw, 1707px\" \/><p id=\"caption-attachment-15219\" class=\"wp-caption-text\">Pfr. Dr. Matthias Engelke am 8.7.2020 vor dem Rathaus in K\u00f6ln. Foto: Stefanie Intveen<\/p><\/div>\n","protected":false},"excerpt":{"rendered":"<p>An jedem 8. und 9. eines Monats seit Februar 2024 halten Reinhard Bergholz und Matthias-W. Engelke ein Solidarit\u00e4tsfasten bis zum Abzug aller Atomwaffen aus Deutschland, und zus\u00e4tzlich vom 5. bis 9. August. Das sind&#46;&#46;&#46;<\/p>\n","protected":false},"author":110,"featured_media":15219,"comment_status":"open","ping_status":"open","sticky":false,"template":"","format":"standard","meta":{"footnotes":""},"categories":[2,104,116],"tags":[33,170],"class_list":["post-18131","post","type-post","status-publish","format-standard","has-post-thumbnail","hentry","category-aktionen","category-ankuendigung","category-aufruf","tag-atomwaffen","tag-gewaltfreiheit"],"_links":{"self":[{"href":"https:\/\/www.friedenkoeln.de\/index.php?rest_route=\/wp\/v2\/posts\/18131","targetHints":{"allow":["GET"]}}],"collection":[{"href":"https:\/\/www.friedenkoeln.de\/index.php?rest_route=\/wp\/v2\/posts"}],"about":[{"href":"https:\/\/www.friedenkoeln.de\/index.php?rest_route=\/wp\/v2\/types\/post"}],"author":[{"embeddable":true,"href":"https:\/\/www.friedenkoeln.de\/index.php?rest_route=\/wp\/v2\/users\/110"}],"replies":[{"embeddable":true,"href":"https:\/\/www.friedenkoeln.de\/index.php?rest_route=%2Fwp%2Fv2%2Fcomments&post=18131"}],"version-history":[{"count":2,"href":"https:\/\/www.friedenkoeln.de\/index.php?rest_route=\/wp\/v2\/posts\/18131\/revisions"}],"predecessor-version":[{"id":18133,"href":"https:\/\/www.friedenkoeln.de\/index.php?rest_route=\/wp\/v2\/posts\/18131\/revisions\/18133"}],"wp:featuredmedia":[{"embeddable":true,"href":"https:\/\/www.friedenkoeln.de\/index.php?rest_route=\/wp\/v2\/media\/15219"}],"wp:attachment":[{"href":"https:\/\/www.friedenkoeln.de\/index.php?rest_route=%2Fwp%2Fv2%2Fmedia&parent=18131"}],"wp:term":[{"taxonomy":"category","embeddable":true,"href":"https:\/\/www.friedenkoeln.de\/index.php?rest_route=%2Fwp%2Fv2%2Fcategories&post=18131"},{"taxonomy":"post_tag","embeddable":true,"href":"https:\/\/www.friedenkoeln.de\/index.php?rest_route=%2Fwp%2Fv2%2Ftags&post=18131"}],"curies":[{"name":"wp","href":"https:\/\/api.w.org\/{rel}","templated":true}]}}