{"id":18134,"date":"2024-03-07T07:00:25","date_gmt":"2024-03-07T06:00:25","guid":{"rendered":"https:\/\/www.friedenkoeln.de\/?p=18134"},"modified":"2024-03-22T17:05:26","modified_gmt":"2024-03-22T16:05:26","slug":"koelner-ostermarsch-die-kriege-beenden-aufruestung-stoppen-friedensfaehigkeit-statt-kriegstuechtigkeit","status":"publish","type":"post","link":"https:\/\/www.friedenkoeln.de\/?p=18134","title":{"rendered":"K\u00f6lner Ostermarsch: Die Kriege beenden \u2013 Aufr\u00fcstung stoppen \u2013 Friedensf\u00e4higkeit statt Kriegst\u00fcchtigkeit!"},"content":{"rendered":"<p>Wir laden ein zu Ostermarsch 2024:<\/p>\n<p style=\"text-align: center;\"><strong>Sa., 30. M\u00e4rz 2024 um 11:55 am Roncalliplatz<\/strong><\/p>\n<p style=\"text-align: center;\">Mit:<\/p>\n<p style=\"text-align: center;\"><strong>Katrin Vogler, MdB f\u00fcr die Linke<\/strong><br \/>\n<strong>Peter B\u00fcrger, kath. Theologe<\/strong><br \/>\n<strong>Pal\u00e4stinensische Gemeinde K\u00f6ln<\/strong><br \/>\n<strong>Jugendb\u00fcndnis gegen Krieg<\/strong><br \/>\nweiteren Rednerinnen und Rednern<br \/>\nUnd Musik von<strong> Evergreen Terrace \u2013 Cover Cologne! <\/strong><\/p>\n<p><img loading=\"lazy\" decoding=\"async\" class=\"size-full wp-image-18136 aligncenter\" src=\"https:\/\/www.friedenkoeln.de\/wp-content\/uploads\/2024\/03\/Ostermarsch_2024_A3_DRUCK.jpg\" alt=\"\" width=\"1695\" height=\"2392\" srcset=\"https:\/\/www.friedenkoeln.de\/wp-content\/uploads\/2024\/03\/Ostermarsch_2024_A3_DRUCK.jpg 1695w, https:\/\/www.friedenkoeln.de\/wp-content\/uploads\/2024\/03\/Ostermarsch_2024_A3_DRUCK-142x200.jpg 142w, https:\/\/www.friedenkoeln.de\/wp-content\/uploads\/2024\/03\/Ostermarsch_2024_A3_DRUCK-768x1084.jpg 768w, https:\/\/www.friedenkoeln.de\/wp-content\/uploads\/2024\/03\/Ostermarsch_2024_A3_DRUCK-1088x1536.jpg 1088w, https:\/\/www.friedenkoeln.de\/wp-content\/uploads\/2024\/03\/Ostermarsch_2024_A3_DRUCK-1451x2048.jpg 1451w\" sizes=\"auto, (max-width: 1695px) 100vw, 1695px\" \/><\/p>\n<p>Aufruf zum Ostermarsch Rhein Ruhr 2024:<\/p>\n<p style=\"text-align: center;\"><strong>Gegen die atomare Bedrohung gemeinsam vorgehen!<\/strong><br \/>\n<strong>Die Kriege beenden, die Aufr\u00fcstung stoppen!<\/strong><br \/>\n<strong>Friedensf\u00e4higkeit statt Kriegst\u00fcchtigkeit!<\/strong><\/p>\n<p>Das T\u00f6ten in der Ukraine, in Nahost und in den vielen weiteren Konfliktherden der Welt muss enden! Diplomatie statt Waffengewalt! Ungeteilte Solidarit\u00e4t mit den Fl\u00fcchtenden aus Krieg, Armut und Not! Entwicklungszusammenarbeit und Umweltschutz statt Waffenexport! Wir laden alle Menschen ein, vom 30. M\u00e4rz bis 01. April 2024 an Rhein und Ruhr f\u00fcr den Frieden zu demonstrieren!<\/p>\n<p>Die Welt befindet sich in existenzieller Gefahr: Die \u00f6kologische Katastrophe bedroht unsere Lebensgrundlagen, die weltweiten Spannungen, Konflikte und Waffeng\u00e4nge sowie die Atom- und Hochr\u00fcstung steigern die Gefahr eines gro\u00dfen Krieges.<\/p>\n<p>Die weltweiten Kriege bringen zahllosen Menschen Tod und Leid.<\/p>\n<p>Unabh\u00e4ngig von Vorgeschichte und Hintergrund der zahlreichen weltweiten Kriege und bewaffneten Konflikte wie in der Ukraine und in Israel und Pal\u00e4stina fordern wir den Stopp aller Waffenlieferungen und setzen uns f\u00fcr die Einstellung aller Kriegshandlungen zugunsten diplomatischer L\u00f6sungen ein.<\/p>\n<p>Die alte unipolare, von den USA dominierte Weltordnung geht dem Ende entgegen und eine neue Weltordnung ist im Entstehen. Dabei steigen Spannungen zwischen rivalisierenden Bl\u00f6cken von USA, NATO und EU, China sowie Russland. Die USA und ihre Verb\u00fcndeten versuchen, ihren Machtverlust mit allen Mitteln aufzuhalten. Dies wird begleitet durch einen neuen R\u00fcstungswettlauf, der die R\u00fcstungsausgaben in bisher unerreichte H\u00f6hen schraubt. Vorreiter ist hier die NATO mit mehr als 50% der Weltr\u00fcstungsausgaben. In Deutschland steht die Stationierung neuartiger Atomwaffen im Rahmen der Nuklearen Teilhabe bevor. Die Stationierung von US-Hyperschallwaffen soll 2025 erfolgen. Dies steigert die Kriegsgefahr in Europa durch die dann wegfallende Vorwarnzeit. Dieser Krieg w\u00fcrde bei uns stattfinden. Diese Stationierung muss verhindert werden.<\/p>\n<p>Nach der \u201eZeitenwende\u201c von Kanzler Scholz versucht Verteidigungsminister Pistorius mit seiner Forderung nach Kriegst\u00fcchtigkeit Deutschlands die Mobilisierung der Bev\u00f6lkerung sowie Militarisierung und Aufr\u00fcstung voranzutreiben. Diese Politik im Interesse westlicher Vorherrschaft steigert die Profite der R\u00fcstungsindustrie gigantisch. Dieser Aufr\u00fcstungskurs bedroht die Finanzierung der sozialen Sicherung, der Bildung und Ma\u00dfnahmen gegen den bedrohlichen Klimawandel. Dem stellen wir uns entschieden entgegen!<\/p>\n<p>Krieg, Verw\u00fcstung, Hunger und Not treiben Millionen Verzweifelte in die Flucht. Sie brauchen einen sicheren Zufluchtsort, auch in Deutschland und anderen L\u00e4ndern der EU. Daf\u00fcr setzen wir uns ein.<\/p>\n<p>Der Ostermarsch steht zu der entscheidenden Lehre aus der NS-Zeit: Nie wieder Krieg! Nie wieder Faschismus! Rechte Ideologien f\u00f6rdern Feindbilder, Konfrontation und Krieg, im Inneren sch\u00fcren sie Hass und Gewalt. Deshalb stellen wir uns den menschenfeindlichen Umtrieben der AfD, der NPD\/Heimat und der RECHTEN, von Identit\u00e4ren, Reichsb\u00fcrgern, \u201eNRW erwacht\u201c und anderen extrem rechten Ideologen entgegen!<\/p>\n<p>Mit dem Ostermarsch Rhein-Ruhr fordern wir von der Bundesregierung:<\/p>\n<ul>\n<li>Die R\u00fcckkehr der Diplomatie statt der Illusion milit\u00e4rischer L\u00f6sungsversuche!<\/li>\n<li>Keine Waffenexporte! Sie befeuern Kriege weltweit und sch\u00e4digen das Klima!<\/li>\n<li>R\u00fccknahme des 2%-Ziels der NATO: Abr\u00fcstung und daf\u00fcr Ausbau sozialer Sicherungssysteme, der \u00d6kologie\/des Klimaschutzes und des Bildungssystems zur Zukunftssicherung!<\/li>\n<li>St\u00e4rkung des V\u00f6lkerrechts in einer europ\u00e4ischen Friedensordnung gegenseitiger Sicherheit gem\u00e4\u00df dem Vertrag zur deutschen Einheit!<\/li>\n<li>Beendigung des Wirtschaftskrieges, friedliche Koexistenz mit Russland und China!<\/li>\n<li>F\u00fcr einen sofortigen und dauerhaften Waffenstillstand im Nahen Osten und eine L\u00f6sung des Israel-Pal\u00e4stina-Konflikts im Rahmen der Resolutionen der UNO!<\/li>\n<li>Unterst\u00fctzung und Asyl f\u00fcr Kriegsdienstverweigerer und Deserteure aus Russland und der Ukraine!<\/li>\n<li>Keine Gro\u00df- und Nuklear-Man\u00f6ver wie Quadriga, Steadfast Defender und Steadfast Noon!<\/li>\n<li>Keine atomare Aufr\u00fcstung, keine Nukleartransporte, sofortige Stilllegung der<br \/>\nUrananreicherungsanlage Gronau!<\/li>\n<li>Beitritt Deutschlands zum Atomwaffenverbotsvertrag!<\/li>\n<li>Keine Wehr- und allgemeine Dienstpflicht! F\u00fcr das Recht auf Kriegsdienstverweigerung!<\/li>\n<li>Keine Bundeswehr-Werbung bei Minderj\u00e4hrigen, weder in der \u00d6ffentlichkeit noch in Schulen.<\/li>\n<li>Bildung und Wissenschaft f\u00fcr den Frieden statt R\u00fcstungsforschung, Zivilklauseln an den Hochschulen!<\/li>\n<li>F\u00f6rderung aller Ma\u00dfnahmen f\u00fcr gewaltfreie Konfliktl\u00f6sungen!<\/li>\n<li>Stopp der Kriegsrhetorik und der Diffamierung des Engagements f\u00fcr Frieden! Keine Militarisierung der \u00d6ffentlichkeit, keine St\u00e4rkung rechter Gedanken von milit\u00e4rischer St\u00e4rke Deutschlands!<\/li>\n<li>Keine Konferenzen des milit\u00e4risch-industriellen Komplexes, keine Kriegsplanung!<\/li>\n<\/ul>\n<p>Beteiligt Euch an den Demonstrationen an Ostern f\u00fcr den Frieden, die Umwelt und soziale Sicherung!<\/p>\n<p>Wir laden ein zum Ostermarsch!<\/p>\n","protected":false},"excerpt":{"rendered":"<p>Wir laden ein zu Ostermarsch 2024: Sa., 30. M\u00e4rz 2024 um 11:55 am Roncalliplatz Mit: Katrin Vogler, MdB f\u00fcr die Linke Peter B\u00fcrger, kath. Theologe Pal\u00e4stinensische Gemeinde K\u00f6ln Jugendb\u00fcndnis gegen Krieg weiteren Rednerinnen und&#46;&#46;&#46;<\/p>\n","protected":false},"author":110,"featured_media":18136,"comment_status":"open","ping_status":"open","sticky":false,"template":"","format":"standard","meta":{"footnotes":""},"categories":[116],"tags":[],"class_list":["post-18134","post","type-post","status-publish","format-standard","has-post-thumbnail","hentry","category-aufruf"],"_links":{"self":[{"href":"https:\/\/www.friedenkoeln.de\/index.php?rest_route=\/wp\/v2\/posts\/18134","targetHints":{"allow":["GET"]}}],"collection":[{"href":"https:\/\/www.friedenkoeln.de\/index.php?rest_route=\/wp\/v2\/posts"}],"about":[{"href":"https:\/\/www.friedenkoeln.de\/index.php?rest_route=\/wp\/v2\/types\/post"}],"author":[{"embeddable":true,"href":"https:\/\/www.friedenkoeln.de\/index.php?rest_route=\/wp\/v2\/users\/110"}],"replies":[{"embeddable":true,"href":"https:\/\/www.friedenkoeln.de\/index.php?rest_route=%2Fwp%2Fv2%2Fcomments&post=18134"}],"version-history":[{"count":6,"href":"https:\/\/www.friedenkoeln.de\/index.php?rest_route=\/wp\/v2\/posts\/18134\/revisions"}],"predecessor-version":[{"id":18222,"href":"https:\/\/www.friedenkoeln.de\/index.php?rest_route=\/wp\/v2\/posts\/18134\/revisions\/18222"}],"wp:featuredmedia":[{"embeddable":true,"href":"https:\/\/www.friedenkoeln.de\/index.php?rest_route=\/wp\/v2\/media\/18136"}],"wp:attachment":[{"href":"https:\/\/www.friedenkoeln.de\/index.php?rest_route=%2Fwp%2Fv2%2Fmedia&parent=18134"}],"wp:term":[{"taxonomy":"category","embeddable":true,"href":"https:\/\/www.friedenkoeln.de\/index.php?rest_route=%2Fwp%2Fv2%2Fcategories&post=18134"},{"taxonomy":"post_tag","embeddable":true,"href":"https:\/\/www.friedenkoeln.de\/index.php?rest_route=%2Fwp%2Fv2%2Ftags&post=18134"}],"curies":[{"name":"wp","href":"https:\/\/api.w.org\/{rel}","templated":true}]}}