{"id":18140,"date":"2024-03-05T17:08:24","date_gmt":"2024-03-05T16:08:24","guid":{"rendered":"https:\/\/www.friedenkoeln.de\/?p=18140"},"modified":"2024-03-06T09:52:40","modified_gmt":"2024-03-06T08:52:40","slug":"taurus-marschflugkoerper-gegen-die-krim-bruecke-stellungnahme-zum-geleakten-gespraech-deutscher-bundeswehr-offiziere","status":"publish","type":"post","link":"https:\/\/www.friedenkoeln.de\/?p=18140","title":{"rendered":"Taurus-Marschflugk\u00f6rper gegen die Krim-Br\u00fccke? &#8211; Stellungnahme zum geleakten Gespr\u00e4ch deutscher Bundeswehr-Offiziere"},"content":{"rendered":"<p><img loading=\"lazy\" decoding=\"async\" class=\"size-full wp-image-18142 alignright\" src=\"https:\/\/www.friedenkoeln.de\/wp-content\/uploads\/2024\/03\/403px-Kerch_Strait_Bridge_2018-04-14.jpg\" alt=\"\" width=\"403\" height=\"450\" srcset=\"https:\/\/www.friedenkoeln.de\/wp-content\/uploads\/2024\/03\/403px-Kerch_Strait_Bridge_2018-04-14.jpg 403w, https:\/\/www.friedenkoeln.de\/wp-content\/uploads\/2024\/03\/403px-Kerch_Strait_Bridge_2018-04-14-179x200.jpg 179w\" sizes=\"auto, (max-width: 403px) 100vw, 403px\" \/>Offensichtlich wurde ein Gespr\u00e4ch zwischen Brigadegeneral Frank Gr\u00e4fe, Abteilungsleiter f\u00fcr Eins\u00e4tze und \u00dcbungen im Kommando Luftwaffe der Bundeswehr, Generalleutnant Ingo Gerhartz, Inspekteur der Luftwaffe, und zwei Mitarbeitern des Weltraumkommandos der Bundeswehr, Oberstleutnant Fenske und Oberstleutnant Florstedt abgeh\u00f6rt. Irritierenderweise wird das Belauschen dieses Gespr\u00e4chs und nicht dessen Inhalt skandalisiert.<\/p>\n<p>In dem Gespr\u00e4ch \u00fcberlegen die beteiligten Bundeswehr-Offiziere, wie Taurus-Marschflugk\u00f6rper gegen Russland eingesetzt und eine offizielle Beteiligung Deutschlands verschleiert werden kann. Im Grundgesetz Artikel 26 hei\u00dft es<\/p>\n<blockquote><p>Handlungen, die geeignet sind und in der Absicht vorgenommen werden, das friedliche Zusammenleben der V\u00f6lker zu st\u00f6ren, insbesondere die F\u00fchrung eines Angriffskrieges vorzubereiten, sind verfassungswidrig.<\/p><\/blockquote>\n<p>Mit einer \u00e4hnlichen Formulierung wird im V\u00f6lkerstrafgesetzbuch die Strafbarkeit f\u00fcr Handlungen, wie der Planung eines Angriffs auf russisches Staatsgebiet mit Taurus-Marschflugk\u00f6rpern unter deutscher Anleitung, festgestellt.<\/p>\n<p>Die mitgeschnittene Diskussionen deutet darauf hin, dass die Bundeswehr m\u00f6glicherweise ohne Genehmigung und direkten Auftrag durch den Bundestag agiert. Dies stellt das demokratische Prinzip der zivilen Kontrolle \u00fcber das Milit\u00e4r in Frage und erfordert eine klare Stellungnahme und Konsequenzen seitens der Bundesregierung. &#8222;Wir m\u00fcssen kriegst\u00fcchtig werden&#8220;, mit der Ver\u00f6ffentlichung des mitgeschnittenen Gespr\u00e4chs wird der wahre Kern der Aussage von Kriegsminister Boris Pistorius enth\u00fcllt.<\/p>\n<p>Die Friedensbewegung weist in diesem Zusammenhang erneut auf die Gefahr einer atomaren Eskalation und eines 3. Weltkrieges hin. Das T\u00f6ten muss gestoppt, das Feuer eingestellt werden! Bereits jetzt betrauern viel zu viele Familien den Tod ihrer Angeh\u00f6rigen. T\u00e4glich werden Menschen zu Invaliden und Kr\u00fcppeln geschossen. Ein Drittel des ukrainischen Territoriums ist mit giftigen Elementen wie Blei, Kadmium, Arsen, Uran und Quecksilber kontaminiert. Diese sickern aus Munition und Waffen in den Boden. Dieses Desaster muss sofort beendet werden.<\/p>\n<hr \/>\n<p><em>Das Gespr\u00e4ch ist <a href=\"https:\/\/weltwoche.de\/daily\/stell-dir-mal-vor-das-kommt-an-die-presse-hier-lesen-sie-das-transkript-im-wortlaut-wie-deutsche-spitzen-offiziere-den-anschlag-auf-die-krim-bruecke-planen\/\">hier<\/a> (Seite der Schweizer &#8222;Weltwoche&#8220;) verlinkt und als Mitschrift nachzulesen. Nach Presseinformationen versuchen die deutschen Beh\u00f6rden, die Verbreitung des Audio-Mitschnitts zu verhindern. Dabei w\u00e4re eine breite Debatte anhand des Original-Aufnahme wichtig.<\/em><\/p>\n","protected":false},"excerpt":{"rendered":"<p>Offensichtlich wurde ein Gespr\u00e4ch zwischen Brigadegeneral Frank Gr\u00e4fe, Abteilungsleiter f\u00fcr Eins\u00e4tze und \u00dcbungen im Kommando Luftwaffe der Bundeswehr, Generalleutnant Ingo Gerhartz, Inspekteur der Luftwaffe, und zwei Mitarbeitern des Weltraumkommandos der Bundeswehr, Oberstleutnant Fenske und&#46;&#46;&#46;<\/p>\n","protected":false},"author":109,"featured_media":18142,"comment_status":"open","ping_status":"open","sticky":false,"template":"","format":"standard","meta":{"footnotes":""},"categories":[107],"tags":[68,37,245],"class_list":["post-18140","post","type-post","status-publish","format-standard","has-post-thumbnail","hentry","category-kommentar","tag-bundesregierung","tag-ruestungsexporte","tag-taurus"],"_links":{"self":[{"href":"https:\/\/www.friedenkoeln.de\/index.php?rest_route=\/wp\/v2\/posts\/18140","targetHints":{"allow":["GET"]}}],"collection":[{"href":"https:\/\/www.friedenkoeln.de\/index.php?rest_route=\/wp\/v2\/posts"}],"about":[{"href":"https:\/\/www.friedenkoeln.de\/index.php?rest_route=\/wp\/v2\/types\/post"}],"author":[{"embeddable":true,"href":"https:\/\/www.friedenkoeln.de\/index.php?rest_route=\/wp\/v2\/users\/109"}],"replies":[{"embeddable":true,"href":"https:\/\/www.friedenkoeln.de\/index.php?rest_route=%2Fwp%2Fv2%2Fcomments&post=18140"}],"version-history":[{"count":6,"href":"https:\/\/www.friedenkoeln.de\/index.php?rest_route=\/wp\/v2\/posts\/18140\/revisions"}],"predecessor-version":[{"id":18151,"href":"https:\/\/www.friedenkoeln.de\/index.php?rest_route=\/wp\/v2\/posts\/18140\/revisions\/18151"}],"wp:featuredmedia":[{"embeddable":true,"href":"https:\/\/www.friedenkoeln.de\/index.php?rest_route=\/wp\/v2\/media\/18142"}],"wp:attachment":[{"href":"https:\/\/www.friedenkoeln.de\/index.php?rest_route=%2Fwp%2Fv2%2Fmedia&parent=18140"}],"wp:term":[{"taxonomy":"category","embeddable":true,"href":"https:\/\/www.friedenkoeln.de\/index.php?rest_route=%2Fwp%2Fv2%2Fcategories&post=18140"},{"taxonomy":"post_tag","embeddable":true,"href":"https:\/\/www.friedenkoeln.de\/index.php?rest_route=%2Fwp%2Fv2%2Ftags&post=18140"}],"curies":[{"name":"wp","href":"https:\/\/api.w.org\/{rel}","templated":true}]}}