{"id":18153,"date":"2024-03-07T08:00:45","date_gmt":"2024-03-07T07:00:45","guid":{"rendered":"https:\/\/www.friedenkoeln.de\/?p=18153"},"modified":"2024-03-06T13:00:21","modified_gmt":"2024-03-06T12:00:21","slug":"zum-nachlesen-ukrainische-und-russische-kriegsdienstentzieher-in-koeln-warum-sollen-wir-fuer-nationalistische-wirtschaftsinteressen-von-oligarchen-sterben","status":"publish","type":"post","link":"https:\/\/www.friedenkoeln.de\/?p=18153","title":{"rendered":"Zum Nachlesen: ukrainische und russische Kriegsdienstentzieher in K\u00f6ln: &#8222;Warum sollen wir f\u00fcr nationalistische Wirtschaftsinteressen von Oligarchen sterben?&#8220;"},"content":{"rendered":"<p><em>Die Friedensdemonstration in K\u00f6ln am 24. Februar 2024 <a href=\"https:\/\/www.friedenkoeln.de\/?p=18015\">&#8222;Frieden, Brot, W\u00fcrde &#8211; in der Ukraine und weltweit&#8220;<\/a> wurde mit einer gemeinsam vorgetragenen Erkl\u00e4rung des ukrainischen Studenten und Kriegsdienstentziehers Andrii und des russischen Kriegsdienstentziehers Jewgenij Arefiev er\u00f6ffnet. Wir dokumentieren hier ihre ber\u00fchrende und \u00fcberzeugende Rede. Ein Videomitschnitt ist am Ende des Textes.<\/em><\/p>\n<hr \/>\n<p><strong>Andrii<\/strong>: Hi! Geboren und aufgewachsen bin ich in Kirowograd, einer kleinen Gro\u00dfstadt in der Zentralukraine. In der Region und in einer Stadt, in der seit Jahrhunderten die friedliche Nachbarschaft von Kirchen mit Synagogen und die Verschmelzung von Ethnien und Kulturen nicht nur eine Selbstverst\u00e4ndlichkeit war, sondern als wesentlich f\u00fcr den Frieden und das Wohlergehen der Gesellschaft galt. Diese grundlegende Bedeutung des Verst\u00e4ndnisses f\u00fcreinander und die bereichernde Wirkung einer solchen Verschmelzung konnte ich schon als Kind in der Schule, im Freundeskreis und in der eigenen Familie erleben.<\/p>\n<p>Doch 2021, ein Jahr bevor die Gewalt in der Ukraine ihr heutiges Ausma\u00df erreichte, verlie\u00df ich mein Heimatland und kam als Student nach K\u00f6ln.<\/p>\n<p><strong>Jewgenij:<\/strong> Guten Tag! Friedliche Gr\u00fc\u00dfe aus der Friedens- und Garnisonsstadt M\u00fcnster! Die Lehre des Westf\u00e4lischen Friedens hei\u00dft \u201cVerhandeln statt schie\u00dfen!\u201d. Wir m\u00fcssen nicht 25 Jahre Krieg warten, um die Verhandlungen anzufangen, die dann 5 Jahre dauern, um den 30-j\u00e4hrigen Krieg zu beenden.<\/p>\n<p>Ich freue mich sehr, dass wir heute in K\u00f6ln gemeinsam f\u00fcr den Frieden demonstrieren, ganz international &#8211; Russinnen, Russen, Ukrainerinnen, Ukrainer und Deutsche!<\/p>\n<p>Ich bin 1994 vor 30 Jahren mit 22 aus der russischen Partnerstadt von M\u00fcnster &#8211; Rjasan &#8211; zum Studium nach M\u00fcnster gekommen. Das war dank der Friedenspolitik von Michail Gorbatschow m\u00f6glich. F\u00fcr die Zeit des Studiums wurde ich vom Milit\u00e4rdienst befreit, bis zum Alter von 27 Jahren. Ich habe mich nicht beeilt, das Studium davor abzuschlie\u00dfen, habe mich in der Hochschulpolitik engagiert, u.a. f\u00fcr die Zivilklausel &#8211; Studium, Lehre und Forschung sollen friedlichen Zwecken dienen.<\/p>\n<p><strong>Andrii:<\/strong> Meine Auswanderung nach Deutschland war nicht spontan und die Richtung war von vornherein festgelegt. Die L\u00e4nder, die mir als Biochemiestudent gute Studien- und Berufschancen bieten konnten, waren genau die L\u00e4nder, die auf den Prinzipien der Verst\u00e4ndigung, des Respekts und der Kommunikation zwischen den gesellschaftlichen Gruppen aufgebaut sind. Auf der Grundlage all dessen, was in meinem Heimatland immer weniger Platz fand.<\/p>\n<p>Zu meinem Leid in meinem Heimatland konnte ich auch erleben, wie die vorher unbedeutenden Unterschiede k\u00fcnstlich aufgewertet, instrumentalisiert und f\u00fcr politische Zwecke missbraucht werden. Ich konnte sehen, wie die kleinsten kulturellen Eigenheiten als un\u00fcberwindbare Br\u00fcche, als Ursachen aller gesellschaftlichen Widerspr\u00fcche und auch als Erkl\u00e4rung f\u00fcr jedes Scheitern der Regierungspolitik hingestellt wurden.<\/p>\n<p>Ich habe erlebt, wie Politiker und Fernsehmoderatoren, aber auch Lehrer an Schulen und Universit\u00e4ten versuchen, die Mitsch\u00fcler, Kommilitonen und Familienmitglieder von gestern als zombifizierte Wilde abzustempeln, die nicht in der Lage sind, eigenst\u00e4ndige Entscheidungen zu treffen, und deren Beschwerden und Argumente nichts anderes als Feindpropaganda sind und als solche abgetan werden m\u00fcssen. Man konnte sehen, dass viele Menschen, die die grunds\u00e4tzliche Abscheulichkeit dessen, was geschah, erkannten, immer noch glaubten, dass dieser Hass kontrollierbar sei, dass dieser Hass irgendwie zum Wohle der Allgemeinheit kanalisiert werden k\u00f6nne.<\/p>\n<p>Dieser Hass ist aber im Grunde unkontrollierbar.<\/p>\n<p>Dieser Hass, gesch\u00fcrt durch Ressentiments, vergiftet und zerst\u00f6rt Freundschaften, Familien, ganze L\u00e4nder und breitet sich \u00fcber deren Grenzen aus.<\/p>\n<p>Und wenn alle Verantwortung auf die Schultern des Feindes abgew\u00e4lzt wird, wenn der Feind selbst entmenschlicht wird, wenn selbst der Wunsch nach Frieden und Kompromissen in der Gesellschaft als pers\u00f6nliche Beleidigung empfunden wird, dann dreht sich die Spirale der Gewalt. Und mit jedem neuen Soldaten und jeder neuen Granate dreht sich diese Spirale weiter und weiter. Was sch\u00fctzen soll, gibt falsche Hoffnung auf Frieden durch Gewalt und Zerst\u00f6rung und f\u00fchrt immer weiter weg von einer L\u00f6sung. Nach kurzer Zeit will sich niemand mehr daran erinnern, wie winzig die anf\u00e4nglichen Widerspr\u00fcche waren, und kaum jemand will innehalten und erkennen, wohin unser Kriegsmodus uns gef\u00fchrt hat.<\/p>\n<p>Heute sehe ich sehr deutlich, dass bewaffnete Konflikte nicht durch die Radikalisierung breiter Bev\u00f6lkerungsschichten entstehen. Sie entstehen durch die unverh\u00e4ltnism\u00e4\u00dfig einflussreiche und laute Minderheit der Kriegsbef\u00fcrworter, aber auch durch Apathie und das Schweigen der Mehrheit. Nur durch das F\u00fcllen des medialen Raums mit dem monotonen Mantra vom gerechten Krieg und den Orks, von Menschentieren und dem Recht auf Verteidigung, nur so kann sich diese kleine Minderheit sich als Mehrheit darstellen und die gesamte Gesellschaft im Kriegsmodus halten.<\/p>\n<p>Und gerade wegen der Kriege und des regierenden Kriegsmodus hat die wahre Mehrheit, die unter den Bombardierungen in den Kriegsgebieten, aber auch unter der Inflation im Westen und einfach dem Hunger im S\u00fcden leidet, gerade deshalb hat diese Mehrheit das Recht und die Pflicht, die Politik der Spaltung in &#8222;wir&#8220; und &#8222;die&#8220; abzulehnen, die andere Seite nicht als Feind zu brandmarken und die R\u00fcckkehr zum Dialog zu fordern. Zu einem Dialog, der es erm\u00f6glicht, den Vormarsch der extremen politischen Kr\u00e4fte in Russland und in der Ukraine aber auch in Israel, in Europa und in den USA zu stoppen. Die Demokratie ist weltweit bedroht, und nur eine weltweite Ablehnung konfrontativer Politik kann den Radikalen den Wind aus den Segeln nehmen und die Demokratien sichern. Wir sehen keine L\u00f6sung f\u00fcr diesen oder irgendeinen anderen modernen Krieg in den Kanonenrohren, die L\u00f6sung liegt ausschlie\u00dflich im gegenseitigen Verst\u00e4ndnis und in einer Weltordnung, in der das Streben nach gegenseitigem Nutzen und Frieden \u00fcber den Egoismus der Gruppen dominiert.<\/p>\n<p>Mit jedem neuen Tag zerst\u00f6rt dieser Krieg die Ukraine weiter. Die Waffenlieferungen, die bravour\u00f6se Unterst\u00fctzung des Krieges durch die Verb\u00fcndeten, die Kriegstreiberei, die gro\u00dfen PR-Siege an der Front und die neuen Opfer &#8211; all das dient den Bed\u00fcrfnissen der Politiker, nicht den Bed\u00fcrfnissen meines Landes. Mein Land braucht realistische und durchf\u00fchrbare Friedensinitiativen und einen sofortigen Waffenstillstand. Der Kriegsmodus hat schon mehrere L\u00e4nder vor unseren Augen in die Katastrophe gef\u00fchrt, versuchen wir nun, laut und \u00fcberzeugend genug zu sein, um das Gleiche hier zu verhindern und es anderswo zu beheben.<\/p>\n<p><strong>Jewgenij:<\/strong> In der Sowjetunion wurde ich bereits als Sch\u00fcler auf den Milit\u00e4rdienst und auf den Krieg &#8211; in der Schule und in einer Kaserne &#8211; vorbereitet, habe gelernt zu schie\u00dfen. Ich habe mich \u00fcber das Ende von hei\u00dfen und kalten Kriegen gefreut. Wir haben die V\u00f6lkerverst\u00e4ndigung gelebt. 1993 habe ich die wissenschaftliche Zusammenarbeit zwischen den Universit\u00e4ten M\u00fcnster und Rjasan initiiert und am Institut f\u00fcr Politikwissenschaft der Uni M\u00fcnster in dem Projekt gearbeitet.<\/p>\n<p>Jetzt liegt die st\u00e4dtepartnerschaftliche und wissenschaftliche Zusammenarbeit mit Russland auf Eis, auch zwischen K\u00f6ln und Wolgograd, ehemals Stalingrad. Wie soll dieser Abbruch von zivilgesellschaftlichem Austausch uns dem Frieden n\u00e4herbringen?<br \/>\nDie Politik muss endlich der Friedenslogik und nicht der Kriegslogik folgen!<\/p>\n<p>Ich engagiere mich in der Friedensbewegung seit dem v\u00f6lkerrechts- und grundgesetzwidrigen Krieg der Bundesrepublik Deutschland gegen die Bundesrepublik Jugoslawien, dem bereits vergessenen Krieg nach dem Ende des 2. Weltkriegs in Europa, mit uranabgereicherter Munition, die nachhaltig t\u00f6tet. Jetzt wird in der Ukraine die uranabgereicherte Munition aus den USA eingesetzt.<\/p>\n<p>Jeder Krieg ist ein Verbrechen an der Menschheit!<\/p>\n<p>Im Krieg gibt es keine Gewinner, sondern nur Verlierer!<\/p>\n<p>Menschenrechte f\u00fcr Alle!<\/p>\n<p>Das internationale Menschenrecht auf Kriegsdienstverweigerung muss vor allem im Krieg eingehalten werden! Wir fordern Schutz und Asyl f\u00fcr alle Deserteurinnen und Deserteure, Kriegsdienstgegnerinnen und Kriegsdienstgegner, Kriegsdienstentzieherinnen und Kriegsdienstentzieher! Die internationale Solidarit\u00e4t! Die ukrainischen Studierenden an den deutschen Hochschulen sollen aus der Ukraine ungehindert ausreisen d\u00fcrfen!<\/p>\n<p>Die Waffenlobbyistin Strack-Zimmermann, Vorsitzende des Verteidigungsausschusses im Bundestag, von der FDP, der so genannten \u201eFreien Demokratischen Partei\u201c, hat im Interview dem YouTube-Kanal \u201cJung &amp; Naiv\u201d gesagt, sie w\u00fcrde ihren eigenen Sohn nicht in den Krieg schicken. Die Ukraine soll aber bis zum letzten Mann k\u00e4mpfen? F\u00fcr Deutschland!? Mit deutschen Waffen!? Vom deutschen Boden soll nie wieder Krieg ausgehen! Aber wo bleibt die notleidende Wirtschaft und die Ressourcen am Hindukusch, Struck, Strack-Zimmermann?<\/p>\n<p>Ein ukrainischer Freund hat mir erz\u00e4hlt, er habe Putin verstanden und sei 3 Tage vor dem Krieg mit seiner Ehefrau und 2 kleinen Kindern nach Deutschland gefl\u00fcchtet. Danach war sein Haus zerst\u00f6rt. Jetzt sagt er, er habe \u201ePistolerius\u201c verstanden, den deutschen Verteidigungsminister, demn\u00e4chst Kriegsminister. Oder ist Deutschland nicht l\u00e4ngst Kriegspartei nach dem Gutachten des Wissenschaftlichen Dienstes des Bundestages, in dem es hei\u00dft: wenn Deutschland die ukrainischen Soldaten auf dem deutschen Boden an schweren Waffen ausbildet, sp\u00e4testens dann ist Deutschland Kriegspartei. Das ist passiert: letztes Jahr hat Deutschland damit angefangen. Deutschland ist jetzt Kriegspartei. Nachdem der deutsche Verteidigungsminister gesagt hat, Deutschland m\u00fcsse kriegst\u00fcchtig werden, hat der ukrainische Freund von mir ihn verstanden und sucht jetzt sich und seiner Familie ein anderes, ein sichereres Land.<\/p>\n<p>Jeden Tag sterben Menschen im Krieg! Dieser Stellvertreterkrieg wird zynisch Abnutzungskrieg genannt. Es wird ein Sieg der Ukraine gegen Russland gefordert, Sieg f\u00fcr Deutschland, Sieg f\u00fcr die Freiheit. Wie stellt man sich diese Freiheit vor und wessen Freiheit soll das sein? Was n\u00fctzt diese Freiheit den Toten und den \u00dcberlebenden? Hei\u00dft es nicht aus der deutschen Geschichte lernen: \u201cLieber rot als tot!\u201d?<br \/>\nKann eine Atommacht besiegt werden? Bringen noch mehr Atomwaffen eine Abschreckung oder Schrecken ohne Ende?<\/p>\n<p>Die Atomwaffen m\u00fcssen vernichtet werden, bevor die Menschheit vernichtet wird! &#8211; Hiroshima und Nagasaki mahnen.<\/p>\n<p>Unser sch\u00f6ner blauer Planet Erde wird durch Kriege zerst\u00f6rt!<\/p>\n<p>Warum sollen wir wegen der Grenzen, f\u00fcr die nationalistischen Wirtschaftsinteressen der Oligarchen sterben? Wie sch\u00f6n w\u00e4re die Erde ohne Grenzen so wie Juri Gagarin sie gesehen hat! Blau, gr\u00fcn, sch\u00f6n.<\/p>\n<p>Dieser Krieg muss so schnell wie m\u00f6glich enden!<\/p>\n<p>Deswegen ist es notwendig, die Politik von immer t\u00f6dlicheren Waffenlieferungen zu beenden. Die diplomatische Initiative muss her!<br \/>\nBed\u00fcrfnisse von Menschen, die Rettung des Klimas, humanit\u00e4re Hilfe tun not und nicht die Geopolitik!<\/p>\n<p>\u201eStell dir vor, es ist Krieg, und keiner geht hin\u201c, hat Bertolt Brecht gesagt. Deswegen bin ich gerne Pazifist und kein \u201egefallener Engel\u201c wie (Bundeskanzler) Scholz behauptet hat.<\/p>\n<p>Hiermit schlie\u00dfen wir unseren Friedensvertrag! Frieden hei\u00dft nicht nur \u201emir\u201c auf Russisch und Ukrainisch, sondern auch Welt! Frieden der Welt!<\/p>\n<hr \/>\n<p>Sch\u00f6ne Fotos der Friedensdemo am 24.2.2024 finden sich bei <a href=\"https:\/\/r-mediabase.eu\/frieden-brot-wuerde-in-der-ukraine-und-weltweit\/\">r-mediabase<\/a>.<\/p>\n<hr \/>\n<div class=\"video-container\"><iframe loading=\"lazy\" title=\"Ukrainischer und russischer Kriegsgegner Rede bei K\u00f6lner Friedensdemo 24.02.2024\" width=\"500\" height=\"281\" src=\"https:\/\/www.youtube.com\/embed\/V0vsW3J2hi0?feature=oembed&#038;wmode=opaque\" frameborder=\"0\" allow=\"accelerometer; autoplay; clipboard-write; encrypted-media; gyroscope; picture-in-picture; web-share\" referrerpolicy=\"strict-origin-when-cross-origin\" allowfullscreen><\/iframe><\/div>\n","protected":false},"excerpt":{"rendered":"<p>Die Friedensdemonstration in K\u00f6ln am 24. Februar 2024 &#8222;Frieden, Brot, W\u00fcrde &#8211; in der Ukraine und weltweit&#8220; wurde mit einer gemeinsam vorgetragenen Erkl\u00e4rung des ukrainischen Studenten und Kriegsdienstentziehers Andrii und des russischen Kriegsdienstentziehers Jewgenij&#46;&#46;&#46;<\/p>\n","protected":false},"author":110,"featured_media":18159,"comment_status":"open","ping_status":"open","sticky":false,"template":"","format":"standard","meta":{"footnotes":""},"categories":[111],"tags":[221,218],"class_list":["post-18153","post","type-post","status-publish","format-standard","has-post-thumbnail","hentry","category-rede","tag-friedenspolitik","tag-kriegsdienstverweigerung"],"_links":{"self":[{"href":"https:\/\/www.friedenkoeln.de\/index.php?rest_route=\/wp\/v2\/posts\/18153","targetHints":{"allow":["GET"]}}],"collection":[{"href":"https:\/\/www.friedenkoeln.de\/index.php?rest_route=\/wp\/v2\/posts"}],"about":[{"href":"https:\/\/www.friedenkoeln.de\/index.php?rest_route=\/wp\/v2\/types\/post"}],"author":[{"embeddable":true,"href":"https:\/\/www.friedenkoeln.de\/index.php?rest_route=\/wp\/v2\/users\/110"}],"replies":[{"embeddable":true,"href":"https:\/\/www.friedenkoeln.de\/index.php?rest_route=%2Fwp%2Fv2%2Fcomments&post=18153"}],"version-history":[{"count":8,"href":"https:\/\/www.friedenkoeln.de\/index.php?rest_route=\/wp\/v2\/posts\/18153\/revisions"}],"predecessor-version":[{"id":18162,"href":"https:\/\/www.friedenkoeln.de\/index.php?rest_route=\/wp\/v2\/posts\/18153\/revisions\/18162"}],"wp:featuredmedia":[{"embeddable":true,"href":"https:\/\/www.friedenkoeln.de\/index.php?rest_route=\/wp\/v2\/media\/18159"}],"wp:attachment":[{"href":"https:\/\/www.friedenkoeln.de\/index.php?rest_route=%2Fwp%2Fv2%2Fmedia&parent=18153"}],"wp:term":[{"taxonomy":"category","embeddable":true,"href":"https:\/\/www.friedenkoeln.de\/index.php?rest_route=%2Fwp%2Fv2%2Fcategories&post=18153"},{"taxonomy":"post_tag","embeddable":true,"href":"https:\/\/www.friedenkoeln.de\/index.php?rest_route=%2Fwp%2Fv2%2Ftags&post=18153"}],"curies":[{"name":"wp","href":"https:\/\/api.w.org\/{rel}","templated":true}]}}