{"id":18176,"date":"2024-03-17T20:58:33","date_gmt":"2024-03-17T19:58:33","guid":{"rendered":"https:\/\/www.friedenkoeln.de\/?p=18176"},"modified":"2024-03-17T20:58:33","modified_gmt":"2024-03-17T19:58:33","slug":"dfg-vk-gruppe-koeln-zum-tag-der-politischen-gefangenen-bundesregierung-soll-sich-fuer-freilassung-von-julian-assange-einsetzen","status":"publish","type":"post","link":"https:\/\/www.friedenkoeln.de\/?p=18176","title":{"rendered":"DFG-VK Gruppe K\u00f6ln zum Tag der politischen Gefangenen: Bundesregierung soll sich f\u00fcr Freilassung von Julian Assange einsetzen"},"content":{"rendered":"<p>Anl\u00e4sslich des Tages der politischen Gefangenen am morgigen 18. M\u00e4rz fordert die DFG-VK Gruppe K\u00f6ln die Bundesregierung auf, sich bei der Regierung des Vereinigten K\u00f6nigreichs f\u00fcr die sofortige Freilassung von Julian Assange einzusetzen, sowie sich bei der Regierung der Vereinigten Staaten daf\u00fcr einzusetzen, dass der Vorwurf und die Anklage gegen Julian Assange wegen des Verrats von Staatsgeheimnissen zur\u00fcckgezogen wird.<\/p>\n<p>Nach Meinung der DFG-VK geh\u00f6ren Journalist*innen, welche Kriegsverbrechen aufdecken, geehrt und nicht verfolgt. Die DFG-VK tritt f\u00fcr den Schutz der demokratischen Freiheiten ein, wozu auch die freie Meinungs\u00e4u\u00dferung und die Pressefreiheit geh\u00f6ren. In diesem Sinne schlie\u00dft die Gruppe sich der <a href=\"https:\/\/www.friedenkoeln.de\/wp-content\/uploads\/2023\/08\/2023_Aufruf_IALANA_IPPNW_Assange_DE.pdf\">Erkl\u00e4rung der beiden Friedensorganisationen der Jurist*innen, IALANA Deutschland, und der \u00c4rzt*innen, IPPNW Deutschland, vom 20.02.2024<\/a> an.<\/p>\n<hr \/>\n<p><em>Die Free-Assange-AG der DFG-VK Gruppe K\u00f6ln hat Postkarten an Au\u00dfenministerin Annalena Baerbock und Bundeskanzler Olaf Scholz mit der Forderung nach Unterst\u00fctzung der Rechte von Julian Assange hergestellt. Sie k\u00f6nnen bei uns abgeholt werden. Druckvorlagen stehen hier zum Download bereit: an <a href=\"https:\/\/www.friedenkoeln.de\/wp-content\/uploads\/2024\/02\/Postkarte_AA.pdf\">Annalena<\/a> und an <a href=\"https:\/\/www.friedenkoeln.de\/wp-content\/uploads\/2024\/03\/Postkarte_Scholz.pdf\">Olaf<\/a>.<\/em><\/p>\n<p><em>Au\u00dferdem stehen Mitglieder der Gruppe am 18.3.2024 von ca. 13 &#8211; 15 Uhr mit Infomaterial vor dem B\u00fcro der Gr\u00fcnen am Ebertplatz und ab ca. 17 Uhr mit einem &#8222;K\u00e4fig&#8220; und einem Infostand auf der Domplatte.<\/em><\/p>\n<p><em>Hintergrund: <a href=\"https:\/\/www.friedenkoeln.de\/wp-content\/uploads\/2023\/08\/6_Fakten_zu_Julian_Assange.pdf\">IPPNW: 6 Fakten zu Julian Assange, Juni 2023<\/a><\/em><\/p>\n<div id=\"attachment_18033\" style=\"width: 1290px\" class=\"wp-caption aligncenter\"><img loading=\"lazy\" decoding=\"async\" aria-describedby=\"caption-attachment-18033\" class=\"size-full wp-image-18033\" src=\"https:\/\/www.friedenkoeln.de\/wp-content\/uploads\/2024\/02\/IMG_3679.jpg\" alt=\"Ein knappes Dutzend gut gelaunte Aktivist*innen, als Julian Assange, Joe Biden, Annalena Baerbock, Gefangene und Clowns verkleidet, zeigen ihre Schilder und Plakate.\" width=\"1280\" height=\"960\" srcset=\"https:\/\/www.friedenkoeln.de\/wp-content\/uploads\/2024\/02\/IMG_3679.jpg 1280w, https:\/\/www.friedenkoeln.de\/wp-content\/uploads\/2024\/02\/IMG_3679-200x150.jpg 200w, https:\/\/www.friedenkoeln.de\/wp-content\/uploads\/2024\/02\/IMG_3679-768x576.jpg 768w\" sizes=\"auto, (max-width: 1280px) 100vw, 1280px\" \/><p id=\"caption-attachment-18033\" class=\"wp-caption-text\">Arbeitskreis Free Assange der DFG-VK Gruppe K\u00f6ln beim Geisterzug 6.2.2024. Foto: privat<\/p><\/div>\n","protected":false},"excerpt":{"rendered":"<p>Anl\u00e4sslich des Tages der politischen Gefangenen am morgigen 18. M\u00e4rz fordert die DFG-VK Gruppe K\u00f6ln die Bundesregierung auf, sich bei der Regierung des Vereinigten K\u00f6nigreichs f\u00fcr die sofortige Freilassung von Julian Assange einzusetzen, sowie&#46;&#46;&#46;<\/p>\n","protected":false},"author":110,"featured_media":18033,"comment_status":"open","ping_status":"open","sticky":false,"template":"","format":"standard","meta":{"footnotes":""},"categories":[104,87],"tags":[85,99,165],"class_list":["post-18176","post","type-post","status-publish","format-standard","has-post-thumbnail","hentry","category-ankuendigung","category-pressemitteilung","tag-kriegsverbrechen","tag-menschenrechte","tag-pressefreiheit"],"_links":{"self":[{"href":"https:\/\/www.friedenkoeln.de\/index.php?rest_route=\/wp\/v2\/posts\/18176","targetHints":{"allow":["GET"]}}],"collection":[{"href":"https:\/\/www.friedenkoeln.de\/index.php?rest_route=\/wp\/v2\/posts"}],"about":[{"href":"https:\/\/www.friedenkoeln.de\/index.php?rest_route=\/wp\/v2\/types\/post"}],"author":[{"embeddable":true,"href":"https:\/\/www.friedenkoeln.de\/index.php?rest_route=\/wp\/v2\/users\/110"}],"replies":[{"embeddable":true,"href":"https:\/\/www.friedenkoeln.de\/index.php?rest_route=%2Fwp%2Fv2%2Fcomments&post=18176"}],"version-history":[{"count":7,"href":"https:\/\/www.friedenkoeln.de\/index.php?rest_route=\/wp\/v2\/posts\/18176\/revisions"}],"predecessor-version":[{"id":18184,"href":"https:\/\/www.friedenkoeln.de\/index.php?rest_route=\/wp\/v2\/posts\/18176\/revisions\/18184"}],"wp:featuredmedia":[{"embeddable":true,"href":"https:\/\/www.friedenkoeln.de\/index.php?rest_route=\/wp\/v2\/media\/18033"}],"wp:attachment":[{"href":"https:\/\/www.friedenkoeln.de\/index.php?rest_route=%2Fwp%2Fv2%2Fmedia&parent=18176"}],"wp:term":[{"taxonomy":"category","embeddable":true,"href":"https:\/\/www.friedenkoeln.de\/index.php?rest_route=%2Fwp%2Fv2%2Fcategories&post=18176"},{"taxonomy":"post_tag","embeddable":true,"href":"https:\/\/www.friedenkoeln.de\/index.php?rest_route=%2Fwp%2Fv2%2Ftags&post=18176"}],"curies":[{"name":"wp","href":"https:\/\/api.w.org\/{rel}","templated":true}]}}