{"id":18224,"date":"2024-03-25T11:26:41","date_gmt":"2024-03-25T10:26:41","guid":{"rendered":"https:\/\/www.friedenkoeln.de\/?p=18224"},"modified":"2024-03-25T11:26:41","modified_gmt":"2024-03-25T10:26:41","slug":"weisse-fahne-des-parlamentaers-im-kriegerischen-konflikt-pax-christi-solidarisch-mit-papst-franziskus","status":"publish","type":"post","link":"https:\/\/www.friedenkoeln.de\/?p=18224","title":{"rendered":"&#8222;Wei\u00dfe Fahne&#8220; des Parlament\u00e4rs im kriegerischen Konflikt: pax christi solidarisch mit Papst Franziskus"},"content":{"rendered":"<p><em>Gerne ver\u00f6ffentlichen wir die Pressemitteilung der katholischen Friedensbewegung pax christi vom 20. M\u00e4rz 2024:<\/em><\/p>\n<hr \/>\n<h4>F\u00fcr Verhandlungen im Angriffskrieg auf Ukraine<\/h4>\n<p>Papst Franziskus steht seit dem 10. M\u00e4rz 2024 wegen eines Interviews, das er dem Schweizer Sender RSI gegeben hat, in der Kritik. Dem Papst wird in den Medien und in Stellungnahmen aus Gesellschaft, Politik und Kirche vorgeworfen, die Ukraine zum Hissen der \u201ewei\u00dfen Fahne\u201c aufzufordern. Das wird als einseitige Parteinahme f\u00fcr Russland, als Best\u00e4tigung einer pro-russischen Haltung und als Aufforderung an die Ukraine zur Kapitulation gedeutet.<\/p>\n<p>Der pax christi-Bundesvorstand erkl\u00e4rt anl\u00e4sslich der Ausstrahlung des vollst\u00e4ndigen Interviews am 20. M\u00e4rz 2024:<\/p>\n<blockquote><p>Der Papst macht erneut deutlich, dass das Blutvergie\u00dfen in der Ukraine aufh\u00f6ren und stattdessen verhandelt werden muss. Franziskus benennt das Leid, dass jeder Krieg auf allen Seiten schafft. Seine gro\u00dfe Sorge ist, dass sich der Krieg nicht mehr stoppen l\u00e4sst. Er nimmt wahr, wie an so vielen Orten aus gegenseitigem Hass, Kriege entstehen,<\/p><\/blockquote>\n<p>sagt Klaus Hagedorn, geistlicher Beirat von pax christi.<\/p>\n<blockquote><p>Die Gedanken des Papstes sind nie bei Milit\u00e4rtaktiken und Sicherheitslogik, sondern immer bei den Opfern. Wegen dieser Parteinahme f\u00fcr die Opfer auf allen Seiten ger\u00e4t er offensichtlich in ein moralisches Zwielicht, weil Parteinahme f\u00fcr eine Kriegspartei derzeit als moralisches Gebot gilt,<\/p><\/blockquote>\n<p>so Klaus Hagedorn weiter.<\/p>\n<p>Auf die Frage des Journalisten, ob \u201eder Mut zur Kapitulation, zur wei\u00dfen Fahne\u201c, der in der Ukraine von einigen eingefordert werde, nicht \u201edie St\u00e4rksten legitimieren\u201c w\u00fcrde, antwortet Franziskus:<\/p>\n<blockquote><p>Ich denke, dass der St\u00e4rkere derjenige ist, der die Situation betrachtet, an die Menschen denkt und den Mut zur wei\u00dfen Fahne, zum Verhandeln hat. Und heute kann man mithilfe der Internationalen M\u00e4chte verhandeln; es gibt einige. Das Wort \u201averhandeln\u2019 ist ein mutiges Wort. \u2026 Sch\u00e4men Sie sich nicht zu verhandeln. [\u2026] Verhandeln ist niemals Kapitulation.<\/p><\/blockquote>\n<p>Damit korrigiert der Papst das vom Journalisten eingebrachte und irref\u00fchrend gedeutete Bild von der wei\u00dfen Fahne als einem Symbol der Kapitulation. Der \u201eMut zur wei\u00dfen Fahne\u201d basiert auf einem der \u00e4ltesten Grunds\u00e4tze internationalen Rechts. So ist bereits in der Haager Landkriegsordnung von 1899, einer zentralen S\u00e4ule des heutigen Kriegsv\u00f6lkerrechts, die Bedeutung der wei\u00dfen Fahne, die auch Parlament\u00e4rsflagge genannt wird, festgelegt (Art. 32):<\/p>\n<blockquote><p>Als Parlament\u00e4r gilt, wer von einem der Kriegf\u00fchrenden bevollm\u00e4chtigt ist, mit dem anderen in Unterhandlungen zu treten, und sich mit der wei\u00dfen Fahne zeigt. Er hat Anspruch auf Unverletzlichkeit.<\/p><\/blockquote>\n<p>Die heftigen Reaktionen gegen\u00fcber dem Papst dokumentieren f\u00fcr pax christi, wie stark eine reine \u201eMilit\u00e4rlogik\u201c in der \u00d6ffentlichkeit vorherrscht und den Diskurs bestimmt. Darin sehen wir auch den Grund, dass die \u00c4u\u00dferungen des Papstes allesamt im Sinne einer milit\u00e4rlogischen oder sicherheitslogischen Lesart verstanden wurden.<\/p>\n<p>Papst Franziskus geht es um \u201aFriedenst\u00fcchtigkeit\u2018. Verhandlungen sind f\u00fcr ihn der Ort, um Konflikte zu transformieren und Konfrontationen zu verringern. Dazu geh\u00f6rt f\u00fcr Franziskus auch, die eigenen Interessen mit denen aller anderen in Einklang zu bringen. Er ist von dem Gedanken der Geschwisterlichkeit aller Menschen geleitet:<\/p>\n<blockquote><p>Heute ist nicht die Zeit f\u00fcr Gleichg\u00fcltigkeit. Entweder sind wir Geschwister, oder alles bricht zusammen. Die Geschwisterlichkeit ist das neue Ziel der Menschheit, auf das wir hinarbeiten m\u00fcssen; sie ist die Aufgabe unseres Jahrhunderts,<\/p><\/blockquote>\n<p>so der Papst.<\/p>\n<p>pax christi fordert die Kritiker:innen der \u00c4u\u00dferungen des Papstes auf, \u00fcber milit\u00e4r- und sicherheitslogisches Denken hinauszugehen und sich f\u00fcr Verhandlungen einzusetzen, die schlie\u00dflich zu einem dauerhaften Frieden f\u00fchren k\u00f6nnen.<\/p>\n<div id=\"attachment_15736\" style=\"width: 750px\" class=\"wp-caption aligncenter\"><img loading=\"lazy\" decoding=\"async\" aria-describedby=\"caption-attachment-15736\" class=\"size-full wp-image-15736\" src=\"https:\/\/www.friedenkoeln.de\/wp-content\/uploads\/2020\/12\/Su_Santidad_Papa_Francisco.jpg\" alt=\"Ein freundlicher \u00e4lterer Herr mit Brille in hellem Priestergewand mit aufgestickten Muschelsymbolen und wei\u00dfer Kappe spricht hinter einem goldverziertem Rednerpult mit Mikrophon.\" width=\"740\" height=\"550\" srcset=\"https:\/\/www.friedenkoeln.de\/wp-content\/uploads\/2020\/12\/Su_Santidad_Papa_Francisco.jpg 740w, https:\/\/www.friedenkoeln.de\/wp-content\/uploads\/2020\/12\/Su_Santidad_Papa_Francisco-150x111.jpg 150w\" sizes=\"auto, (max-width: 740px) 100vw, 740px\" \/><p id=\"caption-attachment-15736\" class=\"wp-caption-text\">Papst Franziskus, 17.3.2013, Foto: Gabriel Andr\u00e9s Trujillo Escobedo, CC BY-SA 2.0<\/p><\/div>\n","protected":false},"excerpt":{"rendered":"<p>Gerne ver\u00f6ffentlichen wir die Pressemitteilung der katholischen Friedensbewegung pax christi vom 20. M\u00e4rz 2024: F\u00fcr Verhandlungen im Angriffskrieg auf Ukraine Papst Franziskus steht seit dem 10. M\u00e4rz 2024 wegen eines Interviews, das er dem&#46;&#46;&#46;<\/p>\n","protected":false},"author":110,"featured_media":15736,"comment_status":"open","ping_status":"open","sticky":false,"template":"","format":"standard","meta":{"footnotes":""},"categories":[87],"tags":[90,170,59],"class_list":["post-18224","post","type-post","status-publish","format-standard","has-post-thumbnail","hentry","category-pressemitteilung","tag-friedensverhandlung","tag-gewaltfreiheit","tag-kirche"],"_links":{"self":[{"href":"https:\/\/www.friedenkoeln.de\/index.php?rest_route=\/wp\/v2\/posts\/18224","targetHints":{"allow":["GET"]}}],"collection":[{"href":"https:\/\/www.friedenkoeln.de\/index.php?rest_route=\/wp\/v2\/posts"}],"about":[{"href":"https:\/\/www.friedenkoeln.de\/index.php?rest_route=\/wp\/v2\/types\/post"}],"author":[{"embeddable":true,"href":"https:\/\/www.friedenkoeln.de\/index.php?rest_route=\/wp\/v2\/users\/110"}],"replies":[{"embeddable":true,"href":"https:\/\/www.friedenkoeln.de\/index.php?rest_route=%2Fwp%2Fv2%2Fcomments&post=18224"}],"version-history":[{"count":2,"href":"https:\/\/www.friedenkoeln.de\/index.php?rest_route=\/wp\/v2\/posts\/18224\/revisions"}],"predecessor-version":[{"id":18226,"href":"https:\/\/www.friedenkoeln.de\/index.php?rest_route=\/wp\/v2\/posts\/18224\/revisions\/18226"}],"wp:featuredmedia":[{"embeddable":true,"href":"https:\/\/www.friedenkoeln.de\/index.php?rest_route=\/wp\/v2\/media\/15736"}],"wp:attachment":[{"href":"https:\/\/www.friedenkoeln.de\/index.php?rest_route=%2Fwp%2Fv2%2Fmedia&parent=18224"}],"wp:term":[{"taxonomy":"category","embeddable":true,"href":"https:\/\/www.friedenkoeln.de\/index.php?rest_route=%2Fwp%2Fv2%2Fcategories&post=18224"},{"taxonomy":"post_tag","embeddable":true,"href":"https:\/\/www.friedenkoeln.de\/index.php?rest_route=%2Fwp%2Fv2%2Ftags&post=18224"}],"curies":[{"name":"wp","href":"https:\/\/api.w.org\/{rel}","templated":true}]}}