{"id":18242,"date":"2024-03-29T08:54:33","date_gmt":"2024-03-29T07:54:33","guid":{"rendered":"https:\/\/www.friedenkoeln.de\/?p=18242"},"modified":"2024-03-29T08:54:33","modified_gmt":"2024-03-29T07:54:33","slug":"kajo-mentges-hass-bringt-niemanden-weiter","status":"publish","type":"post","link":"https:\/\/www.friedenkoeln.de\/?p=18242","title":{"rendered":"Kajo Mentges: &#8222;Hass bringt niemanden weiter&#8220;"},"content":{"rendered":"<p><em>Von Kajo Mentges.<\/em><\/p>\n<blockquote><p>Ganz Wuppertal hasst die AfD!<\/p><\/blockquote>\n<p>Diese von den meisten<\/p>\n<p>der ca. 10 000 Menschen \u00f6fter skandierte Hassparole auf der Demo gegen Rechts am 20.1.2024 vor dem Wuppertaler Hauptbahnhof konnte ich nicht mehr ertragen und habe deshalb die Demo vorzeitig verlassen. Auf meinem R\u00fcckweg durch die sehr dicht stehende Menge habe ich die Gelegenheit genutzt, nach rechts und links zu rufen:<\/p>\n<blockquote><p>Hass geht gar nicht!<\/p><\/blockquote>\n<p>Viele schauten zu mir hin und nickten mir zu. Zur\u00fcck in der Schwebebahn war ich vom lauten Skandieren der Hassparolen noch sehr betroffen und in meinen Gedanken formulierte ich:<\/p>\n<blockquote><p>Auch der Hass der \u201esogenannten\u201c Guten l\u00e4sst sp\u00e4ter Menschen bluten!<\/p><\/blockquote>\n<p>Abends wollte ich wissen, wie zwei sehr aktive Friedens-Freundinnen die Hassparolen empfunden haben, die auch auf der Demo waren. Zun\u00e4chst kam Schweigen, dann z\u00f6gerlich Unverst\u00e4ndnis f\u00fcr meine Betroffenheit und meinen Protest, dass ich deswegen diese gro\u00dfartige Demo verlassen habe. Das w\u00e4re doch endlich die l\u00e4ngst f\u00e4llige deutliche Abgrenzung gegen Rechts. Kein Verstehen meiner entschiedenen Zur\u00fcckweisung von Hassparolen. Dann muss ich mal dar\u00fcber nachdenken, sagte die andere. Das war, nach meinem Erleben der Hassparolen auf der Demo, meine zweite Betroffenheit, diesmal durch zwei mir sehr liebe sympathische Mitstreiterinnen im Friedensengagement.<\/p>\n<p>Die Hauptorganisatorin der Demo gegen Rechts, der ich deutlich meine Betroffenheit und vehemente Ablehnung dieser Hassparolen schilderte und sie fragte, warum dagegen nicht interveniert worden sei, antwortete: Solange solche skandierten Spr\u00fcche nicht rechtsrelevant seien, k\u00f6nnten sie als Organisatoren nichts machen. \u201eDer Hass aus der \u201eguten Mitte\u201c ist in Ordnung\u201c, weil er sich gegen den \u201eb\u00f6sen Hass der Rechten\u201c richtet !? Andere FreundInnen jedoch reagierten spontan: Die einen machen ja dasselbe wie die anderen!<\/p>\n<p>Woher stammt diese Hasssprache, die aus dem Netz bekannt ist und sich jetzt auch bei Demos gegen Rechts v\u00f6llig unreflektiert wie selbstverst\u00e4ndlich in ganz Deutschland verbreitet? Die meisten werden \u00fcber ihr eigenes Hassgebr\u00fcll vorher nicht nachgedacht und in der umgebenden Menge \u201eeinfach mitgebr\u00fcllt\u201c haben. \u201eHass macht blind.\u201c Vernunft und Grundwerte sind ausgeschaltet: Hauptsache gemeinsam gegen Rechts!?<\/p>\n<blockquote><p>Die W\u00fcrde des Menschen ist unantastbar!<\/p><\/blockquote>\n<p>soll bei Widerstand gegen Rechts nicht gelten?<\/p>\n<blockquote><p>Hass ist keine Meinung!<\/p><\/blockquote>\n<p>wird zu:<\/p>\n<blockquote><p>Hass ist meine Meinung!?<\/p><\/blockquote>\n<p>Das ist eine hoch gef\u00e4hrliche Demontage ethischer Grundwerte durch Spaltung ethischer Haltung. Und einige, die ich dazu befragt habe, scheinen offensichtlich das Fatale nicht zu erkennen oder blenden es aus, \u201eweil es doch gegen Rechts geht!\u201c<\/p>\n<p>Es ist auch aussichtslos, den Hassenden mit Hass zu begegnen. Gewalt erzeugt Gegengewalt ist eine allgemein bekannte Tatsache. Hass ist auch selbstsch\u00e4digend, weil er psychisch deformiert, z.B. eigene Empathief\u00e4higkeit herabsetzt, was wiederum der eigenen Aggression freieren Lauf l\u00e4sst. Auch richtet sich die eigene Radikalisierung zun\u00e4chst und direkt gegen die eigene W\u00fcrde, auch wenn diese Radikalisierung \u201enur sprachlich\u201c ist.<\/p>\n<p>Ich werde in der n\u00e4chsten Zeit dieses f\u00fcr unsere Gesellschaft bedrohliche Thema mit meinen Freunden in unseren verschiedenen Gruppen und mit politisch Verantwortlichen unserer Stadt ansprechen. Ich w\u00fcnsche mir, dass es dazu auch einmal einen Austausch in gr\u00f6\u00dferem Qu\u00e4kerkreis gibt.<\/p>\n<div id=\"attachment_18248\" style=\"width: 1290px\" class=\"wp-caption alignnone\"><img loading=\"lazy\" decoding=\"async\" aria-describedby=\"caption-attachment-18248\" class=\"size-full wp-image-18248\" src=\"https:\/\/www.friedenkoeln.de\/wp-content\/uploads\/2024\/03\/no-hate-2019922_1280.jpg\" alt=\"H\u00f6lzerne Spielpl\u00e4ttchen mit Buchstaben, die zu &quot;NO HATE&quot; gelegt wurden.\" width=\"1280\" height=\"854\" srcset=\"https:\/\/www.friedenkoeln.de\/wp-content\/uploads\/2024\/03\/no-hate-2019922_1280.jpg 1280w, https:\/\/www.friedenkoeln.de\/wp-content\/uploads\/2024\/03\/no-hate-2019922_1280-200x133.jpg 200w, https:\/\/www.friedenkoeln.de\/wp-content\/uploads\/2024\/03\/no-hate-2019922_1280-768x512.jpg 768w\" sizes=\"auto, (max-width: 1280px) 100vw, 1280px\" \/><p id=\"caption-attachment-18248\" class=\"wp-caption-text\">&#8222;NO HATE&#8220;, Bild: Wokanapix, Pixabay.<\/p><\/div>\n<hr \/>\n<p><em>Kajo Mentges ist bei den Qu\u00e4kern in Wuppertal aktiv. Wir bedanken uns f\u00fcr seinen Text, der zuerst in &#8222;Qu\u00e4ker. Zeitschrift der deutschen Freunde&#8220; (3-4\/2024) erschien.<\/em><\/p>\n","protected":false},"excerpt":{"rendered":"<p>Von Kajo Mentges. Ganz Wuppertal hasst die AfD! Diese von den meisten der ca. 10 000 Menschen \u00f6fter skandierte Hassparole auf der Demo gegen Rechts am 20.1.2024 vor dem Wuppertaler Hauptbahnhof konnte ich nicht&#46;&#46;&#46;<\/p>\n","protected":false},"author":110,"featured_media":18248,"comment_status":"open","ping_status":"open","sticky":false,"template":"","format":"standard","meta":{"footnotes":""},"categories":[107],"tags":[40,100,221],"class_list":["post-18242","post","type-post","status-publish","format-standard","has-post-thumbnail","hentry","category-kommentar","tag-demokratie","tag-ethik","tag-friedenspolitik"],"_links":{"self":[{"href":"https:\/\/www.friedenkoeln.de\/index.php?rest_route=\/wp\/v2\/posts\/18242","targetHints":{"allow":["GET"]}}],"collection":[{"href":"https:\/\/www.friedenkoeln.de\/index.php?rest_route=\/wp\/v2\/posts"}],"about":[{"href":"https:\/\/www.friedenkoeln.de\/index.php?rest_route=\/wp\/v2\/types\/post"}],"author":[{"embeddable":true,"href":"https:\/\/www.friedenkoeln.de\/index.php?rest_route=\/wp\/v2\/users\/110"}],"replies":[{"embeddable":true,"href":"https:\/\/www.friedenkoeln.de\/index.php?rest_route=%2Fwp%2Fv2%2Fcomments&post=18242"}],"version-history":[{"count":4,"href":"https:\/\/www.friedenkoeln.de\/index.php?rest_route=\/wp\/v2\/posts\/18242\/revisions"}],"predecessor-version":[{"id":18249,"href":"https:\/\/www.friedenkoeln.de\/index.php?rest_route=\/wp\/v2\/posts\/18242\/revisions\/18249"}],"wp:featuredmedia":[{"embeddable":true,"href":"https:\/\/www.friedenkoeln.de\/index.php?rest_route=\/wp\/v2\/media\/18248"}],"wp:attachment":[{"href":"https:\/\/www.friedenkoeln.de\/index.php?rest_route=%2Fwp%2Fv2%2Fmedia&parent=18242"}],"wp:term":[{"taxonomy":"category","embeddable":true,"href":"https:\/\/www.friedenkoeln.de\/index.php?rest_route=%2Fwp%2Fv2%2Fcategories&post=18242"},{"taxonomy":"post_tag","embeddable":true,"href":"https:\/\/www.friedenkoeln.de\/index.php?rest_route=%2Fwp%2Fv2%2Ftags&post=18242"}],"curies":[{"name":"wp","href":"https:\/\/api.w.org\/{rel}","templated":true}]}}