{"id":18250,"date":"2024-03-29T18:11:49","date_gmt":"2024-03-29T17:11:49","guid":{"rendered":"https:\/\/www.friedenkoeln.de\/?p=18250"},"modified":"2024-03-29T18:11:49","modified_gmt":"2024-03-29T17:11:49","slug":"mitmachen-ostermaersche-in-koeln-duesseldorf-und-umgebung","status":"publish","type":"post","link":"https:\/\/www.friedenkoeln.de\/?p=18250","title":{"rendered":"Mitmachen: Osterm\u00e4rsche in K\u00f6ln, D\u00fcsseldorf und Umgebung"},"content":{"rendered":"<p><em>Beteiligt Euch an den Osterm\u00e4rschen! Hier sind noch einmal zum Nachlesen die Ostermarsch-Termine in K\u00f6ln, D\u00fcsseldorf und Umgebung:<\/em><\/p>\n<hr \/>\n<h4>D\u00fcsseldorf &#8211; Duisburg &#8211; K\u00f6ln &#8211; D\u00fcren &#8211; Neuss <img loading=\"lazy\" decoding=\"async\" class=\"alignnone size-full wp-image-18254\" src=\"https:\/\/www.friedenkoeln.de\/wp-content\/uploads\/2024\/03\/Flyer-Ostermarsch-Duesseldorf-2024-S1.jpg\" alt=\"\" width=\"841\" height=\"595\" srcset=\"https:\/\/www.friedenkoeln.de\/wp-content\/uploads\/2024\/03\/Flyer-Ostermarsch-Duesseldorf-2024-S1.jpg 841w, https:\/\/www.friedenkoeln.de\/wp-content\/uploads\/2024\/03\/Flyer-Ostermarsch-Duesseldorf-2024-S1-200x141.jpg 200w, https:\/\/www.friedenkoeln.de\/wp-content\/uploads\/2024\/03\/Flyer-Ostermarsch-Duesseldorf-2024-S1-768x543.jpg 768w\" sizes=\"auto, (max-width: 841px) 100vw, 841px\" \/><\/h4>\n<p><a href=\"https:\/\/www.friedenkoeln.de\/wp-content\/uploads\/2024\/03\/Flyer-Ostermarsch-Duesseldorf-2024.pdf\">Flyer des Friedensforum D\u00fcsseldorf mit dem vollst\u00e4ndigen Aufruf-Text zum Download.<\/a><\/p>\n<h4>Gronau &#8211; Duisburg &#8211; K\u00f6ln &#8211; Neuss &#8211; Essen &#8211; Gelsenkirchen &#8211; Wattenscheid &#8211; Herne &#8211; Bochum &#8211; Dortmund<\/h4>\n<p><img loading=\"lazy\" decoding=\"async\" class=\"alignnone size-full wp-image-18136\" src=\"https:\/\/www.friedenkoeln.de\/wp-content\/uploads\/2024\/03\/Ostermarsch_2024_A3_DRUCK.jpg\" alt=\"Ank\u00fcndigungsplakat auf blauem Grund mit einer gro\u00dfen wei\u00dfen auffliegenden Taube vor einem wei\u00dfen Peace-Zeichen\" width=\"1695\" height=\"2392\" srcset=\"https:\/\/www.friedenkoeln.de\/wp-content\/uploads\/2024\/03\/Ostermarsch_2024_A3_DRUCK.jpg 1695w, https:\/\/www.friedenkoeln.de\/wp-content\/uploads\/2024\/03\/Ostermarsch_2024_A3_DRUCK-142x200.jpg 142w, https:\/\/www.friedenkoeln.de\/wp-content\/uploads\/2024\/03\/Ostermarsch_2024_A3_DRUCK-768x1084.jpg 768w, https:\/\/www.friedenkoeln.de\/wp-content\/uploads\/2024\/03\/Ostermarsch_2024_A3_DRUCK-1088x1536.jpg 1088w, https:\/\/www.friedenkoeln.de\/wp-content\/uploads\/2024\/03\/Ostermarsch_2024_A3_DRUCK-1451x2048.jpg 1451w\" sizes=\"auto, (max-width: 1695px) 100vw, 1695px\" \/><\/p>\n<p><a href=\"https:\/\/www.friedenkoeln.de\/wp-content\/uploads\/2024\/03\/PM-Ostermarsch-Koeln-2024.pdf\">Pressemitteilung des K\u00f6lner Friedensforums zum Download<\/a><\/p>\n<h4>B\u00fcchel \/ Eifel<\/h4>\n<p>Am Ostermontag f\u00e4hrt ein Bus um 11:30 Uhr ab K\u00f6ln, Breslauer Platz zum Ostermarsch in B\u00fcchel\/Eifel, wo die US-Atomwaffen stationiert sind. Weitere Infos hierzu sind auf der Internetseite https:\/\/greenwire.greenpeace.de\/osterdemo_buechel_2024 zu finden.<\/p>\n<p>&nbsp;<\/p>\n","protected":false},"excerpt":{"rendered":"<p>Beteiligt Euch an den Osterm\u00e4rschen! Hier sind noch einmal zum Nachlesen die Ostermarsch-Termine in K\u00f6ln, D\u00fcsseldorf und Umgebung: D\u00fcsseldorf &#8211; Duisburg &#8211; K\u00f6ln &#8211; D\u00fcren &#8211; Neuss Flyer des Friedensforum D\u00fcsseldorf mit dem vollst\u00e4ndigen&#46;&#46;&#46;<\/p>\n","protected":false},"author":110,"featured_media":18254,"comment_status":"open","ping_status":"open","sticky":false,"template":"","format":"standard","meta":{"footnotes":""},"categories":[104],"tags":[42,221,180],"class_list":["post-18250","post","type-post","status-publish","format-standard","has-post-thumbnail","hentry","category-ankuendigung","tag-abruestung","tag-friedenspolitik","tag-ostermarsch"],"_links":{"self":[{"href":"https:\/\/www.friedenkoeln.de\/index.php?rest_route=\/wp\/v2\/posts\/18250","targetHints":{"allow":["GET"]}}],"collection":[{"href":"https:\/\/www.friedenkoeln.de\/index.php?rest_route=\/wp\/v2\/posts"}],"about":[{"href":"https:\/\/www.friedenkoeln.de\/index.php?rest_route=\/wp\/v2\/types\/post"}],"author":[{"embeddable":true,"href":"https:\/\/www.friedenkoeln.de\/index.php?rest_route=\/wp\/v2\/users\/110"}],"replies":[{"embeddable":true,"href":"https:\/\/www.friedenkoeln.de\/index.php?rest_route=%2Fwp%2Fv2%2Fcomments&post=18250"}],"version-history":[{"count":4,"href":"https:\/\/www.friedenkoeln.de\/index.php?rest_route=\/wp\/v2\/posts\/18250\/revisions"}],"predecessor-version":[{"id":18258,"href":"https:\/\/www.friedenkoeln.de\/index.php?rest_route=\/wp\/v2\/posts\/18250\/revisions\/18258"}],"wp:featuredmedia":[{"embeddable":true,"href":"https:\/\/www.friedenkoeln.de\/index.php?rest_route=\/wp\/v2\/media\/18254"}],"wp:attachment":[{"href":"https:\/\/www.friedenkoeln.de\/index.php?rest_route=%2Fwp%2Fv2%2Fmedia&parent=18250"}],"wp:term":[{"taxonomy":"category","embeddable":true,"href":"https:\/\/www.friedenkoeln.de\/index.php?rest_route=%2Fwp%2Fv2%2Fcategories&post=18250"},{"taxonomy":"post_tag","embeddable":true,"href":"https:\/\/www.friedenkoeln.de\/index.php?rest_route=%2Fwp%2Fv2%2Ftags&post=18250"}],"curies":[{"name":"wp","href":"https:\/\/api.w.org\/{rel}","templated":true}]}}