{"id":18259,"date":"2024-04-01T09:58:14","date_gmt":"2024-04-01T07:58:14","guid":{"rendered":"https:\/\/www.friedenkoeln.de\/?p=18259"},"modified":"2024-04-01T09:58:14","modified_gmt":"2024-04-01T07:58:14","slug":"ostermarsch-sprecherinnenkreis-erinnert-an-aktualisierte-cannabis-gesetzgebung","status":"publish","type":"post","link":"https:\/\/www.friedenkoeln.de\/?p=18259","title":{"rendered":"Ostermarsch-Sprecher:innenkreis erinnert an aktualisierte Cannabis-Gesetzgebung"},"content":{"rendered":"<p>Ab heute, Montag 1.April 2024, gilt eine neue Regelung f\u00fcr Cannabis. Das bedeutet f\u00fcr jeden erwachsenen Menschen in Deutschland die Pflicht, jederzeit 25 Gramm Cannabis mit sich zu f\u00fchren. Die Verantwortlichen des Ostermarsch Rhein-Ruhr sind zuversichtlich, dass die Friedensdemonstrierenden sich rechtzeitig auf diese neue Regelung vorbereitet haben, genau wie auf die Umstellung der Uhr auf Sommerzeit in der Nacht zum Sonntag. Am Ostersonntag sind alle rechtzeitig zum Ostermarsch Rhein Ruhr erschienen.<\/p>\n<p>Felix Oekentorp, einer der Sprecher des Ostermarsch Rhein Ruhr, ist zuversichtlich, dass es am Ostermontag keine Verst\u00f6\u00dfe gegen die neue Cannabis-Regeln geben wird und alle Ostermarschierenden jederzeit in der Lage sein werden, die vorgeschriebenen 25 Gramm Marihuana bei Personenkontrollen vorweisen zu k\u00f6nnen. Sollte es dennoch vorkommen, dass doch einmal ein Friedensdemonstrant die erforderliche Menge an Cannabis nicht mit sich f\u00fchren sollte, pl\u00e4diert er bei der Polizei um Nachsicht:<\/p>\n<blockquote><p>Mitunter k\u00f6nnten Beschaffungsprobleme dazu f\u00fchren, dass nicht alle der Regelung in vollem Umfang sofort nachkommen konnten. Die Organisationsverantwortlichen des Ostermarsch Rhein Ruhr stehen deshalb in aussichtsreichen Verhandlungen mit mehreren Anbietern, so dass niemand nach Abschluss des 3. Ostermarschtages gegen diese neue Regelung versto\u00dfen muss.<\/p><\/blockquote>\n<p>Das Ostermarsch-Team Rhein Ruhr freut sich auf ein gemeinsames Peace-Happening am 1. April in Dortmund. Auftakt ist um 13:30 in Dorstfeld auf dem Wilhelmplatz.<\/p>\n<div id=\"attachment_18261\" style=\"width: 1290px\" class=\"wp-caption aligncenter\"><img loading=\"lazy\" decoding=\"async\" aria-describedby=\"caption-attachment-18261\" class=\"size-full wp-image-18261\" src=\"https:\/\/www.friedenkoeln.de\/wp-content\/uploads\/2024\/04\/vw-1308501_1280.jpg\" alt=\"Ein mit Blumen und Peace-Zeichen bemalter Spielzeug-VW-Bulli steht auf einer Wiese zwischen G\u00e4nsebl\u00fcmchen.\" width=\"1280\" height=\"851\" srcset=\"https:\/\/www.friedenkoeln.de\/wp-content\/uploads\/2024\/04\/vw-1308501_1280.jpg 1280w, https:\/\/www.friedenkoeln.de\/wp-content\/uploads\/2024\/04\/vw-1308501_1280-200x133.jpg 200w, https:\/\/www.friedenkoeln.de\/wp-content\/uploads\/2024\/04\/vw-1308501_1280-768x511.jpg 768w\" sizes=\"auto, (max-width: 1280px) 100vw, 1280px\" \/><p id=\"caption-attachment-18261\" class=\"wp-caption-text\">Foto: Alexas_Fotos, Pixabay<\/p><\/div>\n<hr \/>\n<p><em>Wir danken der DFG-VK NRW f\u00fcr diesen wichtigen Hinweis!<\/em><\/p>\n","protected":false},"excerpt":{"rendered":"<p>Ab heute, Montag 1.April 2024, gilt eine neue Regelung f\u00fcr Cannabis. Das bedeutet f\u00fcr jeden erwachsenen Menschen in Deutschland die Pflicht, jederzeit 25 Gramm Cannabis mit sich zu f\u00fchren. Die Verantwortlichen des Ostermarsch Rhein-Ruhr&#46;&#46;&#46;<\/p>\n","protected":false},"author":110,"featured_media":18261,"comment_status":"open","ping_status":"open","sticky":false,"template":"","format":"standard","meta":{"footnotes":""},"categories":[172],"tags":[180],"class_list":["post-18259","post","type-post","status-publish","format-standard","has-post-thumbnail","hentry","category-satire","tag-ostermarsch"],"_links":{"self":[{"href":"https:\/\/www.friedenkoeln.de\/index.php?rest_route=\/wp\/v2\/posts\/18259","targetHints":{"allow":["GET"]}}],"collection":[{"href":"https:\/\/www.friedenkoeln.de\/index.php?rest_route=\/wp\/v2\/posts"}],"about":[{"href":"https:\/\/www.friedenkoeln.de\/index.php?rest_route=\/wp\/v2\/types\/post"}],"author":[{"embeddable":true,"href":"https:\/\/www.friedenkoeln.de\/index.php?rest_route=\/wp\/v2\/users\/110"}],"replies":[{"embeddable":true,"href":"https:\/\/www.friedenkoeln.de\/index.php?rest_route=%2Fwp%2Fv2%2Fcomments&post=18259"}],"version-history":[{"count":2,"href":"https:\/\/www.friedenkoeln.de\/index.php?rest_route=\/wp\/v2\/posts\/18259\/revisions"}],"predecessor-version":[{"id":18262,"href":"https:\/\/www.friedenkoeln.de\/index.php?rest_route=\/wp\/v2\/posts\/18259\/revisions\/18262"}],"wp:featuredmedia":[{"embeddable":true,"href":"https:\/\/www.friedenkoeln.de\/index.php?rest_route=\/wp\/v2\/media\/18261"}],"wp:attachment":[{"href":"https:\/\/www.friedenkoeln.de\/index.php?rest_route=%2Fwp%2Fv2%2Fmedia&parent=18259"}],"wp:term":[{"taxonomy":"category","embeddable":true,"href":"https:\/\/www.friedenkoeln.de\/index.php?rest_route=%2Fwp%2Fv2%2Fcategories&post=18259"},{"taxonomy":"post_tag","embeddable":true,"href":"https:\/\/www.friedenkoeln.de\/index.php?rest_route=%2Fwp%2Fv2%2Ftags&post=18259"}],"curies":[{"name":"wp","href":"https:\/\/api.w.org\/{rel}","templated":true}]}}