{"id":18291,"date":"2024-04-17T07:00:13","date_gmt":"2024-04-17T05:00:13","guid":{"rendered":"https:\/\/www.friedenkoeln.de\/?p=18291"},"modified":"2024-04-16T17:42:29","modified_gmt":"2024-04-16T15:42:29","slug":"mitmachen-aktion-weisse-fahnen-mittwochs-vor-dem-koelner-dom","status":"publish","type":"post","link":"https:\/\/www.friedenkoeln.de\/?p=18291","title":{"rendered":"Mitmachen: &#8222;Aktion Wei\u00dfe Fahnen&#8220; mittwochs vor dem K\u00f6lner Dom"},"content":{"rendered":"<p><em>Wir laden ein: jeden Mittwoch 15 &#8211; 16 Uhr am R\u00f6merbogen vor dem K\u00f6lner Dom. Bringt wei\u00dfe Fahnen mit! <\/em><\/p>\n<p><em>Schlagwort #AktionWei\u00dfeFahnen<\/em><\/p>\n<p><em>Au\u00dferdem freuen wir uns \u00fcber Eure eigenen Wei\u00dfe-Fahnen-Aktionen an anderen Orten und zu anderen Zeiten! Schickt gerne Eure Ank\u00fcndigungen, Fotos und Berichte zur Ver\u00f6ffentlichung an kontakt@friedenkoeln.de !<\/em><\/p>\n<hr \/>\n<p>Zum Auftakt der &#8222;Aktion Wei\u00dfe Fahnen&#8220; schwenkten die DFG-VK-Aktiven Andreas Erdmann, Ariane Dettloff und Thespina Lazaridu wei\u00dfe Fahnen vor dem K\u00f6lner Dom. Sie symbolisieren die Forderung &#8222;Verhandeln statt Bomben&#8220;.<\/p>\n<div id=\"attachment_18311\" style=\"width: 819px\" class=\"wp-caption aligncenter\"><img loading=\"lazy\" decoding=\"async\" aria-describedby=\"caption-attachment-18311\" class=\"wp-image-18311 size-full\" src=\"https:\/\/www.friedenkoeln.de\/wp-content\/uploads\/2024\/04\/image0.jpeg\" alt=\"Zwei Frauen und ein Mann, darunter zwei auf leeren Getr\u00e4nkekisten stehend, schwenken gro\u00dfe wei\u00dfe Fahnen vor dem gro\u00dfen Portal eines gotischen Domes. Im Hintergrund Menschengruppen.\" width=\"809\" height=\"976\" srcset=\"https:\/\/www.friedenkoeln.de\/wp-content\/uploads\/2024\/04\/image0.jpeg 809w, https:\/\/www.friedenkoeln.de\/wp-content\/uploads\/2024\/04\/image0-166x200.jpeg 166w, https:\/\/www.friedenkoeln.de\/wp-content\/uploads\/2024\/04\/image0-768x927.jpeg 768w\" sizes=\"auto, (max-width: 809px) 100vw, 809px\" \/><p id=\"caption-attachment-18311\" class=\"wp-caption-text\">&#8222;Aktion Wei\u00dfe Fahne&#8220; von Mitgliedern der DFG-VK Gruppe K\u00f6ln vor dem K\u00f6lner Dom, 3.4.2024. Foto: privat<\/p><\/div>\n<p>Nachdem Papst Franziskus in einem l\u00e4ngeren Interview das Symbol der Parlament\u00e4re im kriegerischen Konflikt (\u00a732 der Haager Landkriegsordnung), die Wei\u00dfe Flagge, im Zusammenhang mit dem Ukrainekrieg erw\u00e4hnt hatte, entspann sich eine \u00f6ffentliche Diskussion \u00fcber die Bedeutung des emotional aufgeladenen Symbols und vor allem dar\u00fcber, was der Papst gemeint habe. Der Vatikan stellte daraufhin klar, dass er<\/p>\n<blockquote><p>vor allem zu einem Waffenstillstand aufrufen und den Mut zu Verhandlungen wiederbeleben<\/p><\/blockquote>\n<p>wollte. Nach der Haager Landkriegsordnung hat ein Parlament\u00e4r, der von einem der Kriegf\u00fchrenden bevollm\u00e4chtigt ist, mit dem anderen in Unterhandlungen zu treten, und sich mit der wei\u00dfen Fahne zeigt, Anspruch auf Unverletzlichkeit.<\/p>\n<p>Wir wollen mit unseren symbolischen Aktionen Mut machen, miteinander zu verhandeln.<\/p>\n<p>Wir wollen darauf aufmerksam machen, dass sich immer wieder Chancen zu Verhandlungen bieten, und hoffen, dass hiesige Politiker*innen solche Gelegenheiten beim Schopf ergreifen und sie bekannt machen.<\/p>\n<p>Die \u00e4rztliche Friedensorganisation IPPNW hat \u00fcbrigens schon viele Verhandlungserfolge und -chancen im Ukrainekrieg dokumentiert:<\/p>\n<p><a href=\"https:\/\/www.friedenkoeln.de\/wp-content\/uploads\/2024\/04\/IPPNW_Waffenstillstand_und_Frieden_Ukrainekonflikt_20240200.pdf\">IPPNW: Waffenstillstand und Frieden f\u00fcr die Ukraine. Eine Sammlung bestehender Vorschl\u00e4ge und m\u00f6glicher Schritte, den Krieg in der Ukraine durch Diplomatie statt durch Waffen zu beenden, 6. Auflage, 2\/2024<\/a><\/p>\n","protected":false},"excerpt":{"rendered":"<p>Wir laden ein: jeden Mittwoch 15 &#8211; 16 Uhr am R\u00f6merbogen vor dem K\u00f6lner Dom. Bringt wei\u00dfe Fahnen mit! Schlagwort #AktionWei\u00dfeFahnen Au\u00dferdem freuen wir uns \u00fcber Eure eigenen Wei\u00dfe-Fahnen-Aktionen an anderen Orten und zu&#46;&#46;&#46;<\/p>\n","protected":false},"author":110,"featured_media":18311,"comment_status":"open","ping_status":"open","sticky":false,"template":"","format":"standard","meta":{"footnotes":""},"categories":[2,104],"tags":[90,91,249],"class_list":["post-18291","post","type-post","status-publish","format-standard","has-post-thumbnail","hentry","category-aktionen","category-ankuendigung","tag-friedensverhandlung","tag-voelkerrecht","tag-waffenstillstand"],"_links":{"self":[{"href":"https:\/\/www.friedenkoeln.de\/index.php?rest_route=\/wp\/v2\/posts\/18291","targetHints":{"allow":["GET"]}}],"collection":[{"href":"https:\/\/www.friedenkoeln.de\/index.php?rest_route=\/wp\/v2\/posts"}],"about":[{"href":"https:\/\/www.friedenkoeln.de\/index.php?rest_route=\/wp\/v2\/types\/post"}],"author":[{"embeddable":true,"href":"https:\/\/www.friedenkoeln.de\/index.php?rest_route=\/wp\/v2\/users\/110"}],"replies":[{"embeddable":true,"href":"https:\/\/www.friedenkoeln.de\/index.php?rest_route=%2Fwp%2Fv2%2Fcomments&post=18291"}],"version-history":[{"count":16,"href":"https:\/\/www.friedenkoeln.de\/index.php?rest_route=\/wp\/v2\/posts\/18291\/revisions"}],"predecessor-version":[{"id":18357,"href":"https:\/\/www.friedenkoeln.de\/index.php?rest_route=\/wp\/v2\/posts\/18291\/revisions\/18357"}],"wp:featuredmedia":[{"embeddable":true,"href":"https:\/\/www.friedenkoeln.de\/index.php?rest_route=\/wp\/v2\/media\/18311"}],"wp:attachment":[{"href":"https:\/\/www.friedenkoeln.de\/index.php?rest_route=%2Fwp%2Fv2%2Fmedia&parent=18291"}],"wp:term":[{"taxonomy":"category","embeddable":true,"href":"https:\/\/www.friedenkoeln.de\/index.php?rest_route=%2Fwp%2Fv2%2Fcategories&post=18291"},{"taxonomy":"post_tag","embeddable":true,"href":"https:\/\/www.friedenkoeln.de\/index.php?rest_route=%2Fwp%2Fv2%2Ftags&post=18291"}],"curies":[{"name":"wp","href":"https:\/\/api.w.org\/{rel}","templated":true}]}}