{"id":18307,"date":"2024-04-09T18:00:43","date_gmt":"2024-04-09T16:00:43","guid":{"rendered":"https:\/\/www.friedenkoeln.de\/?p=18307"},"modified":"2024-04-07T20:01:42","modified_gmt":"2024-04-07T18:01:42","slug":"peter-buerger-pazifismus-ist-liebe-zum-leben-fundamentalopposition-gegen-das-programm-krieg","status":"publish","type":"post","link":"https:\/\/www.friedenkoeln.de\/?p=18307","title":{"rendered":"Peter B\u00fcrger: &#8222;Pazifismus ist Liebe zum Leben: Fundamentalopposition gegen das Programm Krieg&#8220;"},"content":{"rendered":"<p><em>Wir dokumentieren hier die Rede des Theologen und freien Publizisten Peter B\u00fcrger beim Ostermarsch am 30.03.2024 in K\u00f6ln:<\/em><\/p>\n<hr \/>\n<p><em>Der Redebeitrag wird frei gehalten und je nach Zeitablauf stark verk\u00fcrzt; der nachfolgende Text enth\u00e4lt die Inhalte, die mitgeteilt werden sollen.<\/em><\/p>\n<div id=\"attachment_18271\" style=\"width: 510px\" class=\"wp-caption alignright\"><img loading=\"lazy\" decoding=\"async\" aria-describedby=\"caption-attachment-18271\" class=\"size-medium wp-image-18271\" src=\"https:\/\/www.friedenkoeln.de\/wp-content\/uploads\/2024\/04\/DSC_0121-500x500.jpg\" alt=\"Ein Mann mit brauner Schl\u00e4germ\u00fctze und schwarzer Lederjacke spricht in ein Mikro\" width=\"500\" height=\"500\" srcset=\"https:\/\/www.friedenkoeln.de\/wp-content\/uploads\/2024\/04\/DSC_0121-500x500.jpg 500w, https:\/\/www.friedenkoeln.de\/wp-content\/uploads\/2024\/04\/DSC_0121-80x80.jpg 80w, https:\/\/www.friedenkoeln.de\/wp-content\/uploads\/2024\/04\/DSC_0121-320x320.jpg 320w\" sizes=\"auto, (max-width: 500px) 100vw, 500px\" \/><p id=\"caption-attachment-18271\" class=\"wp-caption-text\">Peter B\u00fcrger, beim Ostermarsch K\u00f6ln, Hans-B\u00f6ckler-Platz, 30.3.2024. Foto: Stefanie Intveen<\/p><\/div>\n<p>Liebe Mitmenschen,<br \/>\nliebe Freundinnen und Freunde in der Friedensbewegung:<\/p>\n<p><em>Schalom-Salaam<\/em> \u2013 diesen Gru\u00df wider den Hass habt vor allem ihr K\u00f6lner seit letztem Oktober ins Land NRW geschickt. Als D\u00fcsseldorfer rede ich heute auch deshalb gerne im geliebten K\u00f6ln, weil hier ein Sozialdemokrat lebt, der zwar kein Pazifist ist, aber uns Pazifisten mit Respekt begegnet und vor allem einen klaren Verstand behalten hat. Rolf M\u00fctzenich ist vermutlich nicht religi\u00f6s, aber ich bete manchmal f\u00fcr ihn und die ihm Nahestehenden, dass sie bei der \u00f6ffentlichen Hetze der Kriegsgl\u00e4ubigen trotz alledem den K\u00f6lner Humor ins Spiel bringen k\u00f6nnen.<\/p>\n<p>An meinem Wohnort D\u00fcsseldorf haben wir hingegen die m\u00e4chtige Zentrale der Totmach-Industrie, den Rheinmetall-Konzern, und passend zu den in die H\u00f6he\u00a0 schnellenden Rheinmetall-Todesaktien die oberste Gro\u00dfmutter der deutsch-katholischen Kriegspredigt, Frau Agnes Strack-Zimmermann. Sie malt sich ihre Welt, wie es der Waffenindustrie gef\u00e4llt \u2026 und dergleichen hat noch nie in der Geschichte etwas Gutes bedeutet.<\/p>\n<p style=\"text-align: center;\"><strong>(1) Ein Wort zum Kirchentum in deutschen Landen<\/strong><\/p>\n<p>Da ich hier ausdr\u00fccklich als Christ eingeladen bin, erlaubt mir ein Wort zum Kirchentum in deutschen Landen. Bis zu 13.000 Euro Monatsgehalt bekommen die Bischofspersonen. Die Kirchenkasse nimmt das aus staatlichen Dauerzahlungen. Ich wei\u00df nicht, wie man solches zusammenreimt mit Jesus von Nazareth, der f\u00fcr mich allein Wegweiser ist. In zwei Weltkriegen haben die beiden deutschen Gro\u00dfkirchen die Kriegspolitik der deutschen Regierungen folgsam gest\u00fctzt. Daran hat sich bis heute nicht wirklich etwas ge\u00e4ndert. Ich bleibe nur deshalb r\u00f6misch-katholisch, weil es die Weltkirche und in ihr eine globale Bewegung zugunsten intelligenter Gewaltfreiheit gibt. Von hier aus rufe ich Richtung Rom: \u201ePapa Francesco, Bruder Papst! Sei bedankt daf\u00fcr, dass Du dich der irrationalen Milit\u00e4rreligion der M\u00e4chtigen nicht anbiederst, dass Dir die hunderttausendfachen \u2013 v\u00f6llig sinnlosen \u2013 Tode junger Ukrainer und\u00a0 Russen nicht gleichg\u00fcltig sind und dass Du den gegenw\u00e4rtigen Weltkrieg auf Raten beim Namen nennst!\u201c<\/p>\n<p><em>Beantwortet das B\u00f6se nicht mit B\u00f6sem und noch B\u00f6serem<\/em>. Diese Weisung aus Galil\u00e4a ist die einzige \u00dcberlebenschance unserer Gattung. Sonst werden wir am Ende alle Ungeheuer mit der neuen Atomwaffen-Generation (\u201emore useable\u201c) ausgerottet haben und den Rest der menschlichen Spezies gleich mit. Eine wirklich totale L\u00f6sung aller Probleme.<\/p>\n<p style=\"text-align: center;\"><strong>(2) Sind wir als Friedensbewegung parteiisch?<\/strong><\/p>\n<p><span dir=\"ltr\" role=\"presentation\">Wir k\u00f6nnen als Menschen, als Friedensbewegung auch hier in K\u00f6ln den zahllosen Schaupl\u00e4tzen <\/span><span dir=\"ltr\" role=\"presentation\">der Milit\u00e4rgewalt auf dem Globus nicht gerecht werden, ob in der Ukraine, in Gaza, im Jemen, <\/span><span dir=\"ltr\" role=\"presentation\">im Sudan, im Kongo \u2026 Die Medien beleuchten nur, was jeweils in die nationale Agenda passt. <\/span><span dir=\"ltr\" role=\"presentation\">Das Schicksal von Millionen Menschen, die in Afrika vor einer Hungerskatastrophe stehen, ist <\/span><span dir=\"ltr\" role=\"presentation\">bisweilen nicht einmal einen Nebensatz wert. Wir sollten zugeben, dass wir in dieser schr\u00e4gen <\/span><span dir=\"ltr\" role=\"presentation\">Optik mit drinstecken.<\/span><\/p>\n<p><span dir=\"ltr\" role=\"presentation\">Es herrscht die \u201eregelbasierte Weltunordnung\u201c eines aggressiven Wirtschaftssystems, in der wenige hundert Individuen mehr besitzen als die \u00e4rmere H\u00e4lfte der ganzen\u00a0 Weltbev\u00f6lkerung und das \u2013 wie der Papst richtig anmerkt \u2013 \u00fcber Leichen geht.\u00a0 Investiert wird in die profitablen Kriegsindustrien. F\u00fcr Gewaltpr\u00e4vention und die Rettung von Menschenleben bleiben de facto nur \u201ePortokassen\u201c \u00fcbrig. Wo, bitte sch\u00f6n, sollten unter solchen Vorzeichen die guten \u201emoralischen Akteure\u201c anzutreffen sein? In Moskau ganz sicher nicht, in Washington bzw. in der NATO ebenso wenig.<\/span><\/p>\n<p><span dir=\"ltr\" role=\"presentation\">Pazifismus l\u00f6st sich selbst auf, sobald er sich gemein macht mit irgendeiner Kriegspartei. Wer klar sieht, wei\u00df, dass es weder \u201emenschenfreundliche Kriege\u201c noch \u201egute Imperien oder Milit\u00e4rkomplexe\u201c gibt. Wir brauchen keine Welt mit bi- oder multipolaren Machtzentren, sondern ein Weltgef\u00fcge ganz ohne imperiale Machtdiktate.<\/span><\/p>\n<p><span dir=\"ltr\" role=\"presentation\">Doch die Friedensbewegung ist durchaus parteiisch \u2013 f\u00fcr alle Verdammten dieser Erde: Wir stehen stets unterschiedslos an der Seite der Opfer, ob in Israel oder Gaza, in der Ukraine oder Russland, ob in prowestlichen oder anderen Lagern, ob in zivilen Haushalten oder auf Seiten der Soldaten, die von den Herrschenden auf das Schlachtfeld geschickt werden \u2026 (Beim hehren Wort \u201eMitgef\u00fchl\u201c sollten wir allerdings vorsichtig sein, wenn es um zigtausende oder Millionen Tote geht.)<\/span><\/p>\n<p><span dir=\"ltr\" role=\"presentation\">Solange es auf Ebene der Vereinten Nationen keine entsprechende neutrale Einrichtung f\u00fcr den ganzen Erdkreis gibt, bleibt das Opferged\u00e4chtnis der weltweiten Friedensbewegung anvertraut. Denn die Imperien l\u00f6schen ihre Massenmorde immer schnell aus allen Geschichtsb\u00fcchern: Die hiesige Regierung will z.B. nicht eingestehen, dass der deutsche \u201erassenbiologische Vernichtungskrieg\u201c gegen die Sowjetunion ab 1941 ein planm\u00e4\u00dfiger V\u00f6lkermord war (sogar der gr\u00f6\u00dfte der gesamten Geschichte). \u2013 Millionen Menschen mussten zu Beginn dieses Jahrhunderts im sogenannten \u201eAntiterrorkrieg\u201c des christlich-fundamentalistischen US-Pr\u00e4sidenten George Bush jun. ihr Leben lassen. Die deutschen Kommentatoren sagten 2023 bezogen auf den mit L\u00fcgen ins Werk gesetzten Angriff auf den Irak, das sei ein strategischer <em>Fehler<\/em> gewesen, aber sie verschwiegen, dass er \u2013 auch unabh\u00e4ngig von der Folterkammern \u2013 ein unvorstellbares <em>Verbrechen<\/em> war. So rassistisch ist das herrschende Denken. Das Leben von Millionen Arabern oder<br role=\"presentation\" \/>Muslimen z\u00e4hlt einfach nicht im westlichen Lager.<\/span><\/p>\n<p style=\"text-align: center;\"><strong>(3) &#8222;Kriegst\u00fcchtigkeit&#8220; gem\u00e4\u00df Pistolenschuss:<br \/>\nDer deutsche Militarismus ist wieder \u00f6ffentliche Doktrin<\/strong><\/p>\n<p><span dir=\"ltr\" role=\"presentation\">Vor dreieinhalb Jahrzehnten waren wir alle wie Tr\u00e4umende, zuversichtlich mit Blick auf das <\/span><span dir=\"ltr\" role=\"presentation\">Kommende. Jede Dekade brachte dann Desillusionierungen und die bange Frage: Ob es noch <\/span><span dir=\"ltr\" role=\"presentation\">schlimmer kommt? Es kam noch schlimmer. Gegenw\u00e4rtig sind wir Zeugen einer rasanten Re<\/span><span dir=\"ltr\" role=\"presentation\">naissance des deutschen Militarismus, deren Tempo unser Fassungsverm\u00f6gen \u00fcbersteigt. Bis <\/span><span dir=\"ltr\" role=\"presentation\">ins Kinderzimmer hinein reicht die Waffenpropaganda des Fernsehens. B\u00fcrgerrechte und Ge<\/span><span dir=\"ltr\" role=\"presentation\">wissen von Pazifisten sind nicht mehr gesch\u00fctzt. Wir werden vom Staat gezwungen, mit Ge<\/span><span dir=\"ltr\" role=\"presentation\">b\u00fchren die Kriegsmedien mitzufinanzieren. Ich bedauere, noch bis vor kurzem das Gef\u00fcge \u00f6f<\/span><span dir=\"ltr\" role=\"presentation\">fentlich-rechtlicher Sender verteidigt zu haben.<\/span><\/p>\n<p><span dir=\"ltr\" role=\"presentation\">Ludwig Quidde (1858-1941), Erzdemokrat und Urgestein der b\u00fcrgerlichen Friedensbewegung, <\/span><span dir=\"ltr\" role=\"presentation\">hat schon 1893 den deutsch-preu\u00dfischen Militarismus scharf analysiert: \u201eFortschrittliche Libe<\/span><span dir=\"ltr\" role=\"presentation\">rale\u201c schwimmen stets mit und finden sich unversehens in autorit\u00e4ren Verh\u00e4ltnissen wieder. <\/span><span dir=\"ltr\" role=\"presentation\">F\u00fcr das Milit\u00e4r kann jederzeit \u00fcber Nacht jede geforderte Geldmenge locker gemacht werden.\u00a0<\/span><span dir=\"ltr\" role=\"presentation\">Doch Schulen, die Kinder innerlich stark machen k\u00f6nnten, Gesundheitswesen und alle sozialen <\/span><span dir=\"ltr\" role=\"presentation\">Belange der Gesellschaft liegen darnieder, gehen leer aus.<\/span><\/p>\n<p><span dir=\"ltr\" role=\"presentation\">Das ist noch immer der un\u00fcberbietbare Aberwitz: Alles, was eine Gesellschaft nachweislich <\/span><span dir=\"ltr\" role=\"presentation\">widerstandsf\u00e4hig macht gegen Milit\u00e4rdrohungen und\u00a0 Besatzungsversuche, wird auf dem Altar <\/span><span dir=\"ltr\" role=\"presentation\">der R\u00fcstungsindustrie geopfert. Die Kinder lernen nicht mehr lesen, um sp\u00e4ter desto besser als <\/span><span dir=\"ltr\" role=\"presentation\">Kanonenfutter dienen zu k\u00f6nnen. Doch f\u00fcr jene Produktionen der Todesindustrie, die die <\/span><span dir=\"ltr\" role=\"presentation\">Kriegsgefahr vergr\u00f6\u00dfern und im Ernstfall \u00fcberhaupt keine Menschenleben sch\u00fctzen k\u00f6nnen, werden Sonderbudgets \u2013 mal eben \u201ehundert Milliarden\u201c \u2013 bereitgestellt. Die\u00a0 Freiheitspredigten gelten schlie\u00dflich nur denen, die bei alldem schon im Voraus ihren Gehorsam erkl\u00e4ren.<\/span><\/p>\n<p style=\"text-align: center;\"><strong>(4) Die sehr deutsche Kampagne<br \/>\n<\/strong><strong>gegen &#8222;Lumpenpazifismus&#8220; und Antimilitarismus &#8211;<\/strong><br \/>\n<strong>wie ehedem auch judenfeindlich<\/strong><\/p>\n<p><span dir=\"ltr\" role=\"presentation\">Auferstanden ist in deutschen Landen die Hetze gegen Pazifisten und Antimilitaristen, allesamt <\/span><span dir=\"ltr\" role=\"presentation\">\u201egefallene Engel aus der H\u00f6lle\u201c. Beim letzten Atombombenprotest in B\u00fcchel hat mir der K\u00f6lner <\/span><span dir=\"ltr\" role=\"presentation\">Pfarrer Matthias Engelke eine Plakette \u201eIch bin ein Lumpenpazifist\u201c geschenkt. Ich w\u00fcnschte, <\/span><span dir=\"ltr\" role=\"presentation\">noch mehr Leute k\u00f6nnten endlich verstehen, dass dies ein Ehrenname sondergleichen ist. In <\/span><span dir=\"ltr\" role=\"presentation\">zwei Weltkriegen waren die Friedensbewegten in Deutschland eine Minderheit und die einzig <\/span><span dir=\"ltr\" role=\"presentation\">Klarsichtigen. Jeder m\u00f6ge gerne dazu geh\u00f6ren und kundtun: \u201eIch bin ein Lumpenpazifist!\u201c <\/span><span dir=\"ltr\" role=\"presentation\">Die fr\u00fchesten und bedeutendsten Friedensarbeiter seit dem 19. Jahrhundert kamen aus j\u00fcdi<\/span><span dir=\"ltr\" role=\"presentation\">schen Familien. Die Geschichte des deutschen Pazifismus \u2013 das sahen die Nazis richtig \u2013 ist <\/span><span dir=\"ltr\" role=\"presentation\">ohne Juden gar nicht vorstellbar. Und nun gibt es dieser Tage eine Neuauflage der antipazifis-<\/span><br role=\"presentation\" \/><span dir=\"ltr\" role=\"presentation\">tischen Judenfeindschaft. Unsere j\u00fcdischen Geschwister aus Initiativen f\u00fcr einen gerechten <\/span><span dir=\"ltr\" role=\"presentation\">Frieden in Nahost werden verbal mit Dreck beworfen, oder man sperrt ihnen kurzerhand das <\/span><span dir=\"ltr\" role=\"presentation\">Bankkonto.<\/span><\/p>\n<p><span dir=\"ltr\" role=\"presentation\">Ein absurder Kasus betrifft aktuell Moshe Zuckermann, Sohn von Auschwitz-\u00dcberlebenden <\/span><span dir=\"ltr\" role=\"presentation\">und ein warmherziger linker Humanist. Er erinnert als S\u00e4kularer an das Erbarmen (<\/span><span dir=\"ltr\" role=\"presentation\">rachamim<\/span><span dir=\"ltr\" role=\"presentation\">), <\/span><span dir=\"ltr\" role=\"presentation\">ohne welches es keine abrahamische Religion geben kann. Er w\u00e4scht als Israeli jenen Pseudo<\/span><span dir=\"ltr\" role=\"presentation\">linken den Kopf, die die fundamentalistische, antiemanzipatorische Hamas nicht f\u00fcr ein Mord- <\/span><span dir=\"ltr\" role=\"presentation\">und Vergewaltigungskommando, sondern f\u00fcr eine Organisation von Befreiungsk\u00e4mpfern hal<\/span><span dir=\"ltr\" role=\"presentation\">ten. Aber er sagt gleichzeitig auch wahrheitsgem\u00e4\u00df: Die israelische Regierung besteht mehr<\/span><span dir=\"ltr\" role=\"presentation\">heitlich aus Rechtsradikalen und ist verantwortlich f\u00fcr den milit\u00e4rischen Massenmord an unseren<\/span><span dir=\"ltr\" role=\"presentation\"> Menschengeschwistern in Gaza. Jetzt lie\u00df die deutsche Regierung Moshe Zuckermann be<\/span><span dir=\"ltr\" role=\"presentation\">scheinigen, er sei ein Antisemit! Juden, die dem deutschen Staat nicht gehorchen, bekommen <\/span><span dir=\"ltr\" role=\"presentation\">kurzerhand Redeverbot. Basta.<\/span><\/p>\n<p style=\"text-align: center;\"><strong>(5) Friedensbewegung ist nicht &#8222;nationale Interessenssicherung&#8220; &#8211;<br \/>\nsondern ein Internationalismus, der das Leben liebt<\/strong><\/p>\n<p><span dir=\"ltr\" role=\"presentation\">Das Ganze der Kriegsapparatur ist das Falsche! Deshalb kann als Friedensbewegung nicht jene <\/span><span dir=\"ltr\" role=\"presentation\">selektive Milit\u00e4r- und Kriegskritik gelten, die der \u201enationalen Interessenssicherung\u201c das Wort <\/span><span dir=\"ltr\" role=\"presentation\">redet. Die entsprechenden \u201ekonservativen\u201c oder auch rechtsextremen falschen \u201eFriedens<\/span><span dir=\"ltr\" role=\"presentation\">freunde\u201c wenden sich gar nicht prinzipiell gegen Hochr\u00fcstung, Waffenmodernisierung, Block<\/span><span dir=\"ltr\" role=\"presentation\">denken und milit\u00e4rische St\u00e4rke. Wenn aus ihrer Sicht Milit\u00e4rinterventionen den nationalen <\/span><span dir=\"ltr\" role=\"presentation\">deutschen Wirtschafts- und Machtinteressen zuarbeiten, haben sie im Nu gegen Waffengewalt <\/span><span dir=\"ltr\" role=\"presentation\">nichts mehr einzuwenden.<\/span><\/p>\n<p><span dir=\"ltr\" role=\"presentation\">Nat\u00fcrlich schadet es den Menschen immer auch im Inland, wenn Regierungen kriegsert\u00fcchti<\/span><span dir=\"ltr\" role=\"presentation\">gend agieren und den Vorgaben imperialer Zentren folgen. Das wird keiner guthei\u00dfen. Doch <\/span><span dir=\"ltr\" role=\"presentation\">Pazifismus bedeutet ein prinzipielles \u201eNein\u201c gegen den Milit\u00e4rkomplex. Er kann glaubw\u00fcrdig <\/span><span dir=\"ltr\" role=\"presentation\">nur sein als ein Internationalismus, der das Leben und die Menschen liebt \u2013 ohne hierbei die <\/span><span dir=\"ltr\" role=\"presentation\">Grenzen von irgendwelchen Staatsgebilden vor Augen zu haben.<\/span><\/p>\n<p><span dir=\"ltr\" role=\"presentation\">Vor wenigen Tagen hat ein \u201eLinksliberaler\u201c wie Harald Welzer im taz-Gespr\u00e4ch (20.3.2024) <\/span><span dir=\"ltr\" role=\"presentation\">herausposaunt, es seien \u201eBegriffe wie \u201adie Menschheit\u2018 oder \u201adie menschliche Gemeinschaft\u2018 <\/span><span dir=\"ltr\" role=\"presentation\">totaler Quatsch\u201c. Falscher geht es nicht<\/span><span dir=\"ltr\" role=\"presentation\">. Die \u201e<em>Menschheit<\/em>\u201c<\/span> <span dir=\"ltr\" role=\"presentation\">als Spezies hat das nahe \u00f6kologische <\/span><span dir=\"ltr\" role=\"presentation\">Drama verursacht (zugegeben: anfangs nur ein bestimmter Kulturkreis bzw. Wirtschaftskom<\/span><span dir=\"ltr\" role=\"presentation\">plex). An ihrer Bef\u00e4higung oder Nichtbef\u00e4higung zu einem<\/span> <em><span dir=\"ltr\" role=\"presentation\">gemeinschaftlichen<\/span> <\/em><span dir=\"ltr\" role=\"presentation\">\u2013 vernetzten \u2013 <\/span><span dir=\"ltr\" role=\"presentation\">Handeln der ganzen Gattung entscheidet sich die Zukunft.<\/span><\/p>\n<p style=\"text-align: center;\"><strong>(6) &#8222;No peace &#8211; no future&#8220;:<br \/>\nKlima-Aktivismus mit fundamentaler Kriegskritik ist keine Quacksalberei<\/strong><\/p>\n<p><span dir=\"ltr\" role=\"presentation\">Unermessliche Leiden und neue Formen der Barbarei sind zu prognostizieren unter dem Vor<\/span><span dir=\"ltr\" role=\"presentation\">zeichen der Erderw\u00e4rmung, die schon jetzt drastische Verwerfungen bewirkt. K\u00f6nnen wir sie <\/span><span dir=\"ltr\" role=\"presentation\">in Solidarit\u00e4t mit den nach uns Kommenden jetzt noch mindern? Das entscheidet sich in erster <\/span><span dir=\"ltr\" role=\"presentation\">Linie an der Frage, ob die Milit\u00e4rdoktrin der patriarchalischen Zivilisation beibehalten wird. <\/span><span dir=\"ltr\" role=\"presentation\">Seit den 1980er Jahren \u2013 zuletzt 2021 \u2013 ist die Frage \u201e\u00d6kologische Transformation oder Inves<\/span><span dir=\"ltr\" role=\"presentation\">titionen in die Milit\u00e4rmaschinerie?\u201c stets aufs Neue zugunsten der Kriegsindustrien entschieden <\/span><span dir=\"ltr\" role=\"presentation\">worden. Durch die weithin gr\u00fcn-b\u00fcrgerliche Pr\u00e4gung konnte bislang in der\u00a0 Klimabewegung der <\/span><span dir=\"ltr\" role=\"presentation\">Zusammenhang \u201eKrieg \u2013 Klima\u201c gar nicht sichtbar werden. (Immerhin, in Wuppertal rufen die <\/span><span dir=\"ltr\" role=\"presentation\">Jungen schon: \u201eIn der R\u00fcstung sind sie fix, f\u00fcr die Umwelt tun sie nix!\u201c).<\/span><\/p>\n<p><span dir=\"ltr\" role=\"presentation\">Wir m\u00fcssen uns angesichts des Ernstfalls entscheiden, \u201eentweder oder\u201c: Budgets f\u00fcr den Krieg <\/span><span dir=\"ltr\" role=\"presentation\">oder Budgets f\u00fcr die L\u00f6sung der \u00f6kologischen Frage, Beherrschungswissenschaften oder Wis<\/span><span dir=\"ltr\" role=\"presentation\">senschaften im Dienste einer menschenw\u00fcrdigen Zukunft, Totmach-Konzerne oder Lebensin<\/span><span dir=\"ltr\" role=\"presentation\">dustrien \u2026 R\u00fcstungsproduktion und Milit\u00e4rkomplexe sind schon in sogenannten Friedenszei<\/span><span dir=\"ltr\" role=\"presentation\">ten Spitzenreiter bei der Freisetzung von Treibhausgasen. Im Kriegsfall kennt der Angriff auf <\/span><span dir=\"ltr\" role=\"presentation\">unsere \u00f6kologischen Lebensgrundlagen dann keine Grenzen mehr \u2013 ganz zu schweigen vom <\/span><span dir=\"ltr\" role=\"presentation\">Biozid beim Einsatz der jetzt entwickelten neuen Generation der Massenvernichtungswaffen <\/span><span dir=\"ltr\" role=\"presentation\">und von den totalit\u00e4ren Potenzen des KI-Krieges \u2026<\/span><\/p>\n<p><span dir=\"ltr\" role=\"presentation\">Viel, unendlich viel schwerwiegender als all dies ist aber der Umstand, dass die monstr\u00f6se <\/span><span dir=\"ltr\" role=\"presentation\">Remilitarisierung der gesamten Weltpolitik das<\/span> <span dir=\"ltr\" role=\"presentation\">\u201e<em>Gegen einander arbeiten<\/em>\u201c<\/span> <span dir=\"ltr\" role=\"presentation\">zementiert. Eine <\/span><span dir=\"ltr\" role=\"presentation\">L\u00f6sung der \u00f6kologischen Frage ist nur denkbar in einem dialogischen, gleichberechtigten und <\/span><span dir=\"ltr\" role=\"presentation\">kooperativen Verbundgef\u00fcge der ganzen Menschenwelt, das unter dem Vorzeichen einer neuen <\/span><span dir=\"ltr\" role=\"presentation\">Kultur der Gewaltfreiheit die Schicksalsgemeinschaft der ganzen Gattung zu Bewusstsein <\/span><span dir=\"ltr\" role=\"presentation\">bringt und gute Lebensgeister jenseits der ultimativ aggressiven \u00d6konomie freisetzt.<\/span><\/p>\n<p><span dir=\"ltr\" role=\"presentation\">Ein Umweltengagement, das diese Zusammenh\u00e4nge ausblendet, w\u00e4re am Ende blo\u00df Zeitver<\/span><span dir=\"ltr\" role=\"presentation\">schwendung. Ermutigend ausgedr\u00fcckt: Klima-Aktivismus mit fundamentaler Kriegskritik ist <\/span><span dir=\"ltr\" role=\"presentation\">keine Quacksalberei!<\/span><\/p>\n<p style=\"text-align: center;\"><strong>(7) Wider das Imperium der Traurigkeit: Verweigern und den Krieg versl\u00e4stern&#8230;<\/strong><\/p>\n<p><span dir=\"ltr\" role=\"presentation\">Die milit\u00e4rische Heilslehre ist ein Fall f\u00fcr den Sektenbeauftragten und w\u00fcrde im Spezialfall der <\/span><span dir=\"ltr\" role=\"presentation\">neu aufger\u00fcsteten Atomwaffenreligion ganz sicher zur \u00dcberweisung in eine psychiatrische <\/span><span dir=\"ltr\" role=\"presentation\">Therapie f\u00fchren, wenn wirklich unabh\u00e4ngige Sachverst\u00e4ndige ins Spiel k\u00e4men. <\/span><span dir=\"ltr\" role=\"presentation\">Faktum ist, dass der Milit\u00e4rkomplex seine \u2013 vorgeblichen \u2013 Heilsversprechen nie einl\u00f6st. Trotz<\/span><span dir=\"ltr\" role=\"presentation\">dem vermag er es, sich im \u00f6ffentlichen Raum erfolgreich wie ein rationales Projekt zu verkau<\/span><span dir=\"ltr\" role=\"presentation\">fen. Doch auch dann, wenn der allerletzte Medienkanal die \u201eneuen Kleider\u201c des Kaisers ge<\/span><span dir=\"ltr\" role=\"presentation\">r\u00fchmt hat, bleibt es dabei: Der Kaiser ist nackt!<\/span><\/p>\n<p><span dir=\"ltr\" role=\"presentation\">Ich meine, vieles h\u00e4ngt daran, ob es uns als Friedensbewegung gelingt, jetzt den \u201eKrieg\u201c zu <\/span><span dir=\"ltr\" role=\"presentation\">verl\u00e4stern und hierbei wom\u00f6glich auch lustvolle Momente freizusetzen. (Mit Depression \u2013 ohne <\/span><span dir=\"ltr\" role=\"presentation\">Musik und Tanz \u2013 ist noch nie ein Widerstand gegen Todesapparaturen gelungen.) Sodann soll<\/span><span dir=\"ltr\" role=\"presentation\">ten wir alle Jungen daran erinnern, dass Militarisierung zu allen Zeiten die gr\u00f6\u00dfte Attacke auf <\/span><span dir=\"ltr\" role=\"presentation\">freiheitliche Verh\u00e4ltnisse ist und<\/span> <em><span dir=\"ltr\" role=\"presentation\">Antimilitarismus<\/span> <\/em><span dir=\"ltr\" role=\"presentation\">somit der wichtigste Schauplatz zur Vertei<\/span><span dir=\"ltr\" role=\"presentation\">digung von Demokratie bleibt.<\/span><\/p>\n<p><span dir=\"ltr\" role=\"presentation\">Schlie\u00dflich wird eine erfolgreiche Ermutigung zur Milit\u00e4rkraftzersetzung und Nichtzusammen<\/span><span dir=\"ltr\" role=\"presentation\">arbeit in den Mittelpunkt r\u00fccken: Die einzigen Helden, die wir kennen, das sind: die Whist<\/span><span dir=\"ltr\" role=\"presentation\">leblower (wie Julian Assange), die Verbrechen aufdecken; die Hafenarbeiter in Italien, die Mas<\/span><span dir=\"ltr\" role=\"presentation\">senmordinstrumente nicht verladen, \u2026 und die Kriegsdienstverweigerer und Kriegsdienstver<\/span><span dir=\"ltr\" role=\"presentation\">weigerinnen all\u00fcberall, all\u00fcberall \u2026<\/span><\/p>\n<div class=\"canvasWrapper\"><a href=\"https:\/\/koelner-friedensforum.org\/wp-content\/mediathek\/2024\/03\/Peter-Buerger-Ostermarschbeitrag-Koeln-pb-NEU.pdf\" target=\"_blank\" rel=\"noopener\"><strong>Rede als pdf<\/strong><\/a><\/div>\n","protected":false},"excerpt":{"rendered":"<p>Wir dokumentieren hier die Rede des Theologen und freien Publizisten Peter B\u00fcrger beim Ostermarsch am 30.03.2024 in K\u00f6ln: Der Redebeitrag wird frei gehalten und je nach Zeitablauf stark verk\u00fcrzt; der nachfolgende Text enth\u00e4lt die&#46;&#46;&#46;<\/p>\n","protected":false},"author":109,"featured_media":18271,"comment_status":"open","ping_status":"open","sticky":false,"template":"","format":"standard","meta":{"footnotes":""},"categories":[111],"tags":[7,36,3],"class_list":["post-18307","post","type-post","status-publish","format-standard","has-post-thumbnail","hentry","category-rede","tag-kriegsdienstverweigerung-wehrpflicht","tag-oekologie-und-frieden","tag-pazifismus"],"_links":{"self":[{"href":"https:\/\/www.friedenkoeln.de\/index.php?rest_route=\/wp\/v2\/posts\/18307","targetHints":{"allow":["GET"]}}],"collection":[{"href":"https:\/\/www.friedenkoeln.de\/index.php?rest_route=\/wp\/v2\/posts"}],"about":[{"href":"https:\/\/www.friedenkoeln.de\/index.php?rest_route=\/wp\/v2\/types\/post"}],"author":[{"embeddable":true,"href":"https:\/\/www.friedenkoeln.de\/index.php?rest_route=\/wp\/v2\/users\/109"}],"replies":[{"embeddable":true,"href":"https:\/\/www.friedenkoeln.de\/index.php?rest_route=%2Fwp%2Fv2%2Fcomments&post=18307"}],"version-history":[{"count":5,"href":"https:\/\/www.friedenkoeln.de\/index.php?rest_route=\/wp\/v2\/posts\/18307\/revisions"}],"predecessor-version":[{"id":18331,"href":"https:\/\/www.friedenkoeln.de\/index.php?rest_route=\/wp\/v2\/posts\/18307\/revisions\/18331"}],"wp:featuredmedia":[{"embeddable":true,"href":"https:\/\/www.friedenkoeln.de\/index.php?rest_route=\/wp\/v2\/media\/18271"}],"wp:attachment":[{"href":"https:\/\/www.friedenkoeln.de\/index.php?rest_route=%2Fwp%2Fv2%2Fmedia&parent=18307"}],"wp:term":[{"taxonomy":"category","embeddable":true,"href":"https:\/\/www.friedenkoeln.de\/index.php?rest_route=%2Fwp%2Fv2%2Fcategories&post=18307"},{"taxonomy":"post_tag","embeddable":true,"href":"https:\/\/www.friedenkoeln.de\/index.php?rest_route=%2Fwp%2Fv2%2Ftags&post=18307"}],"curies":[{"name":"wp","href":"https:\/\/api.w.org\/{rel}","templated":true}]}}