{"id":18315,"date":"2024-04-10T18:00:17","date_gmt":"2024-04-10T16:00:17","guid":{"rendered":"https:\/\/www.friedenkoeln.de\/?p=18315"},"modified":"2024-04-07T20:14:03","modified_gmt":"2024-04-07T18:14:03","slug":"steven-jugend-gegen-krieg-es-reicht-nicht-einfach-nur-alle-paar-jahre-zu-waehlen-wir-muessen-uns-organisieren-und-gemeinsam-fuer-den-frieden-kaempfen","status":"publish","type":"post","link":"https:\/\/www.friedenkoeln.de\/?p=18315","title":{"rendered":"Steven (Jugend gegen Krieg): &#8222;Es reicht nicht, einfach nur alle paar Jahre zu w\u00e4hlen, wir m\u00fcssen uns organisieren und gemeinsam f\u00fcr den Frieden k\u00e4mpfen!&#8220;"},"content":{"rendered":"<p><em>Wir dokumentieren hier die Rede von Steven (Jugend gegen Krieg) beim Ostermarsch am 30.03.2024 in K\u00f6ln:<\/em><\/p>\n<hr \/>\n<div id=\"attachment_18273\" style=\"width: 510px\" class=\"wp-caption alignright\"><img loading=\"lazy\" decoding=\"async\" aria-describedby=\"caption-attachment-18273\" class=\"size-medium wp-image-18273\" src=\"https:\/\/www.friedenkoeln.de\/wp-content\/uploads\/2024\/04\/DSC_0111-500x500.jpg\" alt=\"Ein \u00e4lterer Herr mit schwarzer Wollm\u00fctze und eine Frau mit hochgesteckten hellbraunen Haaren fotografieren Musiker auf einer B\u00fchne.\" width=\"500\" height=\"500\" srcset=\"https:\/\/www.friedenkoeln.de\/wp-content\/uploads\/2024\/04\/DSC_0111-500x500.jpg 500w, https:\/\/www.friedenkoeln.de\/wp-content\/uploads\/2024\/04\/DSC_0111-80x80.jpg 80w, https:\/\/www.friedenkoeln.de\/wp-content\/uploads\/2024\/04\/DSC_0111-320x320.jpg 320w\" sizes=\"auto, (max-width: 500px) 100vw, 500px\" \/><p id=\"caption-attachment-18273\" class=\"wp-caption-text\">Fotografieren beim Ostermarsch K\u00f6ln, Hans-B\u00f6ckler-Platz, 30.3.2024. Foto: Stefanie Intveen<\/p><\/div>\n<p>Liebe Friedensfreundinnen und Friedensfreunde, liebe Genossinnen und Genossen,<br \/>\nDanke das so viele heute gekommen sind, trotzt der Hetze die der Friedensbewegung teilweise in der Presse und von Seiten der Regierung entgegen schl\u00e4gt. Doch der Kampf f\u00fcr den Frieden wird jeden Tag wichtiger.<\/p>\n<p>Deutschland r\u00fcstet auf und f\u00fchrt durch Auslandseins\u00e4tze, Wirtschaftskrieg und Waffenexporte faktisch Krieg und tr\u00e4gt damit auch zur weiteren Eskalation der Kriege in Gaza und der Ukraine bei. Die Gefahr f\u00fcr einen dritten Weltkrieg steigt immer weiter.<\/p>\n<p>Das bekommen wir als arbeitende und lernende Jugend auch hier an der Heimatfront zu sp\u00fcren, denn wir sollen widerstandsf\u00e4higer, ja sogar wehrf\u00e4hig werden. In den Schulen ist es Jugendlichen teils verboten offen \u00fcber den Konflikt in Pal\u00e4stina zu sprechen, was die \u201arichtige\u2018 Position zu diesem Krieg ist wird zentral vorgegeben.<\/p>\n<p>Auch mit immer mehr Bundeswehrpr\u00e4senz und sogenannten Zivilschutz\u00fcbungen sollen wir Sch\u00fcler:innen auf einen vermeintlichen Angriff vorbereitet werden. Dabei ist es die NATO die seit Jahrzehnten in der Welt f\u00fcr Chaos, Zerst\u00f6rung und Leid sorgt und durch die aktuellen Eskalationen einen dritten Weltkrieg provoziert. Kombiniert mit einer immer konkreter werdenden Diskussion um die Wehrpflicht und sogar um Wehrkundeunterricht in den Schulen soll die Jugend kriegstauglich, ja sogar kriegswillig gemacht werden.<\/p>\n<p>Nicht nur in den Schulen wird versucht uns ideologisch auf den Krieg vorzubereiten, an vielen Universit\u00e4ten wurde und wird die Zivilklausel, ein Bekentnnis dazu nicht f\u00fcr den Krieg zu forschen, angegriffen. 2019 wurde die NRW weite Zivilklausel bereits abgeschafft, Bayern will jetzt so weit gehen die Zivilklausel f\u00fcr jede Uni zu verbieten. Ob an Schule oder Uni, mit Krieg und Bundeswehr wollen wir nichts zu tun haben!<\/p>\n<p>Gleichzeitig trifft uns Jugendliche der R\u00fcstungs- und Kriegskurs der Bundesregierung nat\u00fcrlich im Geldbeutel. W\u00e4hrend hunderte von Milliarden f\u00fcr R\u00fcstung \u00fcber Nacht locker gemacht werden k\u00f6nnen, herrscht in den Schulen immer mehr Mangel vor allen am Lehrpersonal und durch fehlende Ausbildungspl\u00e4tze fehlt vielen Jugendlichen eine Perspektive in diesem Land.<\/p>\n<p>Der Widerstand gegen diesen aktuellen Kriegskurs und den gleichzeitigen Sozial- und Demokratieabbau muss sich vor allem gegen die Herrschenden hier in Deutschland richten. Gegen die gro\u00dfen Banken und Konzerne und ihre Regierung!<\/p>\n<p>Daf\u00fcr reicht es nicht einfach nur alle paar Jahre zu w\u00e4hlen, wir m\u00fcssen uns organisieren und gemeinsam f\u00fcr den Frieden k\u00e4mpfen, genau wie wir es heute tun!<\/p>\n<p><a href=\"https:\/\/koelner-friedensforum.org\/wp-content\/mediathek\/2024\/03\/Gruss-an-den-OM-Rhein-Ruhr-Jugend-gegen-Krieg.pdf\" target=\"_blank\" rel=\"noopener\"><strong>Rede als pdf<\/strong><\/a><\/p>\n","protected":false},"excerpt":{"rendered":"<p>Wir dokumentieren hier die Rede von Steven (Jugend gegen Krieg) beim Ostermarsch am 30.03.2024 in K\u00f6ln: Liebe Friedensfreundinnen und Friedensfreunde, liebe Genossinnen und Genossen, Danke das so viele heute gekommen sind, trotzt der Hetze&#46;&#46;&#46;<\/p>\n","protected":false},"author":109,"featured_media":18273,"comment_status":"open","ping_status":"open","sticky":false,"template":"","format":"standard","meta":{"footnotes":""},"categories":[111],"tags":[94,36,37],"class_list":["post-18315","post","type-post","status-publish","format-standard","has-post-thumbnail","hentry","category-rede","tag-nato","tag-oekologie-und-frieden","tag-ruestungsexporte"],"_links":{"self":[{"href":"https:\/\/www.friedenkoeln.de\/index.php?rest_route=\/wp\/v2\/posts\/18315","targetHints":{"allow":["GET"]}}],"collection":[{"href":"https:\/\/www.friedenkoeln.de\/index.php?rest_route=\/wp\/v2\/posts"}],"about":[{"href":"https:\/\/www.friedenkoeln.de\/index.php?rest_route=\/wp\/v2\/types\/post"}],"author":[{"embeddable":true,"href":"https:\/\/www.friedenkoeln.de\/index.php?rest_route=\/wp\/v2\/users\/109"}],"replies":[{"embeddable":true,"href":"https:\/\/www.friedenkoeln.de\/index.php?rest_route=%2Fwp%2Fv2%2Fcomments&post=18315"}],"version-history":[{"count":2,"href":"https:\/\/www.friedenkoeln.de\/index.php?rest_route=\/wp\/v2\/posts\/18315\/revisions"}],"predecessor-version":[{"id":18321,"href":"https:\/\/www.friedenkoeln.de\/index.php?rest_route=\/wp\/v2\/posts\/18315\/revisions\/18321"}],"wp:featuredmedia":[{"embeddable":true,"href":"https:\/\/www.friedenkoeln.de\/index.php?rest_route=\/wp\/v2\/media\/18273"}],"wp:attachment":[{"href":"https:\/\/www.friedenkoeln.de\/index.php?rest_route=%2Fwp%2Fv2%2Fmedia&parent=18315"}],"wp:term":[{"taxonomy":"category","embeddable":true,"href":"https:\/\/www.friedenkoeln.de\/index.php?rest_route=%2Fwp%2Fv2%2Fcategories&post=18315"},{"taxonomy":"post_tag","embeddable":true,"href":"https:\/\/www.friedenkoeln.de\/index.php?rest_route=%2Fwp%2Fv2%2Ftags&post=18315"}],"curies":[{"name":"wp","href":"https:\/\/api.w.org\/{rel}","templated":true}]}}