{"id":18341,"date":"2024-04-16T16:35:30","date_gmt":"2024-04-16T14:35:30","guid":{"rendered":"https:\/\/www.friedenkoeln.de\/?p=18341"},"modified":"2024-04-16T16:35:30","modified_gmt":"2024-04-16T14:35:30","slug":"info-aktion-kein-werben-fuers-sterben-mit-didf-jugend-am-17-4-2024-in-koeln","status":"publish","type":"post","link":"https:\/\/www.friedenkoeln.de\/?p=18341","title":{"rendered":"Info-Aktion &#8222;Kein Werben f\u00fcrs Sterben!&#8220; mit DIDF-Jugend am 17.4.2024 in K\u00f6ln"},"content":{"rendered":"<p>Am Mittwoch, den 17. April 2024, machen wir gemeinsam mit der DIDF-Jugend eine Aktion\u00a0gegen die Werbung von Soldaten und Soldatinnen. Die Bundeswehr stellt sich beim &#8222;Karrieretag&#8220; im RheinEnergieStadion Sch\u00fclerinnen und Sch\u00fclern als Arbeitgeber vor. Das m\u00f6chten wir so nicht stehen lassen. Die <a href=\"https:\/\/www.friedenkoeln.de\/wp-content\/uploads\/2024\/04\/Flyer-Kein-Werben-fuers-Sterben.pdf\">Bundeswehr ist sicher kein normaler Arbeitgeber<\/a>.<\/p>\n<p>Es wird einen Infostand und eine Stra\u00dfenaktion geben, ein Sarg f\u00fcr Kriegst\u00fcchtige und Kriegswillige steht bereit.<\/p>\n<p style=\"text-align: center;\"><strong>Mittwoch, den 17.04.2024 von 10 bis 17 Uhr<\/strong><\/p>\n<p style=\"text-align: center;\"><strong>Kreuzung Oskar-Rehfeld-Weg<\/strong><strong> \/ Olympiaweg (vor dem \u00a0RheinEnergieStadion)<\/strong><\/p>\n<p style=\"text-align: center;\"><strong>Stra\u00dfenbahn KVB-Linie 1, Haltestelle: \u201eRheinenergie-Stadion\u201c<\/strong><\/p>\n<p>&nbsp;<\/p>\n<p style=\"text-align: left;\">Wir freuen uns \u00fcber einen regen Besuch unseres Standes und gute Gespr\u00e4che!<\/p>\n<p><img loading=\"lazy\" decoding=\"async\" class=\"aligncenter wp-image-18344 size-full\" src=\"https:\/\/www.friedenkoeln.de\/wp-content\/uploads\/2024\/04\/Flyer-Kein-Werben-fuers-Sterben_S1.jpg\" alt=\"Flyer in grauen, blauen und roten Farben auf wei\u00dfem Grund. Aufschrift &quot;Kein Werben f\u00fcr's Sterben! Bundeswehr raus aus den Schulen&quot;\" width=\"595\" height=\"842\" srcset=\"https:\/\/www.friedenkoeln.de\/wp-content\/uploads\/2024\/04\/Flyer-Kein-Werben-fuers-Sterben_S1.jpg 595w, https:\/\/www.friedenkoeln.de\/wp-content\/uploads\/2024\/04\/Flyer-Kein-Werben-fuers-Sterben_S1-141x200.jpg 141w\" sizes=\"auto, (max-width: 595px) 100vw, 595px\" \/><\/p>\n<p>&nbsp;<\/p>\n","protected":false},"excerpt":{"rendered":"<p>Am Mittwoch, den 17. April 2024, machen wir gemeinsam mit der DIDF-Jugend eine Aktion\u00a0gegen die Werbung von Soldaten und Soldatinnen. Die Bundeswehr stellt sich beim &#8222;Karrieretag&#8220; im RheinEnergieStadion Sch\u00fclerinnen und Sch\u00fclern als Arbeitgeber vor.&#46;&#46;&#46;<\/p>\n","protected":false},"author":110,"featured_media":18344,"comment_status":"open","ping_status":"open","sticky":false,"template":"","format":"standard","meta":{"footnotes":""},"categories":[2,104],"tags":[48,38,7],"class_list":["post-18341","post","type-post","status-publish","format-standard","has-post-thumbnail","hentry","category-aktionen","category-ankuendigung","tag-bundeswehr","tag-bundeswehr-und-schule","tag-kriegsdienstverweigerung-wehrpflicht"],"_links":{"self":[{"href":"https:\/\/www.friedenkoeln.de\/index.php?rest_route=\/wp\/v2\/posts\/18341","targetHints":{"allow":["GET"]}}],"collection":[{"href":"https:\/\/www.friedenkoeln.de\/index.php?rest_route=\/wp\/v2\/posts"}],"about":[{"href":"https:\/\/www.friedenkoeln.de\/index.php?rest_route=\/wp\/v2\/types\/post"}],"author":[{"embeddable":true,"href":"https:\/\/www.friedenkoeln.de\/index.php?rest_route=\/wp\/v2\/users\/110"}],"replies":[{"embeddable":true,"href":"https:\/\/www.friedenkoeln.de\/index.php?rest_route=%2Fwp%2Fv2%2Fcomments&post=18341"}],"version-history":[{"count":3,"href":"https:\/\/www.friedenkoeln.de\/index.php?rest_route=\/wp\/v2\/posts\/18341\/revisions"}],"predecessor-version":[{"id":18346,"href":"https:\/\/www.friedenkoeln.de\/index.php?rest_route=\/wp\/v2\/posts\/18341\/revisions\/18346"}],"wp:featuredmedia":[{"embeddable":true,"href":"https:\/\/www.friedenkoeln.de\/index.php?rest_route=\/wp\/v2\/media\/18344"}],"wp:attachment":[{"href":"https:\/\/www.friedenkoeln.de\/index.php?rest_route=%2Fwp%2Fv2%2Fmedia&parent=18341"}],"wp:term":[{"taxonomy":"category","embeddable":true,"href":"https:\/\/www.friedenkoeln.de\/index.php?rest_route=%2Fwp%2Fv2%2Fcategories&post=18341"},{"taxonomy":"post_tag","embeddable":true,"href":"https:\/\/www.friedenkoeln.de\/index.php?rest_route=%2Fwp%2Fv2%2Ftags&post=18341"}],"curies":[{"name":"wp","href":"https:\/\/api.w.org\/{rel}","templated":true}]}}