{"id":18358,"date":"2024-04-18T07:00:37","date_gmt":"2024-04-18T05:00:37","guid":{"rendered":"https:\/\/www.friedenkoeln.de\/?p=18358"},"modified":"2024-04-17T13:19:54","modified_gmt":"2024-04-17T11:19:54","slug":"urlaub-mit-der-dfg-vk-jetzt-zur-friedensfahrradtour-nrw-anmelden","status":"publish","type":"post","link":"https:\/\/www.friedenkoeln.de\/?p=18358","title":{"rendered":"Urlaub mit der DFG-VK: jetzt zur Friedensfahrradtour NRW anmelden!"},"content":{"rendered":"<p><em>Der Landesverband NRW der DFG-VK veranstaltet vom 3. bis 10. August 2024 eine Friedensfahrradtour von Remscheid nach Enschede (NL). <a href=\"https:\/\/nrw.dfg-vk.de\/gemeinsam-fuer-unsere-zukunft-fuer-frieden-und-klimagerechtigkeit\/\">Hier<\/a> geht es zur Anmeldung. Landesgesch\u00e4ftsf\u00fchrer Joachim Schramm schreibt dazu:<\/em><\/p>\n<hr \/>\n<p>Mit Schrecken und Emp\u00f6rung schauen wir auf die Kriegsschaupl\u00e4tze in der Ukraine und in Nahost, aber auch in anderen Regionen der Welt. Und wir sehen, dass unsere Regierung den Kurs auf immer mehr R\u00fcstung und die Bef\u00e4higung unseres Landes zur Kriegsf\u00fchrung setzt. Dem wollen wir mit unserer Friedensfahrradtour etwas entgegensetzen. Wieder hei\u00dft es: Auf Achse f\u00fcr Frieden und Abr\u00fcstung!<\/p>\n<p>Wir k\u00f6nnen nicht hinnehmen, dass die Stimmen in Politik und Medien, die Waffenstillstand und Verhandlungen wollen, immer leiser werden. Wir wollen einen Stopp aller Waffenlieferungen! Wir wollen keine neuen R\u00fcstungsbetriebe \u2013 weder hier noch im Ausland! Auf unserer Tour halten wir deshalb in Remscheid, D\u00fcsseldorf und Weeze mit kleinen Aktionen bei Unternehmen, die deutsche Waffen f\u00fcr die Kriege dieser Welt herstellen. Wir machen aber auch Halt am Friedensdorf in Oberhausen, wo konkrete Hilfe f\u00fcr Kinder aus Kriegsgebieten geleistet wird.<\/p>\n<p>Im August j\u00e4hren sich die beiden schrecklichen Atombombenabw\u00fcrfe auf Hiroshima und Nagasaki. Berliner Politiker wollen uns weismachen, dass Atomwaffen einen Angriff verhindern k\u00f6nnen. Vom konventionellen bis zu einem alles zerst\u00f6renden Atomkrieg ist es jedoch nur ein kleiner Schritt. Deshalb endet unsere Friedensfahrradtour am 9. August, dem Nagasaki-Tag, mit einem gemeinsamen Gedenken und Protest mit unseren niederl\u00e4ndischen Freund:innen in Enschede, bei denen wir dann noch einen weiteren Tag des Austausches verbringen.<\/p>\n<p><img loading=\"lazy\" decoding=\"async\" class=\"size-full wp-image-18361 aligncenter\" src=\"https:\/\/www.friedenkoeln.de\/wp-content\/uploads\/2024\/04\/DFG-VK-Flyer-FFT-2024-v04_compressed-S1.jpg\" alt=\"Werbeflyer f\u00fcr die Friedensfahrradtour NRW 2024 mit vielen Detail-Infos auf blauem Grund mit einer regenbogenfarbigen Grafik von Radfahrer*innen.\" width=\"841\" height=\"595\" srcset=\"https:\/\/www.friedenkoeln.de\/wp-content\/uploads\/2024\/04\/DFG-VK-Flyer-FFT-2024-v04_compressed-S1.jpg 841w, https:\/\/www.friedenkoeln.de\/wp-content\/uploads\/2024\/04\/DFG-VK-Flyer-FFT-2024-v04_compressed-S1-200x141.jpg 200w, https:\/\/www.friedenkoeln.de\/wp-content\/uploads\/2024\/04\/DFG-VK-Flyer-FFT-2024-v04_compressed-S1-768x543.jpg 768w\" sizes=\"auto, (max-width: 841px) 100vw, 841px\" \/><\/p>\n<hr \/>\n<p><em>Weitere Infos auch im <a href=\"https:\/\/www.friedenkoeln.de\/wp-content\/uploads\/2024\/04\/DFG-VK-Flyer-FFT-2024-v04_compressed.pdf\">Flyer<\/a>.<\/em><\/p>\n","protected":false},"excerpt":{"rendered":"<p>Der Landesverband NRW der DFG-VK veranstaltet vom 3. bis 10. August 2024 eine Friedensfahrradtour von Remscheid nach Enschede (NL). Hier geht es zur Anmeldung. Landesgesch\u00e4ftsf\u00fchrer Joachim Schramm schreibt dazu: Mit Schrecken und Emp\u00f6rung schauen&#46;&#46;&#46;<\/p>\n","protected":false},"author":110,"featured_media":18361,"comment_status":"open","ping_status":"open","sticky":false,"template":"","format":"standard","meta":{"footnotes":""},"categories":[104],"tags":[42,98,224,197,136],"class_list":["post-18358","post","type-post","status-publish","format-standard","has-post-thumbnail","hentry","category-ankuendigung","tag-abruestung","tag-entspannungspolitik","tag-fahrradtour","tag-frieden","tag-nrw"],"_links":{"self":[{"href":"https:\/\/www.friedenkoeln.de\/index.php?rest_route=\/wp\/v2\/posts\/18358","targetHints":{"allow":["GET"]}}],"collection":[{"href":"https:\/\/www.friedenkoeln.de\/index.php?rest_route=\/wp\/v2\/posts"}],"about":[{"href":"https:\/\/www.friedenkoeln.de\/index.php?rest_route=\/wp\/v2\/types\/post"}],"author":[{"embeddable":true,"href":"https:\/\/www.friedenkoeln.de\/index.php?rest_route=\/wp\/v2\/users\/110"}],"replies":[{"embeddable":true,"href":"https:\/\/www.friedenkoeln.de\/index.php?rest_route=%2Fwp%2Fv2%2Fcomments&post=18358"}],"version-history":[{"count":3,"href":"https:\/\/www.friedenkoeln.de\/index.php?rest_route=\/wp\/v2\/posts\/18358\/revisions"}],"predecessor-version":[{"id":18363,"href":"https:\/\/www.friedenkoeln.de\/index.php?rest_route=\/wp\/v2\/posts\/18358\/revisions\/18363"}],"wp:featuredmedia":[{"embeddable":true,"href":"https:\/\/www.friedenkoeln.de\/index.php?rest_route=\/wp\/v2\/media\/18361"}],"wp:attachment":[{"href":"https:\/\/www.friedenkoeln.de\/index.php?rest_route=%2Fwp%2Fv2%2Fmedia&parent=18358"}],"wp:term":[{"taxonomy":"category","embeddable":true,"href":"https:\/\/www.friedenkoeln.de\/index.php?rest_route=%2Fwp%2Fv2%2Fcategories&post=18358"},{"taxonomy":"post_tag","embeddable":true,"href":"https:\/\/www.friedenkoeln.de\/index.php?rest_route=%2Fwp%2Fv2%2Ftags&post=18358"}],"curies":[{"name":"wp","href":"https:\/\/api.w.org\/{rel}","templated":true}]}}