{"id":18366,"date":"2024-04-27T07:00:32","date_gmt":"2024-04-27T05:00:32","guid":{"rendered":"https:\/\/www.friedenkoeln.de\/?p=18366"},"modified":"2024-04-28T16:52:46","modified_gmt":"2024-04-28T14:52:46","slug":"mitmachen-kundgebungen-am-1-mai-2024-in-koeln","status":"publish","type":"post","link":"https:\/\/www.friedenkoeln.de\/?p=18366","title":{"rendered":"Mitmachen: Kundgebungen am 1. Mai 2024 in K\u00f6ln"},"content":{"rendered":"<p><em>Die DFG-VK Ortsgruppe K\u00f6ln macht auf die folgenden Veranstaltungen zum diesj\u00e4hrigen 1. Mai aufmerksam &#8211; wir sind mit Infost\u00e4nden auf dem Heumarkt und dem Ottmar-Pohl-Platz dabei:<\/em><\/p>\n<hr \/>\n<p>11:30 Uhr Ausgang U-Bahn Haltestelle Hans-B\u00f6ckler-Platz<br \/>\nAufstellung eines Friedensblocks in Kooperation mit dem K\u00f6lner Friedensforum<\/p>\n<p>12:00 Uhr DGB-Haus, Hans-B\u00f6ckler-Platz<br \/>\nBeginn der 1. Mai-Demonstration zum Heumarkt<\/p>\n<p>13:00 Uhr Heumarkt<br \/>\nKundgebung mit Michael Vassiliadis, Vorsitzender der IG BCE als Hauptredner<\/p>\n<p>14:15 Uhr Heumarkt<br \/>\nKabarett &amp; Musik<\/p>\n<p>13:00 bis 17:00 Uhr Ottmar-Pohl-Platz, Kalk-Post<br \/>\nStra\u00dfenfest des Linken Zentrums<\/p>\n<p>17:00 Kalk-Post<br \/>\nRevolution\u00e4re 1. Mai Demonstration<br \/>\n<img decoding=\"async\" class=\"aligncenter\" src=\"https:\/\/nrw.dgb.de\/repository\/public_storage\/e4426382-fd64-11ee-909e-a3b63dd5d242\/teaserimage\/scaled\/972\" alt=\"Banner 1. Mai 2024\" data-upload=\"true\" \/><\/p>\n<h4>Geschichte: Der Ursprung des 1. Mai und die Haymarket-Aff\u00e4re<\/h4>\n<p>(Quelle: <a href=\"https:\/\/kontrast.at\/1-mai-feiertag-bedeutung\/\">KONTRAST.at &#8211; Das sozialdemokratische Magazin<\/a>)<\/p>\n<p>&#8222;Die Bedeutung des 1. Mai als Arbeiter-Kampftag geht zur\u00fcck auf einen Streik in Chicago 1886 und sein blutiges Ende. Die Arbeitsbedingungen in den USA waren damals katastrophal. Der 12-Stunden-Tag war die Norm, die Bezahlung war miserabel. Unternehmer gingen mit Unterst\u00fctzung des Staats gegen jede Art von Arbeiter-Organisationen vor. Die US-amerikanische Arbeiterbewegung rief f\u00fcr den 1. Mai 1886 zu Massendemonstrationen und Streiks auf. Das Ziel war der 8-Stunden-Tag. Eine dieser Massendemonstrationen fand am Chicagoer Heumarkt (engl. Haymarket) statt. Aus der Demonstration entwickelte sich ein mehrt\u00e4giger Streik, auf den die Polizei mit Gewalt reagierte. Als die Polizei eine friedliche Versammlung st\u00fcrmte, warf ein Unbekannter eine Bombe, die einen Polizisten sofort t\u00f6tete und zahlreiche Polizisten wie auch Demonstranten verletzte. Bei dem anschlie\u00dfenden Gefecht, das als Haymarket Aff\u00e4re in die Geschichte eingegangen ist, wurden mehr als 200 Arbeiter verletzt. Sieben Polizisten und \u00fcber 20 Arbeiter starben. Sieben Arbeiter, die den Streik organisiert hatten, wurden zum Tode verurteilt. Hingerichtet wurde am Ende jedoch nur ihr vermeintlicher Anf\u00fchrer, August Spies.<\/p>\n<p>In Erinnerung an die Haymarket- Aff\u00e4re wurden \u00fcberall auf der Welt von Arbeiter-Bewegungen Kundgebungen abgehalten. (&#8230;) Heute wird der Tag der Arbeit auf der ganzen Welt gefeiert und ist der einzige internationale Feiertag, der keine religi\u00f6se Bedeutung hat.&#8220;<\/p>\n<div id=\"attachment_18367\" style=\"width: 2570px\" class=\"wp-caption aligncenter\"><img loading=\"lazy\" decoding=\"async\" aria-describedby=\"caption-attachment-18367\" class=\"size-full wp-image-18367\" src=\"https:\/\/www.friedenkoeln.de\/wp-content\/uploads\/2024\/04\/DSC_0068-scaled.jpg\" alt=\"Ein heller Sandstein mit wei\u00dfer Inschrift.\" width=\"2560\" height=\"1707\" srcset=\"https:\/\/www.friedenkoeln.de\/wp-content\/uploads\/2024\/04\/DSC_0068-scaled.jpg 2560w, https:\/\/www.friedenkoeln.de\/wp-content\/uploads\/2024\/04\/DSC_0068-200x133.jpg 200w, https:\/\/www.friedenkoeln.de\/wp-content\/uploads\/2024\/04\/DSC_0068-768x512.jpg 768w, https:\/\/www.friedenkoeln.de\/wp-content\/uploads\/2024\/04\/DSC_0068-1536x1024.jpg 1536w, https:\/\/www.friedenkoeln.de\/wp-content\/uploads\/2024\/04\/DSC_0068-2048x1365.jpg 2048w\" sizes=\"auto, (max-width: 2560px) 100vw, 2560px\" \/><p id=\"caption-attachment-18367\" class=\"wp-caption-text\">&#8222;Vor Arbeitslosigkeit und Aussperrung errettet uns&#8220; &#8211; Inschrift auf dem Friedensweg in Alfter, 20.8.2023. Foto: Stefanie Intveen<\/p><\/div>\n","protected":false},"excerpt":{"rendered":"<p>Die DFG-VK Ortsgruppe K\u00f6ln macht auf die folgenden Veranstaltungen zum diesj\u00e4hrigen 1. Mai aufmerksam &#8211; wir sind mit Infost\u00e4nden auf dem Heumarkt und dem Ottmar-Pohl-Platz dabei: 11:30 Uhr Ausgang U-Bahn Haltestelle Hans-B\u00f6ckler-Platz Aufstellung eines&#46;&#46;&#46;<\/p>\n","protected":false},"author":110,"featured_media":18367,"comment_status":"open","ping_status":"open","sticky":false,"template":"","format":"standard","meta":{"footnotes":""},"categories":[104],"tags":[97],"class_list":["post-18366","post","type-post","status-publish","format-standard","has-post-thumbnail","hentry","category-ankuendigung","tag-gewerkschaft"],"_links":{"self":[{"href":"https:\/\/www.friedenkoeln.de\/index.php?rest_route=\/wp\/v2\/posts\/18366","targetHints":{"allow":["GET"]}}],"collection":[{"href":"https:\/\/www.friedenkoeln.de\/index.php?rest_route=\/wp\/v2\/posts"}],"about":[{"href":"https:\/\/www.friedenkoeln.de\/index.php?rest_route=\/wp\/v2\/types\/post"}],"author":[{"embeddable":true,"href":"https:\/\/www.friedenkoeln.de\/index.php?rest_route=\/wp\/v2\/users\/110"}],"replies":[{"embeddable":true,"href":"https:\/\/www.friedenkoeln.de\/index.php?rest_route=%2Fwp%2Fv2%2Fcomments&post=18366"}],"version-history":[{"count":2,"href":"https:\/\/www.friedenkoeln.de\/index.php?rest_route=\/wp\/v2\/posts\/18366\/revisions"}],"predecessor-version":[{"id":18376,"href":"https:\/\/www.friedenkoeln.de\/index.php?rest_route=\/wp\/v2\/posts\/18366\/revisions\/18376"}],"wp:featuredmedia":[{"embeddable":true,"href":"https:\/\/www.friedenkoeln.de\/index.php?rest_route=\/wp\/v2\/media\/18367"}],"wp:attachment":[{"href":"https:\/\/www.friedenkoeln.de\/index.php?rest_route=%2Fwp%2Fv2%2Fmedia&parent=18366"}],"wp:term":[{"taxonomy":"category","embeddable":true,"href":"https:\/\/www.friedenkoeln.de\/index.php?rest_route=%2Fwp%2Fv2%2Fcategories&post=18366"},{"taxonomy":"post_tag","embeddable":true,"href":"https:\/\/www.friedenkoeln.de\/index.php?rest_route=%2Fwp%2Fv2%2Ftags&post=18366"}],"curies":[{"name":"wp","href":"https:\/\/api.w.org\/{rel}","templated":true}]}}