{"id":18458,"date":"2024-05-21T18:17:09","date_gmt":"2024-05-21T16:17:09","guid":{"rendered":"https:\/\/www.friedenkoeln.de\/?p=18458"},"modified":"2024-05-23T17:07:58","modified_gmt":"2024-05-23T15:07:58","slug":"niwano-friedenspreistraeger-rajagopal-kommt-aus-indien-nach-koeln","status":"publish","type":"post","link":"https:\/\/www.friedenkoeln.de\/?p=18458","title":{"rendered":"Niwano-Friedenspreistr\u00e4ger Rajagopal kommt aus Indien nach K\u00f6ln!"},"content":{"rendered":"<p>Wie gelingt es positive Kr\u00e4fte zusammen zu f\u00fchren?<\/p>\n<p>Rajagopal ist der Gr\u00fcnder von Ekta Parishad (&#8222;Gemeinsames Forum&#8220;), einer 1991 gegr\u00fcndeten Bewegung, die in Indien vielen Menschen geholfen hat, ein St\u00fcckchen Land zu bekommen, um sich wieder selbst ern\u00e4hren zu k\u00f6nnen.<\/p>\n<div id=\"attachment_18466\" style=\"width: 2058px\" class=\"wp-caption alignnone\"><img loading=\"lazy\" decoding=\"async\" aria-describedby=\"caption-attachment-18466\" class=\"size-full wp-image-18466\" src=\"https:\/\/www.friedenkoeln.de\/wp-content\/uploads\/2024\/05\/2048px-Rajagopal_speaking_to_25000_people_Janadesh_2007_India.jpg\" alt=\"Ein Mann mit schwarzen kurzen Haaren spricht mit erhobenem Zeigefinger zu einer riesigen Menschenmenge, die in einem hellen wei\u00dfen, tunnelf\u00f6rmigen Zelt steht.\" width=\"2048\" height=\"1360\" srcset=\"https:\/\/www.friedenkoeln.de\/wp-content\/uploads\/2024\/05\/2048px-Rajagopal_speaking_to_25000_people_Janadesh_2007_India.jpg 2048w, https:\/\/www.friedenkoeln.de\/wp-content\/uploads\/2024\/05\/2048px-Rajagopal_speaking_to_25000_people_Janadesh_2007_India-200x133.jpg 200w, https:\/\/www.friedenkoeln.de\/wp-content\/uploads\/2024\/05\/2048px-Rajagopal_speaking_to_25000_people_Janadesh_2007_India-768x510.jpg 768w, https:\/\/www.friedenkoeln.de\/wp-content\/uploads\/2024\/05\/2048px-Rajagopal_speaking_to_25000_people_Janadesh_2007_India-1536x1020.jpg 1536w\" sizes=\"auto, (max-width: 2048px) 100vw, 2048px\" \/><p id=\"caption-attachment-18466\" class=\"wp-caption-text\">Rajagopal spricht vor 25.000 Menschen am 2.10.2007 am Beginn des Janadesh 2007, einem 350 km langen Marsches von Gwalior nach Delhi, Indien. Foto: Ekta Parishad (CC BY-SA 3.0)<\/p><\/div>\n<p>Was k\u00f6nnen wir daraus lernen? Hier spalten sich immer mehr Kr\u00e4fte, und dadurch verpufft viel Engagement im Kleinen, und &#8222;teile und herrsche&#8220; funktioniert.<\/p>\n<p>Rajagopal ist im Mai 2023 mit dem <a href=\"https:\/\/www.npf.or.jp\/english\/peace_prize\/40th.html\">Niwano-Friedenspreis<\/a> ausgezeichnet worden. Er arbeitet mit den gewaltfreien Methoden nach Gandhi.<\/p>\n<p>Er kommt am 8.6.2024 um 9:45 in die Matth\u00e4us Kirche in Lindenthal, D\u00fcrener Str. 83\/Ecke Herbert-Lewin-Str.<\/p>\n<p>Nach einer Einf\u00fchrung wollen wir gemeinsam das Gespr\u00e4ch suchen und dabei fr\u00fchst\u00fccken. Die Veranstaltung endet um 12:45.<\/p>\n<p>Bitte um <strong>Anmeldung bis zum 1.6.2024 an: Kurt.Luckhardt@gmail.com 0172 43 743 46<\/strong><\/p>\n<p>Der Eintritt ist frei, Spenden sind willkommen.<\/p>\n<p>Unterst\u00fctzer: DFG-VK Gruppe K\u00f6ln, attac K\u00f6ln und Deutsch-Indische Gesellschaft e. V., K\u00f6ln<\/p>\n","protected":false},"excerpt":{"rendered":"<p>Wie gelingt es positive Kr\u00e4fte zusammen zu f\u00fchren? Rajagopal ist der Gr\u00fcnder von Ekta Parishad (&#8222;Gemeinsames Forum&#8220;), einer 1991 gegr\u00fcndeten Bewegung, die in Indien vielen Menschen geholfen hat, ein St\u00fcckchen Land zu bekommen, um&#46;&#46;&#46;<\/p>\n","protected":false},"author":110,"featured_media":18466,"comment_status":"open","ping_status":"open","sticky":false,"template":"","format":"standard","meta":{"footnotes":""},"categories":[104],"tags":[173,233,170],"class_list":["post-18458","post","type-post","status-publish","format-standard","has-post-thumbnail","hentry","category-ankuendigung","tag-entwicklungszusammenarbeit","tag-friedensbewegung","tag-gewaltfreiheit"],"_links":{"self":[{"href":"https:\/\/www.friedenkoeln.de\/index.php?rest_route=\/wp\/v2\/posts\/18458","targetHints":{"allow":["GET"]}}],"collection":[{"href":"https:\/\/www.friedenkoeln.de\/index.php?rest_route=\/wp\/v2\/posts"}],"about":[{"href":"https:\/\/www.friedenkoeln.de\/index.php?rest_route=\/wp\/v2\/types\/post"}],"author":[{"embeddable":true,"href":"https:\/\/www.friedenkoeln.de\/index.php?rest_route=\/wp\/v2\/users\/110"}],"replies":[{"embeddable":true,"href":"https:\/\/www.friedenkoeln.de\/index.php?rest_route=%2Fwp%2Fv2%2Fcomments&post=18458"}],"version-history":[{"count":7,"href":"https:\/\/www.friedenkoeln.de\/index.php?rest_route=\/wp\/v2\/posts\/18458\/revisions"}],"predecessor-version":[{"id":18468,"href":"https:\/\/www.friedenkoeln.de\/index.php?rest_route=\/wp\/v2\/posts\/18458\/revisions\/18468"}],"wp:featuredmedia":[{"embeddable":true,"href":"https:\/\/www.friedenkoeln.de\/index.php?rest_route=\/wp\/v2\/media\/18466"}],"wp:attachment":[{"href":"https:\/\/www.friedenkoeln.de\/index.php?rest_route=%2Fwp%2Fv2%2Fmedia&parent=18458"}],"wp:term":[{"taxonomy":"category","embeddable":true,"href":"https:\/\/www.friedenkoeln.de\/index.php?rest_route=%2Fwp%2Fv2%2Fcategories&post=18458"},{"taxonomy":"post_tag","embeddable":true,"href":"https:\/\/www.friedenkoeln.de\/index.php?rest_route=%2Fwp%2Fv2%2Ftags&post=18458"}],"curies":[{"name":"wp","href":"https:\/\/api.w.org\/{rel}","templated":true}]}}