{"id":18469,"date":"2024-05-24T10:41:34","date_gmt":"2024-05-24T08:41:34","guid":{"rendered":"https:\/\/www.friedenkoeln.de\/?p=18469"},"modified":"2024-05-24T10:52:50","modified_gmt":"2024-05-24T08:52:50","slug":"ippnw-regionalgruppe-koeln-einladung-aktionsberatung-zu-gaza","status":"publish","type":"post","link":"https:\/\/www.friedenkoeln.de\/?p=18469","title":{"rendered":"IPPNW Regionalgruppe K\u00f6ln: Einladung zur Aktionsberatung zu Gaza"},"content":{"rendered":"<p><em>Wir ver\u00f6ffentlichen eine Einladung von Uwe Trieschmann, IPPNW Regionalgruppe K\u00f6ln:<\/em><\/p>\n<hr \/>\n<p>Liebe Friedensfreud*innen,<\/p>\n<p>Gaza kann heute niemanden unber\u00fchrt lassen, viele haben sich in Deutschland und weltweilt engagiert, damit der Krieg in Gaza, das weitere Sterben von Kindern, Frauen und mittlerweile weit \u00fcber 35.000 Zivilisten ein Ende finden.<\/p>\n<p>Das Gesundheitswesen, die Schulen, die Universit\u00e4ten, die gesamte Infrastruktur ist zerst\u00f6rt. Auch die Situation der israelischen Geiseln, die seit \u00fcber einem halben Jahr um ihr Leben f\u00fcrchten m\u00fcssen, ist unertr\u00e4glich; unertr\u00e4glich ist aber auch die Lage der pal\u00e4stinensischen politischen Gefangenen in israelischen Gef\u00e4ngnissen, die ohne Aussicht auf ein gerechtes Verfahren eingekerkert sind, etliche von ihnen sind Kinder und Frauen.<\/p>\n<p>Ein dauerhafter Waffenstillstand ist jetzt geboten &#8211; auch damit ein Austausch von Geiseln und Gefangenen erm\u00f6glicht wird. Es muss alles getan werden, um jedes Menschenleben zu retten und um einen Weg zu Dialog und Vers\u00f6hnung zu \u00f6ffnen. Dazu muss es eine Wende in der Politik geben! Es d\u00fcrfen keine Waffen mehr nach Israel geliefert werden, damit es zu dem dringend notwendigen Waffenstillstand kommt. International haben nicht nur Studenten in vielen L\u00e4ndern massiv protestiert, sondern auch Regierungen, Universit\u00e4ten, namhafte Pers\u00f6nlichkeiten und Politiker \u2013 es sollen hier nur einige Beispiele aus der letzten Zeit genannt werden.<\/p>\n<ul>\n<li>Spanische Universit\u00e4ten kappen ihre Beziehungen nach Israel, wenn diese \u201ekein Bekenntnis zum Frieden\u201c abgeben<\/li>\n<li>Der Stadtrat von Barcelona brach seine Beziehung zu Israel ab<\/li>\n<li>300 West-Schweizer Politiker solidarisieren sich mit den Unibesetzungen in Lausanne und Genf<\/li>\n<li>Frankreich hat Israel aufgefordert, den Milit\u00e4reinsatz in Rafah unverz\u00fcglich zu beenden<\/li>\n<li>\u00c4gypten will sich der V\u00f6lkermord-Klage anschlie\u00dfen<\/li>\n<li>Selbst die amerikanische Regierung h\u00e4lt es f\u00fcr m\u00f6glich, dass Israel mit von den USA bereitgestellten Waffen im Gaza-Streifen gegenhumanit\u00e4res V\u00f6lkerrecht versto\u00dfen haben k\u00f6nnte<\/li>\n<li>88 US-Demokraten haben Biden aufgefordert, keine Waffen mehr an Israel zu schicken.<\/li>\n<li>Zahlreiche Demonstrationen in K\u00f6ln und vielen deutschen St\u00e4dten<\/li>\n<\/ul>\n<div id=\"attachment_18281\" style=\"width: 540px\" class=\"wp-caption alignleft\"><img loading=\"lazy\" decoding=\"async\" aria-describedby=\"caption-attachment-18281\" class=\" wp-image-18281\" src=\"https:\/\/www.friedenkoeln.de\/wp-content\/uploads\/2024\/04\/DSC_0078-1-scaled.jpg\" alt=\"Gedr\u00e4ngt stehende Leute mit Schildern\" width=\"530\" height=\"353\" srcset=\"https:\/\/www.friedenkoeln.de\/wp-content\/uploads\/2024\/04\/DSC_0078-1-scaled.jpg 2560w, https:\/\/www.friedenkoeln.de\/wp-content\/uploads\/2024\/04\/DSC_0078-1-200x133.jpg 200w, https:\/\/www.friedenkoeln.de\/wp-content\/uploads\/2024\/04\/DSC_0078-1-768x512.jpg 768w, https:\/\/www.friedenkoeln.de\/wp-content\/uploads\/2024\/04\/DSC_0078-1-1536x1024.jpg 1536w, https:\/\/www.friedenkoeln.de\/wp-content\/uploads\/2024\/04\/DSC_0078-1-2048x1365.jpg 2048w\" sizes=\"auto, (max-width: 530px) 100vw, 530px\" \/><p id=\"caption-attachment-18281\" class=\"wp-caption-text\">&#8222;Israel spricht nicht in meinem Namen!&#8220; und &#8222;Not in my Jewish name!&#8220; &#8211; Protest der &#8222;J\u00fcdischen Stimme f\u00fcr einen gerechten Frieden in Nahost&#8220; beim Ostermarsch, Roncalliplatz, K\u00f6ln, 30.3.2024. Foto: Stefanie Intveen<\/p><\/div>\n<p>Immer wieder wird in der Politik und in den Medien die Kritik an Israel als antisemitisch diffamiert. Dagegen hat Moshe Zuckermann, emeritierter Professor der Universit\u00e4t Tel Aviv, bei einer Veranstaltung mit 180 Teilnehmern an der Uni K\u00f6ln deutlich gemacht, dass die Kritik an Israel nichts mit Antisemitismus zu tun hat. Und in die gleiche Richtung geht die \u00c4u\u00dferung von seinem Kollegen Prof. Moshe Zimmermann, israelischer Historiker, der erkl\u00e4rte (Berliner Zeitung 5.5.2024):<\/p>\n<blockquote><p>Die beste Form der Solidarit\u00e4t mit Israel ist deutliche Kritik an der Regierung von Benjamin Netanyahu.<\/p><\/blockquote>\n<p>Aber trotz aller internationalen Proteste macht Netanjahu mit dem Angriff auf Rafah weiter und verleiht damit dem Krieg noch eine neue Dimension. Und nicht nur das, sondern Israel behindert auch weiterhin humanit\u00e4re Transporte in den Gazastreifen und die Besiedelung des West-Jordan-Landes wird weiter vorangetrieben. Nicht umsonst hat UN-Generalsekret\u00e4r Guterres erkl\u00e4rt, die Situation in Rafah stehe auf Messers Schneide (Deutschlandfunk 11.5.2024).<\/p>\n<p>Da wollen und m\u00fcssen wir uns \u2013 auch in K\u00f6ln \u2013 mit einer gro\u00dfen Aktion einmischen. Wir wollen deshalb alle, die sich bisher in dieser oder jener Form f\u00fcr einen Waffenstillstand in Gaza eingesetzt haben, zu einem Treffen einladen, um m\u00f6glichst kurzfristig auch in K\u00f6ln GEMEINSAM ein deutliches Zeichen zu setzen, damit auch von Deutschland klare Zeichen ausgehen!<\/p>\n<p>Wir m\u00f6chten euch kurzfristig zu einem Treffen einladen am:<br \/>\n<strong>Mittwoch 29.5.2024, 19:30 Uhr<\/strong><br \/>\n<strong>Alte Feuerwache, S\u00e4ulenraum im S\u00fcdtrakt, Melchiorstr. 3, 50670 K\u00f6ln<\/strong><\/p>\n<p>Kontakt: IPPNW Regionalgruppe K\u00f6ln<br \/>\nDr. med. Uwe Trieschmann, uwe.trieschmann@gmx.de<\/p>\n<hr \/>\n<p><em>Als Pazifist:innen lehnen wir jeden Krieg, auch einen v\u00f6lkerrechtlich erlaubten Verteidigungskrieg, ab und versuchen, unsere Aufmerksamkeit auf die Kriegsursachen und auf das menschliche Leid auf allen Seiten zu richten. Manche Konfliktursachen lassen sich gut aufkl\u00e4ren, wie beispielsweise oft zugespitzten Diskussionen \u00fcber &#8222;Antisemitismus&#8220; in Deutschland. Die DFG-VK Gruppe K\u00f6ln hat sich <a href=\"https:\/\/www.friedenkoeln.de\/?p=17556\">im Juni 2023 mit den zwei unterschiedlichen Definitionen dieses Begriffs besch\u00e4ftigt<\/a> und Bewusstsein daf\u00fcr entwickelt, dass die Ursache von Streitigkeiten oft darin besteht, dass die Streitenden keine Klarheit geschaffen haben, welchen Begriff sie ihrer Diskussion zugrundelegen.<\/em><\/p>\n","protected":false},"excerpt":{"rendered":"<p>Wir ver\u00f6ffentlichen eine Einladung von Uwe Trieschmann, IPPNW Regionalgruppe K\u00f6ln: Liebe Friedensfreud*innen, Gaza kann heute niemanden unber\u00fchrt lassen, viele haben sich in Deutschland und weltweilt engagiert, damit der Krieg in Gaza, das weitere Sterben&#46;&#46;&#46;<\/p>\n","protected":false},"author":110,"featured_media":18281,"comment_status":"open","ping_status":"open","sticky":false,"template":"","format":"standard","meta":{"footnotes":""},"categories":[104],"tags":[140,66,99,91],"class_list":["post-18469","post","type-post","status-publish","format-standard","has-post-thumbnail","hentry","category-ankuendigung","tag-antisemitismus","tag-israel-palaestina","tag-menschenrechte","tag-voelkerrecht"],"_links":{"self":[{"href":"https:\/\/www.friedenkoeln.de\/index.php?rest_route=\/wp\/v2\/posts\/18469","targetHints":{"allow":["GET"]}}],"collection":[{"href":"https:\/\/www.friedenkoeln.de\/index.php?rest_route=\/wp\/v2\/posts"}],"about":[{"href":"https:\/\/www.friedenkoeln.de\/index.php?rest_route=\/wp\/v2\/types\/post"}],"author":[{"embeddable":true,"href":"https:\/\/www.friedenkoeln.de\/index.php?rest_route=\/wp\/v2\/users\/110"}],"replies":[{"embeddable":true,"href":"https:\/\/www.friedenkoeln.de\/index.php?rest_route=%2Fwp%2Fv2%2Fcomments&post=18469"}],"version-history":[{"count":5,"href":"https:\/\/www.friedenkoeln.de\/index.php?rest_route=\/wp\/v2\/posts\/18469\/revisions"}],"predecessor-version":[{"id":18474,"href":"https:\/\/www.friedenkoeln.de\/index.php?rest_route=\/wp\/v2\/posts\/18469\/revisions\/18474"}],"wp:featuredmedia":[{"embeddable":true,"href":"https:\/\/www.friedenkoeln.de\/index.php?rest_route=\/wp\/v2\/media\/18281"}],"wp:attachment":[{"href":"https:\/\/www.friedenkoeln.de\/index.php?rest_route=%2Fwp%2Fv2%2Fmedia&parent=18469"}],"wp:term":[{"taxonomy":"category","embeddable":true,"href":"https:\/\/www.friedenkoeln.de\/index.php?rest_route=%2Fwp%2Fv2%2Fcategories&post=18469"},{"taxonomy":"post_tag","embeddable":true,"href":"https:\/\/www.friedenkoeln.de\/index.php?rest_route=%2Fwp%2Fv2%2Ftags&post=18469"}],"curies":[{"name":"wp","href":"https:\/\/api.w.org\/{rel}","templated":true}]}}