{"id":18490,"date":"2024-05-31T14:38:44","date_gmt":"2024-05-31T12:38:44","guid":{"rendered":"https:\/\/www.friedenkoeln.de\/?p=18490"},"modified":"2024-06-01T22:41:46","modified_gmt":"2024-06-01T20:41:46","slug":"helmut-kraess-solange-es-atommaechte-gibt-darf-man-sie-nicht-reizen","status":"publish","type":"post","link":"https:\/\/www.friedenkoeln.de\/?p=18490","title":{"rendered":"Helmut K\u00e4ss: &#8222;Solange es Atomm\u00e4chte gibt, darf man sie nicht reizen&#8220;"},"content":{"rendered":"<p>Hofreiter und Strack Zimmermann drehen auf. Sie wollen die Russen bis zum Selbstmord\/Weltselbstmord reizen. Wenn die erste Atombombe f\u00e4llt, droht die Nato zu antworten und die Katastrophe der Eskalation rollt weiter. H\u00f6rt Euch schon 2014 Willy Wimmer, aktueller Schulenburg, Kujat, Vollmer (Ihr k\u00f6nnte die Namen auf <a href=\"https:\/\/helmutkaess.de\/homepage\/\">meiner Homepage<\/a> eingeben&#8230;) und viele andere an, die davor warnen.<\/p>\n<div id=\"attachment_16524\" style=\"width: 510px\" class=\"wp-caption alignright\"><img loading=\"lazy\" decoding=\"async\" aria-describedby=\"caption-attachment-16524\" class=\"wp-image-16524 size-medium\" src=\"https:\/\/www.friedenkoeln.de\/wp-content\/uploads\/2021\/01\/20210122_hdh_6646-500x500.jpg\" alt=\"Eine gr\u00fcn-wei\u00dfe Flagge weht vor einem gotischen Turm.\" width=\"500\" height=\"500\" srcset=\"https:\/\/www.friedenkoeln.de\/wp-content\/uploads\/2021\/01\/20210122_hdh_6646-500x500.jpg 500w, https:\/\/www.friedenkoeln.de\/wp-content\/uploads\/2021\/01\/20210122_hdh_6646-80x80.jpg 80w, https:\/\/www.friedenkoeln.de\/wp-content\/uploads\/2021\/01\/20210122_hdh_6646-320x320.jpg 320w\" sizes=\"auto, (max-width: 500px) 100vw, 500px\" \/><p id=\"caption-attachment-16524\" class=\"wp-caption-text\">Friedensbewegung K\u00f6ln feiert: Atomwaffenverbotsvertrag am 22.1.2021 in Kraft. Flagge der Mayors for Peace vor dem Historischen Rathaus, Alter Markt, K\u00f6ln, 25.1.2021. Foto: Hans-Dieter Hey (R-mediabase)<\/p><\/div>\n<p>Aus meiner Sicht sind die Regierungen des Westens durch die eigene Propaganda verr\u00fcckt geworden. Russland wird nicht zur Atomwaffe greifen, solange sein Reich nicht gef\u00e4hrdet ist. Aber was ist sein Reich, Moskau? Die Krim? Donetzk? Und welchen Sinn hat es, die letzten Ukrainer zu opfern und unsere Wirtschaft durch den Verzicht auf billige Rohstoffe aus Russland zu schw\u00e4chen? Albert Einstein hat gesagt, das Universum und die Dummheit der Menschheit sind unendlich, aber bei dem Universum ist er noch nicht ganz sicher. Damit meinte er Situationen wie diese. Wollt Ihr Eure Enkel im nuklearen Winter verhungern oder abfackeln lassen?<\/p>\n<p>Es ist ein Wahnsinn, eine Atommacht so durch die Verweigerung von Verhandlungen wie im Dezember 2021 zu provozieren. Deswegen gibt es das Veto in der UN, weil es Atomm\u00e4chte gibt. Solange es die gibt, darf man die nicht reizen. Auch deswegen gibt es den Atomwaffenverbotsvertrag. Bedenkt die vielen Kriegsverbrechen der USA, Vietnam, Kosovo, Irak und die Beihilfe zum V\u00f6lkermord in Gaza und viele mehr, mit einem seit \u00fcber 10 Jahren eingesperrten Journalisten, Assange, und wir haben sie nie deswegen bek\u00e4mpft und sanktioniert.<\/p>\n<p>Unsere Doppelmoral ist unertr\u00e4glich.<\/p>\n<p>&nbsp;<\/p>\n<hr \/>\n<p><em>Helmut K\u00e4ss ist pensionierter Hausarzt und Vater von zwei S\u00f6hnen und engagiert sich seit den 1980er Jahren in der Umwelt- und Friedensbewegung.<\/em><\/p>\n","protected":false},"excerpt":{"rendered":"<p>Hofreiter und Strack Zimmermann drehen auf. Sie wollen die Russen bis zum Selbstmord\/Weltselbstmord reizen. Wenn die erste Atombombe f\u00e4llt, droht die Nato zu antworten und die Katastrophe der Eskalation rollt weiter. H\u00f6rt Euch schon&#46;&#46;&#46;<\/p>\n","protected":false},"author":110,"featured_media":16524,"comment_status":"open","ping_status":"open","sticky":false,"template":"","format":"standard","meta":{"footnotes":""},"categories":[107],"tags":[120,33,112,146,85,165],"class_list":["post-18490","post","type-post","status-publish","format-standard","has-post-thumbnail","hentry","category-kommentar","tag-abschreckung","tag-atomwaffen","tag-atomwaffenverbotsvertrag","tag-krieg","tag-kriegsverbrechen","tag-pressefreiheit"],"_links":{"self":[{"href":"https:\/\/www.friedenkoeln.de\/index.php?rest_route=\/wp\/v2\/posts\/18490","targetHints":{"allow":["GET"]}}],"collection":[{"href":"https:\/\/www.friedenkoeln.de\/index.php?rest_route=\/wp\/v2\/posts"}],"about":[{"href":"https:\/\/www.friedenkoeln.de\/index.php?rest_route=\/wp\/v2\/types\/post"}],"author":[{"embeddable":true,"href":"https:\/\/www.friedenkoeln.de\/index.php?rest_route=\/wp\/v2\/users\/110"}],"replies":[{"embeddable":true,"href":"https:\/\/www.friedenkoeln.de\/index.php?rest_route=%2Fwp%2Fv2%2Fcomments&post=18490"}],"version-history":[{"count":8,"href":"https:\/\/www.friedenkoeln.de\/index.php?rest_route=\/wp\/v2\/posts\/18490\/revisions"}],"predecessor-version":[{"id":18498,"href":"https:\/\/www.friedenkoeln.de\/index.php?rest_route=\/wp\/v2\/posts\/18490\/revisions\/18498"}],"wp:featuredmedia":[{"embeddable":true,"href":"https:\/\/www.friedenkoeln.de\/index.php?rest_route=\/wp\/v2\/media\/16524"}],"wp:attachment":[{"href":"https:\/\/www.friedenkoeln.de\/index.php?rest_route=%2Fwp%2Fv2%2Fmedia&parent=18490"}],"wp:term":[{"taxonomy":"category","embeddable":true,"href":"https:\/\/www.friedenkoeln.de\/index.php?rest_route=%2Fwp%2Fv2%2Fcategories&post=18490"},{"taxonomy":"post_tag","embeddable":true,"href":"https:\/\/www.friedenkoeln.de\/index.php?rest_route=%2Fwp%2Fv2%2Ftags&post=18490"}],"curies":[{"name":"wp","href":"https:\/\/api.w.org\/{rel}","templated":true}]}}