{"id":18499,"date":"2024-06-01T23:41:49","date_gmt":"2024-06-01T21:41:49","guid":{"rendered":"https:\/\/www.friedenkoeln.de\/?p=18499"},"modified":"2024-06-01T23:41:49","modified_gmt":"2024-06-01T21:41:49","slug":"ursula-mathern-blankes-entsetzen-wer-ist-hier-der-feind","status":"publish","type":"post","link":"https:\/\/www.friedenkoeln.de\/?p=18499","title":{"rendered":"Ursula Mathern: &#8222;Blankes Entsetzen! Wer ist hier der Feind?&#8220;"},"content":{"rendered":"<p><em>Ursula Mathern hat am 31.5.2024 folgende Offene Email an die Bundesminister*innen und Bundeskanzler Scholz, sowie Bundespr\u00e4sidenten Steinmeier geschrieben:\u00a0<\/em><\/p>\n<hr \/>\n<p>Sehr geehrter Herr Scholz, sehr geehrte Damen und Herren,<\/p>\n<p>blankes Entsetzen packte mich, als ich heute Mittag erfuhr, dass nun auch die Bundesregierung der Ukraine den Waffeneinsatz gegen Ziele in Russland erlaubt.<\/p>\n<p>Sind Sie denn nun vollends von Sinnen???<\/p>\n<p>Der Ukraine laufen die M\u00e4nner davon. Zu Recht! Hunderttausende von ihnen hat dieser Krieg schon dahin gerafft. Das Land ist gro\u00dfteils zerst\u00f6rt, weite Teile des Bodens vergiftet. Ein Gro\u00dfteil der Bev\u00f6lkerung w i l l \u00a0d i e s e n \u00a0K r i e g \u00a0n i c h t \u00a0m e h r, sondern fordert eine diplomatische L\u00f6sung (s. H. Kujat in: Nr. 6 vom 25. April 2024 &#8211; Zeitgeschehen im Fokus (zeitgeschehen-im-fokus.ch)).<\/p>\n<p>Und Sie? Sie lassen sich beschwatzen von einem Pr\u00e4sidenten, der legitimerweise gar nicht mehr im Amt w\u00e4re.<br \/>\nUnd vor allem lassen Sie sich unter Druck setzen von der US-Regierung, die nur noch an einem interessiert ist: dem Erhalt der eigenen Macht und der US-Dominanz \u00fcber den Rest der Welt mittels der von ihr gef\u00fchrten NATO!<\/p>\n<p>Zug um Zug haben SIE nachgegeben, immer gef\u00e4hrlichere Waffen geliefert, w\u00e4hrend sich die tollw\u00fctige Schraube in Ihren H\u00e4nden immer schneller dreht.<\/p>\n<div id=\"attachment_18503\" style=\"width: 510px\" class=\"wp-caption alignright\"><img loading=\"lazy\" decoding=\"async\" aria-describedby=\"caption-attachment-18503\" class=\"size-medium wp-image-18503\" src=\"https:\/\/www.friedenkoeln.de\/wp-content\/uploads\/2024\/06\/Operation_Upshot-Knothole_-_Badger_001-500x500.jpg\" alt=\"\" width=\"500\" height=\"500\" srcset=\"https:\/\/www.friedenkoeln.de\/wp-content\/uploads\/2024\/06\/Operation_Upshot-Knothole_-_Badger_001-500x500.jpg 500w, https:\/\/www.friedenkoeln.de\/wp-content\/uploads\/2024\/06\/Operation_Upshot-Knothole_-_Badger_001-80x80.jpg 80w, https:\/\/www.friedenkoeln.de\/wp-content\/uploads\/2024\/06\/Operation_Upshot-Knothole_-_Badger_001-320x320.jpg 320w\" sizes=\"auto, (max-width: 500px) 100vw, 500px\" \/><p id=\"caption-attachment-18503\" class=\"wp-caption-text\">Atomwaffentest am 18.4.1953 (BADGER explosion, im Rahmen von Operation Upshot-Knothole) in Nevada \/ USA. Foto: National Nuclear Security Administration \/ Nevada Site Office<\/p><\/div>\n<p>J\u00fcngst wurden die russischen Atomwaffen-Fr\u00fchwarnsysteme angegriffen. Bereits dieser Schritt r\u00fcckte eine nukleare Konfrontation in Europa und eine weitere Eskalation bis zu einem Weltkrieg in den Bereich des M\u00f6glichen.<\/p>\n<p>Und nun auch noch dies: auch SIE haben Ihre Zustimmung dazu gegeben, dass NATO-Waffen modernster Art direkt gegen russisches Territorium eingesetzt werden k\u00f6nnen.<\/p>\n<p>Was meinen Sie wohl? Dass Selenskyj von Ihrer Erlaubnis nicht Gebrauch machen wird? Nat\u00fcrlich wird er das. Hat er doch nichts mehr zu verlieren. Auch hat ihn sein Volk noch nie wirklich interessiert, genauso wenig wie f\u00fcr den Werte-Westen, allen hehren Beteuerungen zum Trotz, die ukrainische Bev\u00f6lkerung je wirklich von Belang war. Russland zu schw\u00e4chen, das war und ist Ihr Ziel! &#8211; Dass Russland schon nicht so hart reagieren wird?<\/p>\n<p>Sitzen Sie eigentlich auf Ihren Ohren, sodass Sie nicht geh\u00f6rt h\u00e4tten, wie Pr\u00e4sident Putin einerseits wieder und wieder seine Verhandlungsbereitschaft bekundet und andererseits daran erinnert und gewarnt hat: Russland werde seine Nuklearwaffen &#8211; gem\u00e4\u00df der eigenen Milit\u00e4rdoktrin einsetzen, wenn die Sicherheit und die Existenz des Landes bedroht werde. &#8211; Im Unterschied zu Ihrem war auf sein Wort bisher auch Verlass.<\/p>\n<p>Bevorzugte Angriffsziele gibt es auch hierzulande.<\/p>\n<p>WER HAT IHNEN \u2013 gro\u00dfe Teile der Opposition d\u00fcrfen sich gleicherma\u00dfen angesprochen f\u00fchlen! &#8211; EIGENTLICH ERLAUBT, DERART AUCH MIT UNSEREM LEBEN ZU SPIELEN?<\/p>\n<p>Statt Schaden vom Volk abzuwenden, wie Sie geschworen haben, sind Sie, ohne mit der Wimper zu zucken, bereit, auch uns vollends zu opfern.<\/p>\n<p>WIE K\u00d6NNTE MAN MEHR VERACHTUNG GEGEN\u00dcBER DER EIGENEN BEV\u00d6LKERUNG DEMONSTRIEREN?<\/p>\n<p>All Ihren bewusst t\u00e4uschenden Narrativen zum Trotz: F\u00fcr mich ist nicht Russland der Feind. F\u00fcr mich sind Sie und Ihre NATO-Freunde die weitaus gr\u00f6\u00dfere Bedrohung.<\/p>\n<p>Bleibt nur zu hoffen, dass die Mehrheit der Bev\u00f6lkerung bei den EU-Wahlen IHREM Wahn NICHT folgt, sondern besonnener agiert als Sie und GEGEN MILITARISMUS, KRIEGST\u00dcCHTIGEKEIT UND HOCHR\u00dcSTUNG STIMMT.<\/p>\n<p>Ursula Mathern<\/p>\n<hr \/>\n<p><em>Ursula Mathern lebt in Merxheim (Nahe). Sie engagiert sich f\u00fcr soziale Gerechtigkeit und Frieden.<\/em><\/p>\n<p><a href=\"https:\/\/www.friedenkoeln.de\/wp-content\/uploads\/2024\/06\/Ursula-Mathern-a-Bundesregierung_Blankes-Entsetzen-wer-ist-hier-der-Feind_20240531.pdf\"><em>Hier ist ihre Email mit allen Anschriften zum Download.<\/em><\/a><\/p>\n<p>&nbsp;<\/p>\n","protected":false},"excerpt":{"rendered":"<p>Ursula Mathern hat am 31.5.2024 folgende Offene Email an die Bundesminister*innen und Bundeskanzler Scholz, sowie Bundespr\u00e4sidenten Steinmeier geschrieben:\u00a0 Sehr geehrter Herr Scholz, sehr geehrte Damen und Herren, blankes Entsetzen packte mich, als ich heute&#46;&#46;&#46;<\/p>\n","protected":false},"author":110,"featured_media":18503,"comment_status":"open","ping_status":"open","sticky":false,"template":"","format":"standard","meta":{"footnotes":""},"categories":[141],"tags":[251,33],"class_list":["post-18499","post","type-post","status-publish","format-standard","has-post-thumbnail","hentry","category-brief","tag-atomkrieg","tag-atomwaffen"],"_links":{"self":[{"href":"https:\/\/www.friedenkoeln.de\/index.php?rest_route=\/wp\/v2\/posts\/18499","targetHints":{"allow":["GET"]}}],"collection":[{"href":"https:\/\/www.friedenkoeln.de\/index.php?rest_route=\/wp\/v2\/posts"}],"about":[{"href":"https:\/\/www.friedenkoeln.de\/index.php?rest_route=\/wp\/v2\/types\/post"}],"author":[{"embeddable":true,"href":"https:\/\/www.friedenkoeln.de\/index.php?rest_route=\/wp\/v2\/users\/110"}],"replies":[{"embeddable":true,"href":"https:\/\/www.friedenkoeln.de\/index.php?rest_route=%2Fwp%2Fv2%2Fcomments&post=18499"}],"version-history":[{"count":3,"href":"https:\/\/www.friedenkoeln.de\/index.php?rest_route=\/wp\/v2\/posts\/18499\/revisions"}],"predecessor-version":[{"id":18504,"href":"https:\/\/www.friedenkoeln.de\/index.php?rest_route=\/wp\/v2\/posts\/18499\/revisions\/18504"}],"wp:featuredmedia":[{"embeddable":true,"href":"https:\/\/www.friedenkoeln.de\/index.php?rest_route=\/wp\/v2\/media\/18503"}],"wp:attachment":[{"href":"https:\/\/www.friedenkoeln.de\/index.php?rest_route=%2Fwp%2Fv2%2Fmedia&parent=18499"}],"wp:term":[{"taxonomy":"category","embeddable":true,"href":"https:\/\/www.friedenkoeln.de\/index.php?rest_route=%2Fwp%2Fv2%2Fcategories&post=18499"},{"taxonomy":"post_tag","embeddable":true,"href":"https:\/\/www.friedenkoeln.de\/index.php?rest_route=%2Fwp%2Fv2%2Ftags&post=18499"}],"curies":[{"name":"wp","href":"https:\/\/api.w.org\/{rel}","templated":true}]}}