{"id":18510,"date":"2024-06-07T08:40:08","date_gmt":"2024-06-07T06:40:08","guid":{"rendered":"https:\/\/www.friedenkoeln.de\/?p=18510"},"modified":"2024-06-07T09:20:14","modified_gmt":"2024-06-07T07:20:14","slug":"asta-th-koeln-kritisiert-teilnahme-der-bundeswehr","status":"publish","type":"post","link":"https:\/\/www.friedenkoeln.de\/?p=18510","title":{"rendered":"AStA der Technischen Hochschule K\u00f6ln kritisiert Teilnahme der Bundeswehr an Karrieremesse"},"content":{"rendered":"<p>Die Bundeswehr beteiligte sich am 6. Juni 2024 erneut an einer sogenannten Karrieremesse, dieses Mal bei der Technischen Hochschule in Deutz. Der Allgemeine Studierendenausschuss (AStA) sieht als Vertretung der Studierendenschaft die Teilnahme von milit\u00e4rischen Organisationen und nicht-zivilen Unternehmen \u00e4u\u00dferst kritisch und spricht sich daher gegen eine Teilnahme der\u2028Bundeswehr aus. Er bezieht sich mit seiner Ablehnung auf das in \u00a72 der Hochschul-Grundordnung formulierte Selbstverst\u00e4ndnis. Darin hei\u00dft es: &#8222;Die Technische Hochschule K\u00f6ln ist mit ihrem \u00f6ffentlichen Bildungsauftrag den Prinzipien des demokratischen und sozialen Rechtsstaats verpflichtet und wirkt auf dessen Sicherung und Weiterentwicklung hin. Sie verfolgt ausschlie\u00dflich friedliche Ziele und leistet ihren Beitrag zu einer nachhaltigen, friedlichen und demokratischen Welt.&#8220;<\/p>\n<p>Der AStA beschloss, gemeinsam mit der Deutschen Friedensgesellschaft \u2013 Vereinte Kriegsdienstgegner*innen (DFG-VK) Gruppe K\u00f6ln einen Infotisch vor der Messe zu errichten, um Diskussionen \u00fcber dieses Thema anzuregen. In dem Beschluss hei\u00dft es &#8222;Die gegenw\u00e4rtige globale Aufr\u00fcstungsspirale, an der sich auch Deutschland massiv\u2028beteiligt, hat wiederum K\u00fcrzungen im Bereich Wissenschaft, Bildung und Soziales zur Folge und f\u00fchrt zu keiner Zunahme von Sicherheit, sondern zu neuen Risiken.\u2028Wir w\u00fcnschen uns eine St\u00e4rkung der demokratischen Kultur und sozialer Gerechtigkeit und eine nachhaltige also friedliche Entwicklung. Hierzu braucht es zivile Arbeits- und Lernperspektiven.&#8220;<\/p>\n<p>Der AStA hat dann einen Waffelstand organisiert, Motto &#8222;Waffeln statt Waffen&#8220;. Dieser und der Infotisch wurden gut angenommen. Es war eine tolle Werbung f\u00fcr den Frieden! Seitens der DFG-VK hatten 6 Mitglieder an dieser konstruktiven und Kr\u00e4fte b\u00fcndelnden Kooperation mit dem ASTA teilgenommen. Das Motto &#8222;Waffeln statt Waffen&#8220; hat gut gegriffen und Studierende und Aussteller an den Stand geholt. Und der mit Friedensfahnen und Anti-Kriegstransparenten geschm\u00fcckte und mit einem symbolischen &#8222;Sarg&#8220; verzierte DFG-VK Stand \u00a0hat die, \u00fcberwiegend jungen, Menschen zu Fragen animiert. &#8222;Was ist die DFG-VK, seid ihr eine Partei, was sind eure Ziele,&#8230;..?&#8220; Die Themen Eskalation von Gewalt, Deeskalationsstrategien, R\u00fcstungsexporte, Wehrpflicht, Wehretat, Krieg, Tod und Sterben und Desertion wurden zum Teil intensiv diskutiert. Alle Gespr\u00e4che und Diskussionen waren konstruktiv, gleichberechtigt und mit Respekt gef\u00fchrt!<\/p>\n<div class=\"rl-gallery-container rl-loading\" id=\"rl-gallery-container-1\" data-gallery_id=\"18512\"> <div class=\"rl-gallery rl-basicgrid-gallery \" id=\"rl-gallery-1\" data-gallery_no=\"1\"> <div class=\"rl-gallery-item\"><a href=\"https:\/\/www.friedenkoeln.de\/wp-content\/uploads\/2024\/06\/IMG_0766.jpeg\" title=\"\" data-rl_title=\"\" class=\"rl-gallery-link\" data-rl_caption=\"Infostand der DFG-VK und des ASTA&#039;s auf der Karrieremesse an der TH K\u00f6ln\" data-rel=\"lightbox-gallery-1\"><img loading=\"lazy\" decoding=\"async\" src=\"https:\/\/www.friedenkoeln.de\/wp-content\/uploads\/2024\/06\/IMG_0766-500x500.jpeg\" width=\"500\" height=\"500\" alt=\"Infostand der DFG-VK und des ASTA&#039;s auf der Karrieremesse an der TH K\u00f6ln\" \/><span class=\"rl-gallery-caption\"><span class=\"rl-gallery-item-caption\">Infostand der DFG-VK und des ASTA&#039;s auf der Karrieremesse an der TH K\u00f6ln<\/span><\/span><\/a><\/div><div class=\"rl-gallery-item\"><a href=\"https:\/\/www.friedenkoeln.de\/wp-content\/uploads\/2024\/06\/IMG_0767.jpeg\" title=\"\" data-rl_title=\"\" class=\"rl-gallery-link\" data-rl_caption=\"Waffelstand des ASTA&#039;s auf der Karrieremesse an der TH K\u00f6ln\" data-rel=\"lightbox-gallery-1\"><img loading=\"lazy\" decoding=\"async\" src=\"https:\/\/www.friedenkoeln.de\/wp-content\/uploads\/2024\/06\/IMG_0767-500x500.jpeg\" width=\"500\" height=\"500\" alt=\"Waffelstand des ASTA&#039;s auf der Karrieremesse an der TH K\u00f6ln\" \/><span class=\"rl-gallery-caption\"><span class=\"rl-gallery-item-caption\">Waffelstand des ASTA&#039;s auf der Karrieremesse an der TH K\u00f6ln<\/span><\/span><\/a><\/div><div class=\"rl-gallery-item\"><a href=\"https:\/\/www.friedenkoeln.de\/wp-content\/uploads\/2024\/06\/IMG_0768.jpeg\" title=\"\" data-rl_title=\"\" class=\"rl-gallery-link\" data-rl_caption=\"Infostand der DFG-VK und des ASTA&#039;s auf der Karrieremesse an der TH K\u00f6ln\" data-rel=\"lightbox-gallery-1\"><img loading=\"lazy\" decoding=\"async\" src=\"https:\/\/www.friedenkoeln.de\/wp-content\/uploads\/2024\/06\/IMG_0768-500x500.jpeg\" width=\"500\" height=\"500\" alt=\"Infostand der DFG-VK und des ASTA&#039;s auf der Karrieremesse an der TH K\u00f6ln\" \/><span class=\"rl-gallery-caption\"><span class=\"rl-gallery-item-caption\">Infostand der DFG-VK und des ASTA&#039;s auf der Karrieremesse an der TH K\u00f6ln<\/span><\/span><\/a><\/div><div class=\"rl-gallery-item\"><a href=\"https:\/\/www.friedenkoeln.de\/wp-content\/uploads\/2024\/06\/IMG_0769.jpeg\" title=\"\" data-rl_title=\"\" class=\"rl-gallery-link\" data-rl_caption=\"Infostand der DFG-VK und des ASTA&#039;s auf der Karrieremesse an der TH K\u00f6ln\" data-rel=\"lightbox-gallery-1\"><img loading=\"lazy\" decoding=\"async\" src=\"https:\/\/www.friedenkoeln.de\/wp-content\/uploads\/2024\/06\/IMG_0769-500x500.jpeg\" width=\"500\" height=\"500\" alt=\"Infostand der DFG-VK und des ASTA&#039;s auf der Karrieremesse an der TH K\u00f6ln\" \/><span class=\"rl-gallery-caption\"><span class=\"rl-gallery-item-caption\">Infostand der DFG-VK und des ASTA&#039;s auf der Karrieremesse an der TH K\u00f6ln<\/span><\/span><\/a><\/div> <\/div> <\/div>\n","protected":false},"excerpt":{"rendered":"<p>Die Bundeswehr beteiligte sich am 6. Juni 2024 erneut an einer sogenannten Karrieremesse, dieses Mal bei der Technischen Hochschule in Deutz. Der Allgemeine Studierendenausschuss (AStA) sieht als Vertretung der Studierendenschaft die Teilnahme von milit\u00e4rischen&#46;&#46;&#46;<\/p>\n","protected":false},"author":110,"featured_media":18509,"comment_status":"open","ping_status":"open","sticky":false,"template":"","format":"standard","meta":{"footnotes":""},"categories":[2,105],"tags":[],"class_list":["post-18510","post","type-post","status-publish","format-standard","has-post-thumbnail","hentry","category-aktionen","category-bericht"],"_links":{"self":[{"href":"https:\/\/www.friedenkoeln.de\/index.php?rest_route=\/wp\/v2\/posts\/18510","targetHints":{"allow":["GET"]}}],"collection":[{"href":"https:\/\/www.friedenkoeln.de\/index.php?rest_route=\/wp\/v2\/posts"}],"about":[{"href":"https:\/\/www.friedenkoeln.de\/index.php?rest_route=\/wp\/v2\/types\/post"}],"author":[{"embeddable":true,"href":"https:\/\/www.friedenkoeln.de\/index.php?rest_route=\/wp\/v2\/users\/110"}],"replies":[{"embeddable":true,"href":"https:\/\/www.friedenkoeln.de\/index.php?rest_route=%2Fwp%2Fv2%2Fcomments&post=18510"}],"version-history":[{"count":4,"href":"https:\/\/www.friedenkoeln.de\/index.php?rest_route=\/wp\/v2\/posts\/18510\/revisions"}],"predecessor-version":[{"id":18515,"href":"https:\/\/www.friedenkoeln.de\/index.php?rest_route=\/wp\/v2\/posts\/18510\/revisions\/18515"}],"wp:featuredmedia":[{"embeddable":true,"href":"https:\/\/www.friedenkoeln.de\/index.php?rest_route=\/wp\/v2\/media\/18509"}],"wp:attachment":[{"href":"https:\/\/www.friedenkoeln.de\/index.php?rest_route=%2Fwp%2Fv2%2Fmedia&parent=18510"}],"wp:term":[{"taxonomy":"category","embeddable":true,"href":"https:\/\/www.friedenkoeln.de\/index.php?rest_route=%2Fwp%2Fv2%2Fcategories&post=18510"},{"taxonomy":"post_tag","embeddable":true,"href":"https:\/\/www.friedenkoeln.de\/index.php?rest_route=%2Fwp%2Fv2%2Ftags&post=18510"}],"curies":[{"name":"wp","href":"https:\/\/api.w.org\/{rel}","templated":true}]}}