{"id":18517,"date":"2024-06-07T16:04:32","date_gmt":"2024-06-07T14:04:32","guid":{"rendered":"https:\/\/www.friedenkoeln.de\/?p=18517"},"modified":"2024-06-07T16:04:32","modified_gmt":"2024-06-07T14:04:32","slug":"generationenaustausch-in-der-friedensbewegung-erfahrungen-mit-gewaltfreiem-widerstand-gegen-atomwaffen-in-deutschland","status":"publish","type":"post","link":"https:\/\/www.friedenkoeln.de\/?p=18517","title":{"rendered":"Generationenaustausch in der Friedensbewegung: Erfahrungen mit gewaltfreiem Widerstand gegen Atomwaffen in Deutschland"},"content":{"rendered":"<p><em>Gemeinsam mit <a href=\"https:\/\/www.peace4future.de\">Peace4Future<\/a> laden wir herzlich ein:<\/em><\/p>\n<hr \/>\n<h3 style=\"text-align: center;\">Generationenaustausch in der Friedensbewegung:<\/h3>\n<h3 style=\"text-align: center;\">Erfahrungen mit gewaltfreiem Widerstand gegen Atomwaffen in Deutschland<\/h3>\n<p style=\"text-align: center;\"><strong>Dienstag, den 25.06.2024<\/strong><br \/>\n<strong>16:30-18 Uhr Online<\/strong><\/p>\n<p style=\"text-align: center;\">mit<\/p>\n<p style=\"text-align: center;\"><strong>Ariane Dettloff, DFG-VK Gruppe K\u00f6ln, und<\/strong><\/p>\n<p style=\"text-align: center;\"><strong>Marian Losse (ICAN)<\/strong><\/p>\n<p style=\"text-align: center;\">Anmeldung unter anmeldung@peace4future.de<\/p>\n<p><img loading=\"lazy\" decoding=\"async\" class=\"wp-image-18521  alignright\" src=\"https:\/\/www.friedenkoeln.de\/wp-content\/uploads\/2024\/06\/Generationenaustausch-sharepic.jpg\" alt=\"Grafische Elemente des Flyers beinhalten das Peace-Zeichen mit der zerbrochenen Rakete, einen gefalteten Kranich und Menschen, die im Kreis sitzen und miteinander reden.\" width=\"492\" height=\"696\" srcset=\"https:\/\/www.friedenkoeln.de\/wp-content\/uploads\/2024\/06\/Generationenaustausch-sharepic.jpg 1414w, https:\/\/www.friedenkoeln.de\/wp-content\/uploads\/2024\/06\/Generationenaustausch-sharepic-141x200.jpg 141w, https:\/\/www.friedenkoeln.de\/wp-content\/uploads\/2024\/06\/Generationenaustausch-sharepic-768x1086.jpg 768w, https:\/\/www.friedenkoeln.de\/wp-content\/uploads\/2024\/06\/Generationenaustausch-sharepic-1086x1536.jpg 1086w\" sizes=\"auto, (max-width: 492px) 100vw, 492px\" \/><\/p>\n<p>Seit 1968 stationiert die USA in Deutschland, der T\u00fcrkei, Italien, Belgien und den Niederlanden Atombomben des Typs B61. Im Kriegsfall sollen diese Bomben an die jeweils nationalen Luftwaffeeinheiten \u00fcbergeben und von diesen in ihr Ziel geflogen werden (\u201eNukleare Teilhabe&#8220;). In Deutschland befinden die Atombomben sich auf dem Gel\u00e4nde des Fliegerhorst B\u00fcchel bei Cochem in der Eifel.<br \/>\nW\u00e4hrend des Kalten Krieges dienten diese als Abschreckung gegen die nukleare Bedrohung der Sowjetunion. Mit dem Ende des Kalten Krieges und einer verst\u00e4rkten \u00f6ffentlichen Debatte um die The<\/p>\n<p>men Krieg, Aufr\u00fcstung und Nuklearwaffen verst\u00e4rkte sich jedoch die Kritik gegen die Nukleare Teilhabe Deutschlands. Im Juni 1996 formierte sich erstmals gewaltfreier ziviler Widerstand gegen die in B\u00fcchel stationierten Atomwaffen, der sich in den folgenden 28 Jahren professionalisierte und unterschiedliche zivilgesellschaftliche Gruppen der Friedensbewegung involvierte.<\/p>\n<p>In unserem Treffen m\u00f6chten wir uns mit Vertreterinnen der DFG-VK K\u00f6ln \u00fcber ihre und unsere Erfahrungen mit zivilem Widerstand austauschen &#8211; als Beispiel dient daf\u00fcr die Nukleare Teilhabe Deutschlands. Es geht dabei z.B. um das rechtswidrige Verhalten deutscher Regierungen, gewaltfreie Aktionen dagegen, gerichtliche Verurteilungen von Teilnehmenden und den Umgang mit Frustration und erlebter Gewalt. Zudem wollen wir dar\u00fcber reden, welche Strategien erfolgreich sind und zur Mobilisierung beitragen und was uns dazu motiviert, uns aktivistisch einzusetzen. Ihr braucht daf\u00fcr kein Hintergrundwissen, Interesse am Austausch gen\u00fcgt!<\/p>\n<p>Ablauf: Nach kurzen Input-Vortr\u00e4gen von <strong>Ariane Dettloff<\/strong> (DFG-VK K\u00f6ln) und <strong>Marian Losse<\/strong> (ICAN) m\u00f6chten wir \u00fcber das Thema diskutieren und damit den Austausch und das Lernen zwischen den verschiedenen Generationen der Friedensbewegung f\u00f6rdern.<\/p>\n<p>Anmeldung unter anmeldung@peace4future.de<\/p>\n","protected":false},"excerpt":{"rendered":"<p>Gemeinsam mit Peace4Future laden wir herzlich ein: Generationenaustausch in der Friedensbewegung: Erfahrungen mit gewaltfreiem Widerstand gegen Atomwaffen in Deutschland Dienstag, den 25.06.2024 16:30-18 Uhr Online mit Ariane Dettloff, DFG-VK Gruppe K\u00f6ln, und Marian Losse&#46;&#46;&#46;<\/p>\n","protected":false},"author":110,"featured_media":18521,"comment_status":"open","ping_status":"open","sticky":false,"template":"","format":"standard","meta":{"footnotes":""},"categories":[104],"tags":[33,170,99,80,91,115],"class_list":["post-18517","post","type-post","status-publish","format-standard","has-post-thumbnail","hentry","category-ankuendigung","tag-atomwaffen","tag-gewaltfreiheit","tag-menschenrechte","tag-rechtsprechung","tag-voelkerrecht","tag-ziviler-ungehorsam"],"_links":{"self":[{"href":"https:\/\/www.friedenkoeln.de\/index.php?rest_route=\/wp\/v2\/posts\/18517","targetHints":{"allow":["GET"]}}],"collection":[{"href":"https:\/\/www.friedenkoeln.de\/index.php?rest_route=\/wp\/v2\/posts"}],"about":[{"href":"https:\/\/www.friedenkoeln.de\/index.php?rest_route=\/wp\/v2\/types\/post"}],"author":[{"embeddable":true,"href":"https:\/\/www.friedenkoeln.de\/index.php?rest_route=\/wp\/v2\/users\/110"}],"replies":[{"embeddable":true,"href":"https:\/\/www.friedenkoeln.de\/index.php?rest_route=%2Fwp%2Fv2%2Fcomments&post=18517"}],"version-history":[{"count":4,"href":"https:\/\/www.friedenkoeln.de\/index.php?rest_route=\/wp\/v2\/posts\/18517\/revisions"}],"predecessor-version":[{"id":18522,"href":"https:\/\/www.friedenkoeln.de\/index.php?rest_route=\/wp\/v2\/posts\/18517\/revisions\/18522"}],"wp:featuredmedia":[{"embeddable":true,"href":"https:\/\/www.friedenkoeln.de\/index.php?rest_route=\/wp\/v2\/media\/18521"}],"wp:attachment":[{"href":"https:\/\/www.friedenkoeln.de\/index.php?rest_route=%2Fwp%2Fv2%2Fmedia&parent=18517"}],"wp:term":[{"taxonomy":"category","embeddable":true,"href":"https:\/\/www.friedenkoeln.de\/index.php?rest_route=%2Fwp%2Fv2%2Fcategories&post=18517"},{"taxonomy":"post_tag","embeddable":true,"href":"https:\/\/www.friedenkoeln.de\/index.php?rest_route=%2Fwp%2Fv2%2Ftags&post=18517"}],"curies":[{"name":"wp","href":"https:\/\/api.w.org\/{rel}","templated":true}]}}