{"id":18542,"date":"2024-06-21T22:56:30","date_gmt":"2024-06-21T20:56:30","guid":{"rendered":"https:\/\/www.friedenkoeln.de\/?p=18542"},"modified":"2024-06-21T22:56:30","modified_gmt":"2024-06-21T20:56:30","slug":"koelner-friedensgruppen-schreiben-brief-an-oberbuergermeisterin-henriette-reker","status":"publish","type":"post","link":"https:\/\/www.friedenkoeln.de\/?p=18542","title":{"rendered":"K\u00f6lner Friedensgruppen schreiben Brief an Oberb\u00fcrgermeisterin Henriette Reker"},"content":{"rendered":"<h4>Offener Brief<\/h4>\n<p>Sehr geehrte Frau Oberb\u00fcrgermeisterin Reker,<br \/>\nsehr geehrte Damen und Herren Vorsitzende der Ratsfraktionen,<\/p>\n<p>wir, B\u00fcrgerinnen, B\u00fcrger und Initiativen, die sich f\u00fcr Frieden, Demokratie, Dialog und Meinungsfreiheit einsetzen, wenden uns an Sie mit einem wichtigen Anliegen.<\/p>\n<p>Nach dem 7. Oktober 2023 hatten Sie, Frau Reker, sich an den B\u00fcrgermeister von Tel Aviv, der israelischen Partnerstadt K\u00f6lns, gewandt und \u201eihre Solidarit\u00e4t mit Israel zum Ausdruck gebracht. In dem Schreiben [betonten Sie], dass die Gewalt durch nichts zu rechtfertigen sei und<br \/>\nschnellstm\u00f6glich beendet werden m\u00fcsse. Die Beflaggung des Rathauses wurde als Zeichen der Solidarit\u00e4t um die israelische Nationalflagge erg\u00e4nzt.&#8220; (Offizielle Internetseite der Stadt K\u00f6ln, https:\/\/www.stadt-koeln.de\/artikel\/72972\/index.html).<\/p>\n<p>Die Ereignisse haben zu einem solchen Ma\u00df an Gewalt gef\u00fchrt, das nach internationalem Recht nicht als Selbstverteidigung bezeichnet werden kann:<br \/>\nDas Leid der pal\u00e4stinensischen Zivilistinnen und Zivilisten in Gaza, die von den israelischen Streitkr\u00e4ften bombardiert und ausgehungert werden, hat ein solches Ausma\u00df angenommen, dass internationale Organisationen gravierende Ma\u00dfnahmen ergriffen:<\/p>\n<ul>\n<li>Der Internationale Gerichtshof (IGH) hat mi Januar entschieden, dass Israel &#8222;sofortige und wirksame Ma\u00dfnahmen&#8220; ergreifen und \u201ealles in seiner Macht Stehende unternehmen&#8220; m\u00fcsse, um Handlungen zu verhindern, die von der V\u00f6lkermordkonvention ge\u00e4chtet werden. Amnesty International beklagte inzwischen, dass \u201eIsrael [trotzdem] bisher keine Schritte unternommen [habe], um ausreichende humanit\u00e4re Hilfe zu gew\u00e4hrleisten.&#8220;<\/li>\n<li>Der Chefankl\u00e4ger des Internationalen Strafgerichtshofs (IStGH), Karim Khan, hat gegen Israels Premierminister Netanjahu, seinen Verteidigungsminister Gallant und die drei Hamas-F\u00fchrer<br \/>\nIsmail Hanaiyya, Mohammed Deif und Yahya Sinwar Haftbefehle wegen mutma\u00dflicher Kriegsverbrechen und Verbrechen gegen die Menschlichkeit im Zusammenhang mit dem Krieg im Gazastreifen beantragt.<\/li>\n<li>Am 24.05.24 hat der IGH entschieden, dass die Milit\u00e4roperation in Rafah sofort einzustellen ist.<\/li>\n<li>Auch der UN-Sicherheitsrat hat f\u00fcr eine Resolution zur Waffenruhe in Gaza gestimmt.<\/li>\n<li>Drei westeurop\u00e4ische L\u00e4nder &#8211; Norwegen, Irland und Spanien &#8211; haben Pal\u00e4stina politisch als Staat anerkannt, um, wie es der spanische Ministerpr\u00e4sident ausdr\u00fcckte, &#8222;den Israelis und den Pal\u00e4stinensern zum Frieden zu verhelfen&#8220;.<\/li>\n<\/ul>\n<p>Und trotz aller Warnungen f\u00fchrt die Israelische Regierung ihren Feldzug weiter und hat mit dem milit\u00e4rischen Angriff auf Rafah begonnen, der erneut zu Hunderten von Toten gef\u00fchrt hat. Nicht unerw\u00e4hnt darf bleiben, dass die israelische Regierung zur gleichen Zeit die Siedlungs- und Zerst\u00fcckelungspolitik im Westjordanland vorantreibt und den bewaffneten Siedlern R\u00fcckendeckung gibt.<\/p>\n<div id=\"attachment_18279\" style=\"width: 2570px\" class=\"wp-caption aligncenter\"><img loading=\"lazy\" decoding=\"async\" aria-describedby=\"caption-attachment-18279\" class=\"wp-image-18279 size-full\" src=\"https:\/\/www.friedenkoeln.de\/wp-content\/uploads\/2024\/04\/DSC_0070-scaled.jpg\" alt=\"Ein selbst gemaltes Demoplakat mit einem Bild von Banksy (junger vermummter Mann wirft einen Blumenstrau\u00df, als sei es ein Stein)\" width=\"2560\" height=\"1707\" srcset=\"https:\/\/www.friedenkoeln.de\/wp-content\/uploads\/2024\/04\/DSC_0070-scaled.jpg 2560w, https:\/\/www.friedenkoeln.de\/wp-content\/uploads\/2024\/04\/DSC_0070-200x133.jpg 200w, https:\/\/www.friedenkoeln.de\/wp-content\/uploads\/2024\/04\/DSC_0070-768x512.jpg 768w, https:\/\/www.friedenkoeln.de\/wp-content\/uploads\/2024\/04\/DSC_0070-1536x1024.jpg 1536w, https:\/\/www.friedenkoeln.de\/wp-content\/uploads\/2024\/04\/DSC_0070-2048x1365.jpg 2048w\" sizes=\"auto, (max-width: 2560px) 100vw, 2560px\" \/><p id=\"caption-attachment-18279\" class=\"wp-caption-text\">&#8222;Waffenstillstand!&#8220; Ostermarsch, Roncalliplatz, K\u00f6ln, 30.3.2024. Foto: Stefanie Intveen<\/p><\/div>\n<p>In dieser Situation w\u00fcrde es der Stadt K\u00f6ln gut anstehen, jetzt auch einen Brief der Solidarit\u00e4t mit den Menschen in Gaza und dem Westjordanland an die K\u00f6lner Partnerstadt Bethlehem zu schreiben und dies ebenfalls auf die offizielle Website der Stadt K\u00f6ln zu\u00a0setzen. Das w\u00e4re auch ein Zeichen f\u00fcr die hier in K\u00f6ln lebenden pal\u00e4stinensischen Mitb\u00fcrgerinnen und Mitb\u00fcrger, dass auch ihr Leid wahrgenommen wird.<\/p>\n<p>An den B\u00fcrgermeister von Tel Aviv k\u00f6nnte ein Schreiben gerichtet werden, in dem deutlich gemacht wird, dass K\u00f6ln f\u00fcr die Respektierung der Entscheidungen des Internationalen Gerichtshofs eintritt und ein entsprechendes Eintreten daf\u00fcr auch von der israelischen Partnerstadt erwartet.<\/p>\n<p>Da die L\u00f6sung des Konflikts im Nahen Osten nicht ohne die Gew\u00e4hrleistung gleicher Rechte f\u00fcr die Pal\u00e4stinenser m\u00f6glich sein wird, sollte die Stadt K\u00f6ln vor dem Rathaus auch die pal\u00e4stinensische Flagge hissen oder die israelische Nationalflagge aktuell wieder entfernen (wie es die Stadt Bonn gemacht hat).<\/p>\n<p>Alternativ k\u00f6nnte vor dem Rathaus die Israelische Flagge durch die Flaggen der Partnerst\u00e4dte von Tel Aviv und Bethlehem ersetzt werden &#8211; das w\u00e4re ein starkes Zeichen, dass K\u00f6ln f\u00fcr Gerechtigkeit, Frieden und Vers\u00f6hnung eintritt!<\/p>\n<p>Wir bitten Sie, zivilgesellschaftliche Initiativen, die in Kooperation von deutschen, pal\u00e4stinensischen und j\u00fcdischen Menschen gemeinsam an einer friedlichen Konfliktl\u00f6sung arbeiten, zu unterst\u00fctzen. Wir bitten Sie um eine baldige Antwort und einen Termin f\u00fcr ein Gespr\u00e4ch zu dieser Thematik.<\/p>\n<p>Mit freundlichen Gr\u00fc\u00dfen<\/p>\n<p>gez. Dr med. Uwe Trieschmann<br \/>\n(f\u00fcr die Initiatoren dieses Offenen Briefes)<\/p>\n<p>Initiatoren des Offenen Briefes:<\/p>\n<ul>\n<li>IPPNW-(International Physicians for Prevention of Nuclear War) &#8211; Regionalgruppe K\u00f6ln Initiative von \u00c4rzten und Professoren der Uniklinik K\u00f6ln<\/li>\n<li>Pal\u00e4stinensische Gemeinde K\u00f6ln e.V.<\/li>\n<li>K\u00f6lner Friedensforum<\/li>\n<li>St\u00e4dtepartnerschaftsverein K\u00f6ln-Bethlehem e.V.<\/li>\n<\/ul>\n<p>Initiativen und Organisationen, die sich dem Offenen Brief angeschlossen haben:<\/p>\n<ul>\n<li>Deutsche Friedensgesellschaft &#8211; Vereinigte KriegsdienstgegnerInnen e. V. (DFG-VK) Gruppe K\u00f6ln<\/li>\n<li>VVN-BdA K\u00f6ln e.V.<\/li>\n<li>Camp for Palestine an der Universit\u00e4t K\u00f6ln<\/li>\n<li>S\u00fclz\/Klettenberg gegen Rechts<\/li>\n<li>Nachdenkseiten -Gespr\u00e4chskreis K\u00f6ln<\/li>\n<li>MERA25<\/li>\n<li>Antiatomplenum K\u00f6ln<\/li>\n<\/ul>\n<p>Kontakt: Dr. med. Uwe Trieschmann<br \/>\nEmail: IPPNW-Koeln@freenet.de<\/p>\n","protected":false},"excerpt":{"rendered":"<p>Offener Brief Sehr geehrte Frau Oberb\u00fcrgermeisterin Reker, sehr geehrte Damen und Herren Vorsitzende der Ratsfraktionen, wir, B\u00fcrgerinnen, B\u00fcrger und Initiativen, die sich f\u00fcr Frieden, Demokratie, Dialog und Meinungsfreiheit einsetzen, wenden uns an Sie mit&#46;&#46;&#46;<\/p>\n","protected":false},"author":110,"featured_media":18279,"comment_status":"open","ping_status":"open","sticky":false,"template":"","format":"standard","meta":{"footnotes":""},"categories":[141],"tags":[66,61,99,91],"class_list":["post-18542","post","type-post","status-publish","format-standard","has-post-thumbnail","hentry","category-brief","tag-israel-palaestina","tag-kommunale-friedensarbeit","tag-menschenrechte","tag-voelkerrecht"],"_links":{"self":[{"href":"https:\/\/www.friedenkoeln.de\/index.php?rest_route=\/wp\/v2\/posts\/18542","targetHints":{"allow":["GET"]}}],"collection":[{"href":"https:\/\/www.friedenkoeln.de\/index.php?rest_route=\/wp\/v2\/posts"}],"about":[{"href":"https:\/\/www.friedenkoeln.de\/index.php?rest_route=\/wp\/v2\/types\/post"}],"author":[{"embeddable":true,"href":"https:\/\/www.friedenkoeln.de\/index.php?rest_route=\/wp\/v2\/users\/110"}],"replies":[{"embeddable":true,"href":"https:\/\/www.friedenkoeln.de\/index.php?rest_route=%2Fwp%2Fv2%2Fcomments&post=18542"}],"version-history":[{"count":3,"href":"https:\/\/www.friedenkoeln.de\/index.php?rest_route=\/wp\/v2\/posts\/18542\/revisions"}],"predecessor-version":[{"id":18545,"href":"https:\/\/www.friedenkoeln.de\/index.php?rest_route=\/wp\/v2\/posts\/18542\/revisions\/18545"}],"wp:featuredmedia":[{"embeddable":true,"href":"https:\/\/www.friedenkoeln.de\/index.php?rest_route=\/wp\/v2\/media\/18279"}],"wp:attachment":[{"href":"https:\/\/www.friedenkoeln.de\/index.php?rest_route=%2Fwp%2Fv2%2Fmedia&parent=18542"}],"wp:term":[{"taxonomy":"category","embeddable":true,"href":"https:\/\/www.friedenkoeln.de\/index.php?rest_route=%2Fwp%2Fv2%2Fcategories&post=18542"},{"taxonomy":"post_tag","embeddable":true,"href":"https:\/\/www.friedenkoeln.de\/index.php?rest_route=%2Fwp%2Fv2%2Ftags&post=18542"}],"curies":[{"name":"wp","href":"https:\/\/api.w.org\/{rel}","templated":true}]}}