{"id":18549,"date":"2024-06-30T18:28:06","date_gmt":"2024-06-30T16:28:06","guid":{"rendered":"https:\/\/www.friedenkoeln.de\/?p=18549"},"modified":"2024-07-03T08:20:04","modified_gmt":"2024-07-03T06:20:04","slug":"mitmachen-in-koeln-am-7-7-2024-menschenkette-fuer-frieden-in-gaza","status":"publish","type":"post","link":"https:\/\/www.friedenkoeln.de\/?p=18549","title":{"rendered":"Mitmachen in K\u00f6ln am 7.7.2024: Menschenkette f\u00fcr Frieden in Gaza"},"content":{"rendered":"<h4>Menschenw\u00fcrde f\u00fcr alle Menschen!<\/h4>\n<p>Das T\u00f6ten und das Leid der Menschen in Pal\u00e4stina muss ein Ende haben:<br \/>\nMenschenw\u00fcrde f\u00fcr alle Menschen!<\/p>\n<ul>\n<li>F\u00fcr sofortigen und dauerhaften Waffenstillstand<\/li>\n<li>Stopp der Waffenlieferungen und deren Finanzierung!<\/li>\n<li>Umfassende humanit\u00e4re Hilfe f\u00fcr die notleidende Bev\u00f6lkerung!<\/li>\n<\/ul>\n<h4>Menschenkette<\/h4>\n<p>von der Deutzer Werft \u00fcber die Deutzer Br\u00fccke, das Altstadt-Rheinufer und Hohenzollernbr\u00fccke zur\u00fcck zur Deutzer Werft<\/p>\n<p><strong>Sonntag, 7.7.2024, 13:00 Uhr, Treffpunkt Deutzer Werft<\/strong><\/p>\n<p>Zu der Menschenkette rufen auf:<\/p>\n<ul>\n<li>Pal\u00e4stinensische Gemeinde K\u00f6ln,<\/li>\n<li>Institut f\u00fcr Pal\u00e4stinakunde e.V., Bonn,<\/li>\n<li>IPPNW-Regionalgruppe K\u00f6ln,<\/li>\n<li>DFG-VK Gruppe K\u00f6ln,<\/li>\n<li>MERA25,<\/li>\n<li>Nachdenkseiten Gespr\u00e4chskreis K\u00f6ln,<\/li>\n<li>Was tun, Caf\u00e9 Palestine Colonia,<\/li>\n<li>Camp for Palestine,<\/li>\n<li>St\u00e4dtepartnerschaftsverein K\u00f6ln-Bethlehem,<\/li>\n<li>u.a.<\/li>\n<\/ul>\n<p>Liebe Friedensfreundinnen und Kriegsgegner,<\/p>\n<p>am Sonntag, den 7. Juli beginnt um 13.00 Uhr die Auftaktkundgebung an der Deutzer Werft. Der Verlauf der Menschenkette ist folgenderma\u00dfen geplant: Eine Gruppe geht entlang dem Deutzer Ufer zur Hohenzollernbr\u00fccke, die andere Gruppe geht \u00fcber die Deutzer Br\u00fccke und dann entlang dem Altstadtufer ebenfalls Richtung Hohenzollernbr\u00fccke.<\/p>\n<p><a href=\"https:\/\/www.friedenkoeln.de\/wp-content\/uploads\/2024\/06\/Aufruf-Menschenkette-Koeln_Koordinationsbeschluss_20240626.pdf\">Aufruf (Kurzversion) zum Download<\/a><\/p>\n<p><a href=\"https:\/\/www.friedenkoeln.de\/wp-content\/uploads\/2024\/06\/Aufruf-Menschenkette-Koeln-IPPNW-Staedtepartnerschaftsvereine.pdf\">Aufruf (Langversion) zum Download<\/a><\/p>\n<p>Bitte nehmt euch die Zeit und macht am Sonntag, den 7. Juli bei der Menschenkette mit. Insbesondere die K\u00f6lner Mitb\u00fcrgerinnen und Mitb\u00fcrger mit Wurzeln in Nahost werden es euch danken, wenn ihr sie mit ihren Sorgen, ihrer Verzweiflung und ihrer Wut nicht alleine lasst. Um den Br\u00fcckenschlag \u00fcber die Hohenzollernbr\u00fccke und die Deutzer Br\u00fccke zu schaffen, ben\u00f6tigen wir circa 2000 engagierte Menschen. Der Br\u00fcckenschlag soll auch die Notwendigkeit einer friedlichen L\u00f6sung des Konfliktes um das Land in Israel \/ Pal\u00e4stina symbolisieren. In einem Krieg sterben immer Menschen auf beiden Seiten. An diesem Tag sollten wir auch an die friedensbewegten Menschen mit israelischem Pass denken, welche nicht nur hier in K\u00f6ln von allen Seiten f\u00fcr ihre konsequente Haltung kritisiert werden.<\/p>\n<div id=\"attachment_18552\" style=\"width: 1090px\" class=\"wp-caption aligncenter\"><img loading=\"lazy\" decoding=\"async\" aria-describedby=\"caption-attachment-18552\" class=\"wp-image-18552 size-full\" src=\"https:\/\/www.friedenkoeln.de\/wp-content\/uploads\/2024\/06\/Sharepic-Menschenkette-7.7.24.jpeg\" alt=\"Aufruf mit runder Grafik in den gr\u00fcn-wei\u00df-schwarz-roten Farben der pal\u00e4stinensischen Nationalfahne und einer Friedenstaube vor dem Hintergrund eines Luftbilds der K\u00f6lner Altstadt mit Dom und Hohenzollernbr\u00fccke.\" width=\"1080\" height=\"1350\" srcset=\"https:\/\/www.friedenkoeln.de\/wp-content\/uploads\/2024\/06\/Sharepic-Menschenkette-7.7.24.jpeg 1080w, https:\/\/www.friedenkoeln.de\/wp-content\/uploads\/2024\/06\/Sharepic-Menschenkette-7.7.24-160x200.jpeg 160w, https:\/\/www.friedenkoeln.de\/wp-content\/uploads\/2024\/06\/Sharepic-Menschenkette-7.7.24-768x960.jpeg 768w\" sizes=\"auto, (max-width: 1080px) 100vw, 1080px\" \/><p id=\"caption-attachment-18552\" class=\"wp-caption-text\">Das T\u00f6ten und das Leid der Menschen in Pal\u00e4stina muss ein Ende haben! Menschenkette in K\u00f6ln, 7.7.2024. F\u00fcr sofortigen und dauerhaften Waffenstillstand.<\/p><\/div>\n<p><em>Es folgt der Text des Aufrufs (Langversion) des K\u00f6lner Friedensforum, der DFG-VK Gruppe K\u00f6ln und zahlreicher weiterer Organisationen:<\/em><\/p>\n<hr \/>\n<blockquote><p>Ihr, die ihr auf den Treppen steht, tretet ein, trinkt<br \/>\nmit uns arabischen Kaffee<br \/>\nVielleicht sp\u00fcrt ihr dann, dass ihr Menschen seid wie<br \/>\nwir<br \/>\nIhr, die ihr auf den H\u00e4userschwellen steht, tretet aus<br \/>\nunseren Morgen heraus,<br \/>\nWir brauchen die Vergewisserung, dass wir Menschen<br \/>\nsind, wie ihr es seid!<\/p><\/blockquote>\n<p>(Mahmoud Darwish, einer der bekanntesten pal\u00e4stinensischen Schriftsteller)<\/p>\n<h4>F\u00fcr einen gerechten Frieden<\/h4>\n<p>Trotz der Entscheidungen des Internationalen Gerichtshofs und des UN-Sicherheitsrats geht der Krieg in Gaza und auch die Besiedelung des Westjordanlandes durch Israelische Siedler weiter (siehe Kasten).<\/p>\n<p>Die deutsche Regierung darf nicht l\u00e4nger die rechtsextreme Regierung Netanjahu unterst\u00fctzen! Das ist eine der Voraussetzungen, dass es zu einem Frieden in Nahost kommen kann. Deshalb rufen wir alle auf, an der Menschenkette teilzunehmen!<\/p>\n<ul>\n<li><strong>F\u00fcr die sofortige Freilassung der israelischen Geiseln und der pal\u00e4stinensischen politischen Gefangenen, unter denen sich auch unz\u00e4hlige Kinder befinden<\/strong><\/li>\n<li><strong>Anerkennung der Beschl\u00fcsse des internationalen Gerichtshofs<\/strong><\/li>\n<li><strong>Anerkennung Pal\u00e4stinas<\/strong><\/li>\n<li><strong>Unterst\u00fctzung beim Wiederaufbau der Gesundheits- und Bildungseinrichtungen und der gesamten Infrastruktur in Gaza<\/strong><\/li>\n<\/ul>\n<p>\u00c4rztliche Friedensorganisation IPPNW (International Physicians for the Prevention of Nuclear War)<br \/>\nRegionalgruppe K\u00f6ln, Kontakt: Dr. med. Uwe Trieschmann, IPPNW-koeln@freenet.de<\/p>\n<p>Partnerschaftsverein Bonn-Ramallah e.V., www.bonn-ramallah.de<\/p>\n<p>St\u00e4dtepartnerschaftsverein K\u00f6ln-Bethlehem e.V., www.koeln-bethlehem.de<\/p>\n","protected":false},"excerpt":{"rendered":"<p>Menschenw\u00fcrde f\u00fcr alle Menschen! Das T\u00f6ten und das Leid der Menschen in Pal\u00e4stina muss ein Ende haben: Menschenw\u00fcrde f\u00fcr alle Menschen! F\u00fcr sofortigen und dauerhaften Waffenstillstand Stopp der Waffenlieferungen und deren Finanzierung! Umfassende humanit\u00e4re&#46;&#46;&#46;<\/p>\n","protected":false},"author":110,"featured_media":18552,"comment_status":"open","ping_status":"open","sticky":false,"template":"","format":"standard","meta":{"footnotes":""},"categories":[116],"tags":[66],"class_list":["post-18549","post","type-post","status-publish","format-standard","has-post-thumbnail","hentry","category-aufruf","tag-israel-palaestina"],"_links":{"self":[{"href":"https:\/\/www.friedenkoeln.de\/index.php?rest_route=\/wp\/v2\/posts\/18549","targetHints":{"allow":["GET"]}}],"collection":[{"href":"https:\/\/www.friedenkoeln.de\/index.php?rest_route=\/wp\/v2\/posts"}],"about":[{"href":"https:\/\/www.friedenkoeln.de\/index.php?rest_route=\/wp\/v2\/types\/post"}],"author":[{"embeddable":true,"href":"https:\/\/www.friedenkoeln.de\/index.php?rest_route=\/wp\/v2\/users\/110"}],"replies":[{"embeddable":true,"href":"https:\/\/www.friedenkoeln.de\/index.php?rest_route=%2Fwp%2Fv2%2Fcomments&post=18549"}],"version-history":[{"count":6,"href":"https:\/\/www.friedenkoeln.de\/index.php?rest_route=\/wp\/v2\/posts\/18549\/revisions"}],"predecessor-version":[{"id":18580,"href":"https:\/\/www.friedenkoeln.de\/index.php?rest_route=\/wp\/v2\/posts\/18549\/revisions\/18580"}],"wp:featuredmedia":[{"embeddable":true,"href":"https:\/\/www.friedenkoeln.de\/index.php?rest_route=\/wp\/v2\/media\/18552"}],"wp:attachment":[{"href":"https:\/\/www.friedenkoeln.de\/index.php?rest_route=%2Fwp%2Fv2%2Fmedia&parent=18549"}],"wp:term":[{"taxonomy":"category","embeddable":true,"href":"https:\/\/www.friedenkoeln.de\/index.php?rest_route=%2Fwp%2Fv2%2Fcategories&post=18549"},{"taxonomy":"post_tag","embeddable":true,"href":"https:\/\/www.friedenkoeln.de\/index.php?rest_route=%2Fwp%2Fv2%2Ftags&post=18549"}],"curies":[{"name":"wp","href":"https:\/\/api.w.org\/{rel}","templated":true}]}}