{"id":18554,"date":"2024-06-30T18:39:36","date_gmt":"2024-06-30T16:39:36","guid":{"rendered":"https:\/\/www.friedenkoeln.de\/?p=18554"},"modified":"2024-06-30T18:40:45","modified_gmt":"2024-06-30T16:40:45","slug":"gemeinsam-feindschaft-ueberwinden-israelisch-palaestinensische-friedensbewegung-combatants-for-peace-am-4-7-2024-in-koeln","status":"publish","type":"post","link":"https:\/\/www.friedenkoeln.de\/?p=18554","title":{"rendered":"Gemeinsam Feindschaft \u00fcberwinden: israelisch-pal\u00e4stinensische Friedensbewegung Combatants for Peace am 4.7.2024 in K\u00f6ln"},"content":{"rendered":"<p><em>Wir freuen uns, auf die folgende Veranstaltung aufmerksam machen zu k\u00f6nnen:<\/em><\/p>\n<hr \/>\n<p>Wer die andere Seite nicht sehen und respektieren will, verliert seine eigene Humanit\u00e4t. Davon sind der Pal\u00e4stinenser Osama Elewat und der Israeli Rotem Levin \u00fcberzeugt. Sie geh\u00f6ren beide zur Initiative Combatants for Peace, die auf gewaltlosen Widerstand setzt, die Besatzung beendet sehen m\u00f6chte und an einen gerechten Frieden in Israel glaubt. Ex-Soldaten der israelischen Armee haben sich dort mit pal\u00e4stinensischen Widerstandsk\u00e4mpfern vereint, weil sie irgendwann gemerkt haben, dass Hass und Gewalt ihnen eine grundlegende F\u00e4higkeit raubt: Mitmenschlichkeit. Auf beeindruckende Weise erz\u00e4hlen Rotem und Osama, wie ihr pers\u00f6nlicher Weg aussah und woraus sie auch in Kriegszeiten Hoffnung sch\u00f6pfen. Der weltweit einzigen Organisation, in der bewaffnete K\u00e4mpferinnen und K\u00e4mpfer in einem anhaltenden Konflikt die Waffen niedergelegt haben, um sich f\u00fcr Frieden einzusetzen, schl\u00e4gt in der Heimat jede Menge Unverst\u00e4ndnis entgegen. Sie werden in den eigenen Familien oder von Freunden als Verr\u00e4ter beschimpft.<\/p>\n<p style=\"text-align: center;\"><strong>Domforum K\u00f6ln, am <\/strong><strong>Donnerstag, 04.07.2024, 19:30 Uhr<\/strong><\/p>\n<p style=\"text-align: center;\">mit<\/p>\n<p style=\"text-align: center;\"><strong>Rotem Levin <\/strong>und<strong> Osama Elewat<\/strong><\/p>\n<p style=\"text-align: center;\">Moderation: <strong>Brigitte J\u00fcnger<\/strong>, Journalistin<\/p>\n<p style=\"text-align: center;\">Veranstalter: Kath. Bildungswerk K\u00f6ln, Pax Christi, Forum Ziviler Friedensdienst e.V.<\/p>\n<div id=\"attachment_17788\" style=\"width: 510px\" class=\"wp-caption aligncenter\"><img loading=\"lazy\" decoding=\"async\" aria-describedby=\"caption-attachment-17788\" class=\"size-medium wp-image-17788\" src=\"https:\/\/www.friedenkoeln.de\/wp-content\/uploads\/2023\/11\/image0-500x500.jpeg\" alt=\"Ein voll besetzter heller Kirchenraum, an dessen Ende mehrere Vortragende sitzen.\" width=\"500\" height=\"500\" srcset=\"https:\/\/www.friedenkoeln.de\/wp-content\/uploads\/2023\/11\/image0-500x500.jpeg 500w, https:\/\/www.friedenkoeln.de\/wp-content\/uploads\/2023\/11\/image0-80x80.jpeg 80w, https:\/\/www.friedenkoeln.de\/wp-content\/uploads\/2023\/11\/image0-320x320.jpeg 320w\" sizes=\"auto, (max-width: 500px) 100vw, 500px\" \/><p id=\"caption-attachment-17788\" class=\"wp-caption-text\">Podiumsveranstaltung der &#8222;Combatants for Peace&#8220; am 8.11.2023 in der voll besetzten Kartause, K\u00f6ln. Foto: Martin Bauer.<\/p><\/div>\n","protected":false},"excerpt":{"rendered":"<p>Wir freuen uns, auf die folgende Veranstaltung aufmerksam machen zu k\u00f6nnen: Wer die andere Seite nicht sehen und respektieren will, verliert seine eigene Humanit\u00e4t. Davon sind der Pal\u00e4stinenser Osama Elewat und der Israeli Rotem&#46;&#46;&#46;<\/p>\n","protected":false},"author":110,"featured_media":17788,"comment_status":"open","ping_status":"open","sticky":false,"template":"","format":"standard","meta":{"footnotes":""},"categories":[104],"tags":[66],"class_list":["post-18554","post","type-post","status-publish","format-standard","has-post-thumbnail","hentry","category-ankuendigung","tag-israel-palaestina"],"_links":{"self":[{"href":"https:\/\/www.friedenkoeln.de\/index.php?rest_route=\/wp\/v2\/posts\/18554","targetHints":{"allow":["GET"]}}],"collection":[{"href":"https:\/\/www.friedenkoeln.de\/index.php?rest_route=\/wp\/v2\/posts"}],"about":[{"href":"https:\/\/www.friedenkoeln.de\/index.php?rest_route=\/wp\/v2\/types\/post"}],"author":[{"embeddable":true,"href":"https:\/\/www.friedenkoeln.de\/index.php?rest_route=\/wp\/v2\/users\/110"}],"replies":[{"embeddable":true,"href":"https:\/\/www.friedenkoeln.de\/index.php?rest_route=%2Fwp%2Fv2%2Fcomments&post=18554"}],"version-history":[{"count":5,"href":"https:\/\/www.friedenkoeln.de\/index.php?rest_route=\/wp\/v2\/posts\/18554\/revisions"}],"predecessor-version":[{"id":18559,"href":"https:\/\/www.friedenkoeln.de\/index.php?rest_route=\/wp\/v2\/posts\/18554\/revisions\/18559"}],"wp:featuredmedia":[{"embeddable":true,"href":"https:\/\/www.friedenkoeln.de\/index.php?rest_route=\/wp\/v2\/media\/17788"}],"wp:attachment":[{"href":"https:\/\/www.friedenkoeln.de\/index.php?rest_route=%2Fwp%2Fv2%2Fmedia&parent=18554"}],"wp:term":[{"taxonomy":"category","embeddable":true,"href":"https:\/\/www.friedenkoeln.de\/index.php?rest_route=%2Fwp%2Fv2%2Fcategories&post=18554"},{"taxonomy":"post_tag","embeddable":true,"href":"https:\/\/www.friedenkoeln.de\/index.php?rest_route=%2Fwp%2Fv2%2Ftags&post=18554"}],"curies":[{"name":"wp","href":"https:\/\/api.w.org\/{rel}","templated":true}]}}