{"id":18582,"date":"2024-07-10T13:25:50","date_gmt":"2024-07-10T11:25:50","guid":{"rendered":"https:\/\/www.friedenkoeln.de\/?p=18582"},"modified":"2024-07-10T13:25:50","modified_gmt":"2024-07-10T11:25:50","slug":"menschenwuerde-fuer-alle-menschen-menschenkette-fuer-ein-ende-des-toetens-in-palaestina-am-07-07-2024","status":"publish","type":"post","link":"https:\/\/www.friedenkoeln.de\/?p=18582","title":{"rendered":"&#8222;Menschenw\u00fcrde f\u00fcr alle Menschen&#8220; &#8211; Menschenkette f\u00fcr ein Ende des T\u00f6tens in Pal\u00e4stina am 07.07.2024"},"content":{"rendered":"<div id=\"attachment_18588\" style=\"width: 487px\" class=\"wp-caption alignright\"><img loading=\"lazy\" decoding=\"async\" aria-describedby=\"caption-attachment-18588\" class=\" wp-image-18588\" src=\"https:\/\/www.friedenkoeln.de\/wp-content\/uploads\/2024\/07\/In-GAZA-leben-Menschen.jpg\" alt=\"Banner bei der Menschenkette: Shalom - Salaam; In Gaza leben Menschen wie du und ich\" width=\"477\" height=\"318\" srcset=\"https:\/\/www.friedenkoeln.de\/wp-content\/uploads\/2024\/07\/In-GAZA-leben-Menschen.jpg 1152w, https:\/\/www.friedenkoeln.de\/wp-content\/uploads\/2024\/07\/In-GAZA-leben-Menschen-200x133.jpg 200w, https:\/\/www.friedenkoeln.de\/wp-content\/uploads\/2024\/07\/In-GAZA-leben-Menschen-768x512.jpg 768w\" sizes=\"auto, (max-width: 477px) 100vw, 477px\" \/><p id=\"caption-attachment-18588\" class=\"wp-caption-text\">Banner bei der Menschenkette am 07.07.24 in K\u00f6ln: Shalom &#8211; Salaam; In Gaza leben Menschen; Foto: Senta Pineau<\/p><\/div>\n<p>Die Pal\u00e4stinensische Gemeinde K\u00f6ln, das Institut f\u00fcr Pal\u00e4stinakunde e.V., Bonn, die IPPNW-Regionalgruppe K\u00f6ln, die DFG-VK Gruppe K\u00f6ln, MERA25, der Nachdenkseiten Gespr\u00e4chskreis K\u00f6ln, die Initiative &#8222;Was tun, Caf\u00e9 Palestine Colonia&#8220;, das Camp for Palestine, der St\u00e4dtepartnerschaftsverein K\u00f6ln-Bethlehem und andere hatten f\u00fcr Sonntag, den 07.07.2024 zur Bildung einer Menschenkette aufgerufen. Etwa tausend Demonstrant*innen waren bei sommerlichem Wetter dem Aufruf gefolgt und fanden sich um 13:00 Uhr auf dem Gel\u00e4nde der Deutzer Werft ein.<\/p>\n<p>Die Redner*innen der Auftaktkundgebung unterstrichen unter dem Beifall der Anwesenden aus ihren verschiedenen Perspektiven die gemeinsamen Forderungen:<\/p>\n<ul>\n<li>F\u00fcr die sofortige Freilassung der israelischen Geiseln und der pal\u00e4stinensischen politischen Gefangenen, unter denen sich auch unz\u00e4hlige Kinder befinden<\/li>\n<li>Anerkennung der Beschl\u00fcsse des internationalen Gerichtshofs<\/li>\n<li>Anerkennung Pal\u00e4stinas<\/li>\n<li>Unterst\u00fctzung beim Wiederaufbau der Gesundheits- und Bildungseinrichtungen und der gesamten Infrastruktur in Gaza<\/li>\n<\/ul>\n<div id=\"attachment_18587\" style=\"width: 574px\" class=\"wp-caption alignleft\"><img loading=\"lazy\" decoding=\"async\" aria-describedby=\"caption-attachment-18587\" class=\" wp-image-18587\" src=\"https:\/\/www.friedenkoeln.de\/wp-content\/uploads\/2024\/07\/Menschenkette-auf-der-Hohenzollernbruecke.jpg\" alt=\"Menschenkette mit Friedensflagge auf der Hohenzollernbr\u00fccke K\u00f6ln\" width=\"564\" height=\"317\" srcset=\"https:\/\/www.friedenkoeln.de\/wp-content\/uploads\/2024\/07\/Menschenkette-auf-der-Hohenzollernbruecke.jpg 1280w, https:\/\/www.friedenkoeln.de\/wp-content\/uploads\/2024\/07\/Menschenkette-auf-der-Hohenzollernbruecke-200x113.jpg 200w, https:\/\/www.friedenkoeln.de\/wp-content\/uploads\/2024\/07\/Menschenkette-auf-der-Hohenzollernbruecke-768x432.jpg 768w\" sizes=\"auto, (max-width: 564px) 100vw, 564px\" \/><p id=\"caption-attachment-18587\" class=\"wp-caption-text\">Die Menschenkette \u00fcberquert am 07.07.2024 die Hohenzollernbr\u00fccke; Foto: Herbert Sauerwein<\/p><\/div>\n<p>Verzweiflung, Wut und Ohnmacht angesichts des anhaltenden, brutalen Kriegs in Gaza, aber auch Hoffnung und Entschlossenheit pr\u00e4gten den Ton der Redebeitr\u00e4ge. Es waren nicht wenige Pal\u00e4stina-Flaggen zu sehen. Darunter mischten sich Teilnehmer*innen mit eigenen Plakaten und unterschiedlichen Friedensflaggen. Die Stimmung war engagiert, aber zugleich auch einm\u00fctig.<\/p>\n<p>Die DFG-VK Gruppe K\u00f6ln betonte das gemeinsame Ziel &#8211; Frieden f\u00fcr Pal\u00e4stina und Israel &#8211; durch ihre Flaggen mit der hebr\u00e4ischen Aufschrift &#8222;shalom&#8220; (hebr\u00e4isch) und dem arabischen Gegenst\u00fcck &#8222;salaam&#8220;.<\/p>\n<div id=\"attachment_18589\" style=\"width: 566px\" class=\"wp-caption alignright\"><img loading=\"lazy\" decoding=\"async\" aria-describedby=\"caption-attachment-18589\" class=\" wp-image-18589\" src=\"https:\/\/www.friedenkoeln.de\/wp-content\/uploads\/2024\/07\/Shalom-Salaam.jpg\" alt=\"Musik unterstreicht den Wusnch nach Frieden bei der Abschlusskundgebung\" width=\"556\" height=\"399\" srcset=\"https:\/\/www.friedenkoeln.de\/wp-content\/uploads\/2024\/07\/Shalom-Salaam.jpg 1071w, https:\/\/www.friedenkoeln.de\/wp-content\/uploads\/2024\/07\/Shalom-Salaam-200x143.jpg 200w, https:\/\/www.friedenkoeln.de\/wp-content\/uploads\/2024\/07\/Shalom-Salaam-768x551.jpg 768w\" sizes=\"auto, (max-width: 556px) 100vw, 556px\" \/><p id=\"caption-attachment-18589\" class=\"wp-caption-text\">Musik bei der Abschlusskundgebung der Menschenkette vom 07.07.2024 in K\u00f6ln; Foto: Senta Pineau<\/p><\/div>\n<p>Beides bedeutet &#8222;Frieden&#8220; und den Teilnehmer*innen wurde mehr als bewusst, dass eine schwere Aufgabe zu l\u00f6sen ist &#8211; nach Jahrzehnten immer wieder aufflammender kriegerischer Handlungen, zuletzt dem Terrorangriff der Hamas vom 07.\u00a0 Oktober und dem seither tobenden Krieg der israelischen Streitkr\u00e4fte gegen die Hamas, unter dem die gesamte Bev\u00f6lkerung des Gazastreifens schwer leidet.<\/p>\n<p>So richteten sich die Teilnehmer*innen der Menschenkette mit dem eindringlichen Aufruf an die Bundesregierung,<\/p>\n<ul>\n<li>sich f\u00fcr einen sofortigen und dauerhaften Waffenstillstand einzusetzen,<\/li>\n<li>Waffenlieferungen und deren Finanzierung zu stoppen<\/li>\n<li>und sich f\u00fcr umfassende humanit\u00e4re Hilfe f\u00fcr die notleidende Bev\u00f6lkerung einzusetzen.<\/li>\n<\/ul>\n<p>Um etwa 14:00 Uhr setzte sich die Menschenkette am Deutzer Ufer in Richtung Norden in Bewegung, \u00fcberquerte die Hohenzollernbr\u00fccke, um auf der linken Rheinseite zur Deutzer Br\u00fccke und von dort aus zur Deutzer Werft zur\u00fcckzukehren. Vor allem beim \u00dcberqueren der Br\u00fccken wurde eindrucksvoll sichtbar, worum es den Demonstrierenden ging: Die \u00dcberbr\u00fcckung der tiefen Gr\u00e4ben zwischen Israel und Pal\u00e4stina und endlich eine friedliche L\u00f6sung &#8211; Hand in Hand.<\/p>\n","protected":false},"excerpt":{"rendered":"<p>Die Pal\u00e4stinensische Gemeinde K\u00f6ln, das Institut f\u00fcr Pal\u00e4stinakunde e.V., Bonn, die IPPNW-Regionalgruppe K\u00f6ln, die DFG-VK Gruppe K\u00f6ln, MERA25, der Nachdenkseiten Gespr\u00e4chskreis K\u00f6ln, die Initiative &#8222;Was tun, Caf\u00e9 Palestine Colonia&#8220;, das Camp for Palestine, der&#46;&#46;&#46;<\/p>\n","protected":false},"author":109,"featured_media":18586,"comment_status":"open","ping_status":"open","sticky":false,"template":"","format":"standard","meta":{"footnotes":""},"categories":[105],"tags":[66],"class_list":["post-18582","post","type-post","status-publish","format-standard","has-post-thumbnail","hentry","category-bericht","tag-israel-palaestina"],"_links":{"self":[{"href":"https:\/\/www.friedenkoeln.de\/index.php?rest_route=\/wp\/v2\/posts\/18582","targetHints":{"allow":["GET"]}}],"collection":[{"href":"https:\/\/www.friedenkoeln.de\/index.php?rest_route=\/wp\/v2\/posts"}],"about":[{"href":"https:\/\/www.friedenkoeln.de\/index.php?rest_route=\/wp\/v2\/types\/post"}],"author":[{"embeddable":true,"href":"https:\/\/www.friedenkoeln.de\/index.php?rest_route=\/wp\/v2\/users\/109"}],"replies":[{"embeddable":true,"href":"https:\/\/www.friedenkoeln.de\/index.php?rest_route=%2Fwp%2Fv2%2Fcomments&post=18582"}],"version-history":[{"count":6,"href":"https:\/\/www.friedenkoeln.de\/index.php?rest_route=\/wp\/v2\/posts\/18582\/revisions"}],"predecessor-version":[{"id":18593,"href":"https:\/\/www.friedenkoeln.de\/index.php?rest_route=\/wp\/v2\/posts\/18582\/revisions\/18593"}],"wp:featuredmedia":[{"embeddable":true,"href":"https:\/\/www.friedenkoeln.de\/index.php?rest_route=\/wp\/v2\/media\/18586"}],"wp:attachment":[{"href":"https:\/\/www.friedenkoeln.de\/index.php?rest_route=%2Fwp%2Fv2%2Fmedia&parent=18582"}],"wp:term":[{"taxonomy":"category","embeddable":true,"href":"https:\/\/www.friedenkoeln.de\/index.php?rest_route=%2Fwp%2Fv2%2Fcategories&post=18582"},{"taxonomy":"post_tag","embeddable":true,"href":"https:\/\/www.friedenkoeln.de\/index.php?rest_route=%2Fwp%2Fv2%2Ftags&post=18582"}],"curies":[{"name":"wp","href":"https:\/\/api.w.org\/{rel}","templated":true}]}}